{"id":8947,"date":"2023-12-15T13:25:06","date_gmt":"2023-12-15T12:25:06","guid":{"rendered":"https:\/\/heimathub.de\/?p=8947"},"modified":"2024-01-02T10:47:20","modified_gmt":"2024-01-02T09:47:20","slug":"heimathub-ungeloest-01-wer-kennt-den-ort-einer-der-aeltesten-aufnahmen-unserer-region","status":"publish","type":"post","link":"https:\/\/heimathub.de\/heimathub-ungeloest-01-wer-kennt-den-ort-einer-der-aeltesten-aufnahmen-unserer-region\/","title":{"rendered":"Heimathub ungel\u00f6st #01 \u2013 Wer kennt den Ort einer der \u00e4ltesten Aufnahmen unserer Region?"},"content":{"rendered":"<figure id=\"attachment_8948\" aria-describedby=\"caption-attachment-8948\" style=\"width: 640px\" class=\"wp-caption alignnone\"><a href=\"https:\/\/heimathub.de\/archive\/philipp-wirth-unbekannter-ort-in-der-region-um-1850\/\"><img loading=\"lazy\" decoding=\"async\" class=\"size-large wp-image-8948\" src=\"https:\/\/heimathub.de\/wp-content\/uploads\/2023\/12\/Bild-009-Nr.-BF-628-714x1024.jpg\" alt=\"\" width=\"640\" height=\"918\" srcset=\"https:\/\/heimathub.de\/wp-content\/uploads\/2023\/12\/Bild-009-Nr.-BF-628-714x1024.jpg 714w, https:\/\/heimathub.de\/wp-content\/uploads\/2023\/12\/Bild-009-Nr.-BF-628-558x800.jpg 558w, https:\/\/heimathub.de\/wp-content\/uploads\/2023\/12\/Bild-009-Nr.-BF-628-768x1101.jpg 768w, https:\/\/heimathub.de\/wp-content\/uploads\/2023\/12\/Bild-009-Nr.-BF-628-1071x1536.jpg 1071w, https:\/\/heimathub.de\/wp-content\/uploads\/2023\/12\/Bild-009-Nr.-BF-628-1428x2048.jpg 1428w, https:\/\/heimathub.de\/wp-content\/uploads\/2023\/12\/Bild-009-Nr.-BF-628-753x1080.jpg 753w, https:\/\/heimathub.de\/wp-content\/uploads\/2023\/12\/Bild-009-Nr.-BF-628-536x768.jpg 536w, https:\/\/heimathub.de\/wp-content\/uploads\/2023\/12\/Bild-009-Nr.-BF-628-402x576.jpg 402w, https:\/\/heimathub.de\/wp-content\/uploads\/2023\/12\/Bild-009-Nr.-BF-628-600x860.jpg 600w, https:\/\/heimathub.de\/wp-content\/uploads\/2023\/12\/Bild-009-Nr.-BF-628.jpg 1715w\" sizes=\"auto, (max-width: 640px) 100vw, 640px\" \/><\/a><figcaption id=\"caption-attachment-8948\" class=\"wp-caption-text\">Museen der Stadt Miltenberg \/ Archiv des Foto-Clubs Miltenberg<\/figcaption><\/figure>\n<p>Diese fototechnische Aufnahme aus der Region, in der nun unser Digitalprojekt Heimathub aktiv werden darf, stammt vom Miltenberger Maler, Zeichner und Fotograf <strong>Philipp Wirth<\/strong> (1808-1878). Es ist sicher eine der \u00e4ltesten fototechnischen Abbildungen aus unserer Gegend und sie d\u00fcrfte etwa aus der Zeit der Deutschen Revolution 1848\/1849 stammen. Vielleicht gelingt es zum denkbaren 175. Entstehungsjahr den Ort der Aufnahme herauszufinden? Ihr Wissen ist gefragt! So grunds\u00e4tzlich neu wie damals die M\u00f6glichkeiten der Fotografie ist die digitale Welt nicht mehr ganz, aber erst jetzt bieten sich f\u00fcr unsere Region vielf\u00e4ltige M\u00f6glichkeiten der Vernetzung. Wer kann hier zur Aufkl\u00e4rung beitragen?<\/p>\n<p>Das Archiv des Foto-Clubs Miltenberg verwahrt dieses einzigartige Dokument. Es handelt sich um eine sogenannte Kalotypie, ein um 1835 von William Henry Fox Talbot (1800\u20131877) erfundenes und 1841 patentiertes Aufnahmeverfahren der Fotografie, das erstmals die M\u00f6glichkeit bot beliebig viele Kontaktabz\u00fcge von einem Negativ zu erzeugen. Die Aufnahmen konnten in kleineren Kameras auf mit lichtempfindlichem Silberjodid beschichteten Papierst\u00fccken gemacht werden. Anschlie\u00dfend wurden sie entwickelt und konnten vervielf\u00e4ltigt werden. Diese M\u00f6glichkeit bot den entscheidenden Fortschritt gegen\u00fcber der bekanntere Daguerreotypie, bei der nur ein Exemplar gefertigt werden konnte.<\/p>\n<p>Der Miltenberger Philipp Wirth, der als Maler und Zeichner in W\u00fcrzburg, anschlie\u00dfend in M\u00fcnchen bei Peter Cornelius und noch in Wien bei Friedrich von Amerling ausgebildet wurde, hatte bereits in jungen Jahren eine beeindruckende K\u00fcnstlerkarriere gemacht. Er war in den europ\u00e4ischen K\u00fcnstlermetropolen wie London und in den Jahren 1843-1844 auch in Paris aktiv. Es ist denkbar, dass er dort die Technik der Kalotypie kennengelernt hat. Belegt ist, dass er sich 1845 in seiner Heimatstadt Miltenberg niederlie\u00df und 1848 mit der Fotografie begann. Im n\u00e4chsten Jahr er\u00f6ffnete er mit seinem Bruder Franz Joseph Wirth ein eigenes Atelier f\u00fcr Portraitfotografie. Nach zwei Jahren mussten die Br\u00fcder wohl wieder schlie\u00dfen, jedoch sind aus dieser Zeit noch 14 Portraits erhalten, die im Atelier der Gebr\u00fcder Wirth angefertigt wurden. Ihr Atelier war in der Region das einzige neben dem des Erfurters Hase in W\u00fcrzburg (er\u00f6ffnet 1849) und dem des Lithografen F.C. Vogel und des Jacob Seib in Frankfurt, dem wir die Portraits der Abgeordneten der Nationalversammlung von 1848 und Arthur Schopenhauers verdanken. Die Br\u00fcder Wirth boten in Miltenberg nachtr\u00e4glich von ihnen kolorierte Kalotypien an. Sie k\u00f6nnen f\u00fcr unsere Region als Pioniere angesehen werden, denn erst in der Folge er\u00f6ffneten sukzessive weitere Fotoateliers.<\/p>\n<figure id=\"attachment_8950\" aria-describedby=\"caption-attachment-8950\" style=\"width: 344px\" class=\"wp-caption alignnone\"><a href=\"https:\/\/heimathub.de\/archive\/philipp-wirth-selbstportrait-um-1850\/\"><img loading=\"lazy\" decoding=\"async\" class=\" wp-image-8950\" src=\"https:\/\/heimathub.de\/wp-content\/uploads\/2023\/12\/Philipp-Wirth-1808-1878-um-1850-Bild-006-Nr.-220-703x800.jpg\" alt=\"\" width=\"344\" height=\"391\" srcset=\"https:\/\/heimathub.de\/wp-content\/uploads\/2023\/12\/Philipp-Wirth-1808-1878-um-1850-Bild-006-Nr.-220-703x800.jpg 703w, https:\/\/heimathub.de\/wp-content\/uploads\/2023\/12\/Philipp-Wirth-1808-1878-um-1850-Bild-006-Nr.-220-900x1024.jpg 900w, https:\/\/heimathub.de\/wp-content\/uploads\/2023\/12\/Philipp-Wirth-1808-1878-um-1850-Bild-006-Nr.-220-768x874.jpg 768w, https:\/\/heimathub.de\/wp-content\/uploads\/2023\/12\/Philipp-Wirth-1808-1878-um-1850-Bild-006-Nr.-220-1350x1536.jpg 1350w, https:\/\/heimathub.de\/wp-content\/uploads\/2023\/12\/Philipp-Wirth-1808-1878-um-1850-Bild-006-Nr.-220-1800x2048.jpg 1800w, https:\/\/heimathub.de\/wp-content\/uploads\/2023\/12\/Philipp-Wirth-1808-1878-um-1850-Bild-006-Nr.-220-949x1080.jpg 949w, https:\/\/heimathub.de\/wp-content\/uploads\/2023\/12\/Philipp-Wirth-1808-1878-um-1850-Bild-006-Nr.-220-675x768.jpg 675w, https:\/\/heimathub.de\/wp-content\/uploads\/2023\/12\/Philipp-Wirth-1808-1878-um-1850-Bild-006-Nr.-220-506x576.jpg 506w, https:\/\/heimathub.de\/wp-content\/uploads\/2023\/12\/Philipp-Wirth-1808-1878-um-1850-Bild-006-Nr.-220-600x683.jpg 600w\" sizes=\"auto, (max-width: 344px) 100vw, 344px\" \/><\/a><figcaption id=\"caption-attachment-8950\" class=\"wp-caption-text\">Spessartmuseum Lohr<\/figcaption><\/figure>\n<p><em>Eine Fotografie von Edgar Degas? Nicht ganz &#8211; dies ist eine Kalotypie des entschlossen wirkenden, damals etwa vierzigj\u00e4hrigen K\u00fcnstlers und Fotografen Phillipp Wirth. <\/em><\/p>\n<figure id=\"attachment_8951\" aria-describedby=\"caption-attachment-8951\" style=\"width: 347px\" class=\"wp-caption alignnone\"><a href=\"https:\/\/heimathub.de\/archive\/philipp-wirth-portrait-des-michael-joseph-wirth-1775-1864\/\"><img loading=\"lazy\" decoding=\"async\" class=\" wp-image-8951\" src=\"https:\/\/heimathub.de\/wp-content\/uploads\/2023\/12\/Michael-Joseph-Wirth-1775-1864-RatsschultheissChronist-Hutmacher-um-1850-Bild-010-Nr.-B268-609x800.jpg\" alt=\"\" width=\"347\" height=\"456\" srcset=\"https:\/\/heimathub.de\/wp-content\/uploads\/2023\/12\/Michael-Joseph-Wirth-1775-1864-RatsschultheissChronist-Hutmacher-um-1850-Bild-010-Nr.-B268-609x800.jpg 609w, https:\/\/heimathub.de\/wp-content\/uploads\/2023\/12\/Michael-Joseph-Wirth-1775-1864-RatsschultheissChronist-Hutmacher-um-1850-Bild-010-Nr.-B268-779x1024.jpg 779w, https:\/\/heimathub.de\/wp-content\/uploads\/2023\/12\/Michael-Joseph-Wirth-1775-1864-RatsschultheissChronist-Hutmacher-um-1850-Bild-010-Nr.-B268-768x1009.jpg 768w, https:\/\/heimathub.de\/wp-content\/uploads\/2023\/12\/Michael-Joseph-Wirth-1775-1864-RatsschultheissChronist-Hutmacher-um-1850-Bild-010-Nr.-B268-1169x1536.jpg 1169w, https:\/\/heimathub.de\/wp-content\/uploads\/2023\/12\/Michael-Joseph-Wirth-1775-1864-RatsschultheissChronist-Hutmacher-um-1850-Bild-010-Nr.-B268-1558x2048.jpg 1558w, https:\/\/heimathub.de\/wp-content\/uploads\/2023\/12\/Michael-Joseph-Wirth-1775-1864-RatsschultheissChronist-Hutmacher-um-1850-Bild-010-Nr.-B268-822x1080.jpg 822w, https:\/\/heimathub.de\/wp-content\/uploads\/2023\/12\/Michael-Joseph-Wirth-1775-1864-RatsschultheissChronist-Hutmacher-um-1850-Bild-010-Nr.-B268-584x768.jpg 584w, https:\/\/heimathub.de\/wp-content\/uploads\/2023\/12\/Michael-Joseph-Wirth-1775-1864-RatsschultheissChronist-Hutmacher-um-1850-Bild-010-Nr.-B268-438x576.jpg 438w, https:\/\/heimathub.de\/wp-content\/uploads\/2023\/12\/Michael-Joseph-Wirth-1775-1864-RatsschultheissChronist-Hutmacher-um-1850-Bild-010-Nr.-B268-600x789.jpg 600w, https:\/\/heimathub.de\/wp-content\/uploads\/2023\/12\/Michael-Joseph-Wirth-1775-1864-RatsschultheissChronist-Hutmacher-um-1850-Bild-010-Nr.-B268-scaled.jpg 1948w\" sizes=\"auto, (max-width: 347px) 100vw, 347px\" \/><\/a><figcaption id=\"caption-attachment-8951\" class=\"wp-caption-text\">Quelle: Spessartmuseum Lohr<\/figcaption><\/figure>\n<p><em>Auch dies ist nat\u00fcrlich nicht Abraham Lincoln, sondern der etwa 75j\u00e4hrige Michael Joseph Wirth &#8211;<\/em><em> Miltenberger Ratsschulthei\u00df, Chronist und Hutmacher \u2013 Vater der beiden K\u00fcnstlerpioniere (1775-1864). <\/em><\/p>\n<p>Eine seiner Aufnahmen f\u00e4llt aus der Reihe. Sie zeigt kein Portrait, sondern eine st\u00e4dtische Szenerie mit H\u00e4userreihen und zwei Staffagefiguren. Sie \u00e4hnelt in der Komposition denjenigen, die William Henry Fox Talbot zu Werbezwecken angefertigt hatte. Es ist jedoch bis heute nicht gelungen den Aufnahmeort zu identifizieren. Hier kommt das partizipative Element der Plattform Heimathub zum Tragen, denn Sie als Leser: innen und Beitr\u00e4ger: innen kennen vielleicht die L\u00f6sung!<\/p>\n<p>Gerne k\u00f6nnen Sie Ihre Ideen und Mutma\u00dfungen mit einem Vergleichsfoto und m\u00f6glichst aus der\u00a0 gleichen Perspektive unter <a href=\"mailto:gemuenden@heimathub.de\">gemuenden@heimathub.de<\/a> oder <a href=\"mailto:spessartmuseum@Lramsp.de\">spessartmuseum@Lramsp.de<\/a> einsenden.<\/p>\n<p>F\u00fcr die Bereitstellung der Informationen und der Abbildungen besten Dank an das <a href=\"https:\/\/heimathub.de\/institution\/spessartmuseum-lohr-am-main\/\">Spessartmuseum Lohr<\/a>!<\/p>\n","protected":false},"excerpt":{"rendered":"<p>Diese fototechnische Aufnahme aus der Region, in der nun unser Digitalprojekt Heimathub aktiv werden darf, stammt vom Miltenberger Maler, Zeichner und Fotograf Philipp Wirth (1808-1878). Es ist sicher eine der [&hellip;]<\/p>\n","protected":false},"author":91,"featured_media":8948,"comment_status":"open","ping_status":"open","sticky":false,"template":"","format":"standard","meta":{"_acf_changed":false,"_price":"","_stock":"","_tribe_ticket_header":"","_tribe_default_ticket_provider":"","_tribe_ticket_capacity":"0","_ticket_start_date":"","_ticket_end_date":"","_tribe_ticket_show_description":"","_tribe_ticket_show_not_going":false,"_tribe_ticket_use_global_stock":"","_tribe_ticket_global_stock_level":"","_global_stock_mode":"","_global_stock_cap":"","_tribe_rsvp_for_event":"","_tribe_ticket_going_count":"","_tribe_ticket_not_going_count":"","_tribe_tickets_list":"[]","_tribe_ticket_has_attendee_info_fields":false,"footnotes":""},"categories":[1,9,17],"tags":[505,506,507,508,509,216,502,503,504],"post-format":[],"post-content":[50,47],"class_list":["post-8947","post","type-post","status-publish","format-standard","has-post-thumbnail","hentry","category-alltag","category-architektur","category-kunst-und-kultur","tag-fotografie","tag-photographie","tag-kalotypie","tag-philipp-wirth","tag-wirth-philipp","tag-miltenberg","tag-strassenzeile","tag-haeuserreihe","tag-unbekannter-ort","content-image","content-text"],"acf":[],"yoast_head":"<!-- This site is optimized with the Yoast SEO plugin v27.4 - https:\/\/yoast.com\/product\/yoast-seo-wordpress\/ -->\n<title>Heimathub ungel\u00f6st #01 \u2013 Wer kennt den Ort einer der \u00e4ltesten Aufnahmen unserer Region? - heimat:hub<\/title>\n<meta name=\"robots\" content=\"index, follow, max-snippet:-1, max-image-preview:large, max-video-preview:-1\" \/>\n<link rel=\"canonical\" href=\"https:\/\/heimathub.de\/heimathub-ungeloest-01-wer-kennt-den-ort-einer-der-aeltesten-aufnahmen-unserer-region\/\" \/>\n<meta property=\"og:locale\" content=\"de_DE\" \/>\n<meta property=\"og:type\" content=\"article\" \/>\n<meta property=\"og:title\" content=\"Heimathub ungel\u00f6st #01 \u2013 Wer kennt den Ort einer der \u00e4ltesten Aufnahmen unserer Region? - heimat:hub\" \/>\n<meta property=\"og:description\" content=\"Diese fototechnische Aufnahme aus der Region, in der nun unser Digitalprojekt Heimathub aktiv werden darf, stammt vom Miltenberger Maler, Zeichner und Fotograf Philipp Wirth (1808-1878). Es ist sicher eine der [&hellip;]\" \/>\n<meta property=\"og:url\" content=\"https:\/\/heimathub.de\/heimathub-ungeloest-01-wer-kennt-den-ort-einer-der-aeltesten-aufnahmen-unserer-region\/\" \/>\n<meta property=\"og:site_name\" content=\"heimat:hub\" \/>\n<meta property=\"article:published_time\" content=\"2023-12-15T12:25:06+00:00\" \/>\n<meta property=\"article:modified_time\" content=\"2024-01-02T09:47:20+00:00\" \/>\n<meta property=\"og:image\" content=\"https:\/\/heimathub.de\/wp-content\/uploads\/2023\/12\/Bild-009-Nr.-BF-628.jpg\" \/>\n\t<meta property=\"og:image:width\" content=\"1715\" \/>\n\t<meta property=\"og:image:height\" content=\"2459\" \/>\n\t<meta property=\"og:image:type\" content=\"image\/jpeg\" \/>\n<meta name=\"author\" content=\"Julius Goldmann\" \/>\n<meta name=\"twitter:card\" content=\"summary_large_image\" \/>\n<meta name=\"twitter:label1\" content=\"Verfasst von\" \/>\n\t<meta name=\"twitter:data1\" content=\"Julius Goldmann\" \/>\n\t<meta name=\"twitter:label2\" content=\"Gesch\u00e4tzte Lesezeit\" \/>\n\t<meta name=\"twitter:data2\" content=\"4\u00a0Minuten\" \/>\n<script type=\"application\/ld+json\" class=\"yoast-schema-graph\">{\"@context\":\"https:\\\/\\\/schema.org\",\"@graph\":[{\"@type\":\"Article\",\"@id\":\"https:\\\/\\\/heimathub.de\\\/heimathub-ungeloest-01-wer-kennt-den-ort-einer-der-aeltesten-aufnahmen-unserer-region\\\/#article\",\"isPartOf\":{\"@id\":\"https:\\\/\\\/heimathub.de\\\/heimathub-ungeloest-01-wer-kennt-den-ort-einer-der-aeltesten-aufnahmen-unserer-region\\\/\"},\"author\":{\"name\":\"Julius Goldmann\",\"@id\":\"https:\\\/\\\/heimathub.de\\\/#\\\/schema\\\/person\\\/c3a8e476509a4f6ad51cd54a0554059a\"},\"headline\":\"Heimathub ungel\u00f6st #01 \u2013 Wer kennt den Ort einer der \u00e4ltesten Aufnahmen unserer Region?\",\"datePublished\":\"2023-12-15T12:25:06+00:00\",\"dateModified\":\"2024-01-02T09:47:20+00:00\",\"mainEntityOfPage\":{\"@id\":\"https:\\\/\\\/heimathub.de\\\/heimathub-ungeloest-01-wer-kennt-den-ort-einer-der-aeltesten-aufnahmen-unserer-region\\\/\"},\"wordCount\":620,\"commentCount\":0,\"image\":{\"@id\":\"https:\\\/\\\/heimathub.de\\\/heimathub-ungeloest-01-wer-kennt-den-ort-einer-der-aeltesten-aufnahmen-unserer-region\\\/#primaryimage\"},\"thumbnailUrl\":\"https:\\\/\\\/heimathub.de\\\/wp-content\\\/uploads\\\/2023\\\/12\\\/Bild-009-Nr.-BF-628.jpg\",\"keywords\":[\"Fotografie\",\"Photographie\",\"Kalotypie\",\"Philipp Wirth\",\"Wirth Philipp\",\"Miltenberg\",\"Stra\u00dfenzeile\",\"H\u00e4userreihe\",\"unbekannter Ort\"],\"articleSection\":[\"Alltag\",\"Architektur\",\"Kunst und Kultur\"],\"inLanguage\":\"de\",\"potentialAction\":[{\"@type\":\"CommentAction\",\"name\":\"Comment\",\"target\":[\"https:\\\/\\\/heimathub.de\\\/heimathub-ungeloest-01-wer-kennt-den-ort-einer-der-aeltesten-aufnahmen-unserer-region\\\/#respond\"]}]},{\"@type\":\"WebPage\",\"@id\":\"https:\\\/\\\/heimathub.de\\\/heimathub-ungeloest-01-wer-kennt-den-ort-einer-der-aeltesten-aufnahmen-unserer-region\\\/\",\"url\":\"https:\\\/\\\/heimathub.de\\\/heimathub-ungeloest-01-wer-kennt-den-ort-einer-der-aeltesten-aufnahmen-unserer-region\\\/\",\"name\":\"Heimathub ungel\u00f6st #01 \u2013 Wer kennt den Ort einer der \u00e4ltesten Aufnahmen unserer Region? - heimat:hub\",\"isPartOf\":{\"@id\":\"https:\\\/\\\/heimathub.de\\\/#website\"},\"primaryImageOfPage\":{\"@id\":\"https:\\\/\\\/heimathub.de\\\/heimathub-ungeloest-01-wer-kennt-den-ort-einer-der-aeltesten-aufnahmen-unserer-region\\\/#primaryimage\"},\"image\":{\"@id\":\"https:\\\/\\\/heimathub.de\\\/heimathub-ungeloest-01-wer-kennt-den-ort-einer-der-aeltesten-aufnahmen-unserer-region\\\/#primaryimage\"},\"thumbnailUrl\":\"https:\\\/\\\/heimathub.de\\\/wp-content\\\/uploads\\\/2023\\\/12\\\/Bild-009-Nr.-BF-628.jpg\",\"datePublished\":\"2023-12-15T12:25:06+00:00\",\"dateModified\":\"2024-01-02T09:47:20+00:00\",\"author\":{\"@id\":\"https:\\\/\\\/heimathub.de\\\/#\\\/schema\\\/person\\\/c3a8e476509a4f6ad51cd54a0554059a\"},\"breadcrumb\":{\"@id\":\"https:\\\/\\\/heimathub.de\\\/heimathub-ungeloest-01-wer-kennt-den-ort-einer-der-aeltesten-aufnahmen-unserer-region\\\/#breadcrumb\"},\"inLanguage\":\"de\",\"potentialAction\":[{\"@type\":\"ReadAction\",\"target\":[\"https:\\\/\\\/heimathub.de\\\/heimathub-ungeloest-01-wer-kennt-den-ort-einer-der-aeltesten-aufnahmen-unserer-region\\\/\"]}]},{\"@type\":\"ImageObject\",\"inLanguage\":\"de\",\"@id\":\"https:\\\/\\\/heimathub.de\\\/heimathub-ungeloest-01-wer-kennt-den-ort-einer-der-aeltesten-aufnahmen-unserer-region\\\/#primaryimage\",\"url\":\"https:\\\/\\\/heimathub.de\\\/wp-content\\\/uploads\\\/2023\\\/12\\\/Bild-009-Nr.-BF-628.jpg\",\"contentUrl\":\"https:\\\/\\\/heimathub.de\\\/wp-content\\\/uploads\\\/2023\\\/12\\\/Bild-009-Nr.-BF-628.jpg\",\"width\":1715,\"height\":2459,\"caption\":\"Quelle: Museen der Stadt Miltenberg \\\/ Archiv des Foto-Clubs Miltenberg\"},{\"@type\":\"BreadcrumbList\",\"@id\":\"https:\\\/\\\/heimathub.de\\\/heimathub-ungeloest-01-wer-kennt-den-ort-einer-der-aeltesten-aufnahmen-unserer-region\\\/#breadcrumb\",\"itemListElement\":[{\"@type\":\"ListItem\",\"position\":1,\"name\":\"Startseite\",\"item\":\"https:\\\/\\\/heimathub.de\\\/\"},{\"@type\":\"ListItem\",\"position\":2,\"name\":\"Journal\",\"item\":\"https:\\\/\\\/heimathub.de\\\/journal\\\/\"},{\"@type\":\"ListItem\",\"position\":3,\"name\":\"Heimathub ungel\u00f6st #01 \u2013 Wer kennt den Ort einer der \u00e4ltesten Aufnahmen unserer Region?\"}]},{\"@type\":\"WebSite\",\"@id\":\"https:\\\/\\\/heimathub.de\\\/#website\",\"url\":\"https:\\\/\\\/heimathub.de\\\/\",\"name\":\"heimat:hub\",\"description\":\"\",\"potentialAction\":[{\"@type\":\"SearchAction\",\"target\":{\"@type\":\"EntryPoint\",\"urlTemplate\":\"https:\\\/\\\/heimathub.de\\\/?s={search_term_string}\"},\"query-input\":{\"@type\":\"PropertyValueSpecification\",\"valueRequired\":true,\"valueName\":\"search_term_string\"}}],\"inLanguage\":\"de\"},{\"@type\":\"Person\",\"@id\":\"https:\\\/\\\/heimathub.de\\\/#\\\/schema\\\/person\\\/c3a8e476509a4f6ad51cd54a0554059a\",\"name\":\"Julius Goldmann\",\"image\":{\"@type\":\"ImageObject\",\"inLanguage\":\"de\",\"@id\":\"https:\\\/\\\/heimathub.de\\\/wp-content\\\/uploads\\\/tml-avatars\\\/Julius2.jpg\",\"url\":\"https:\\\/\\\/heimathub.de\\\/wp-content\\\/uploads\\\/tml-avatars\\\/Julius2.jpg\",\"contentUrl\":\"https:\\\/\\\/heimathub.de\\\/wp-content\\\/uploads\\\/tml-avatars\\\/Julius2.jpg\",\"caption\":\"Julius Goldmann\"},\"description\":\"Dr. Julius Goldmann M.A. - Romanist und Kunsthistoriker, interessiert sich f\u00fcr die Stadtgeschichte Aschaffenburgs sowie die des Umlandes. Besondere Freude hat er am neugierigen Gespr\u00e4ch mit Zeitzeugen und anderen Interessierten.\",\"url\":\"https:\\\/\\\/heimathub.de\\\/author\\\/julius\\\/\"}]}<\/script>\n<!-- \/ Yoast SEO plugin. -->","yoast_head_json":{"title":"Heimathub ungel\u00f6st #01 \u2013 Wer kennt den Ort einer der \u00e4ltesten Aufnahmen unserer Region? - heimat:hub","robots":{"index":"index","follow":"follow","max-snippet":"max-snippet:-1","max-image-preview":"max-image-preview:large","max-video-preview":"max-video-preview:-1"},"canonical":"https:\/\/heimathub.de\/heimathub-ungeloest-01-wer-kennt-den-ort-einer-der-aeltesten-aufnahmen-unserer-region\/","og_locale":"de_DE","og_type":"article","og_title":"Heimathub ungel\u00f6st #01 \u2013 Wer kennt den Ort einer der \u00e4ltesten Aufnahmen unserer Region? - heimat:hub","og_description":"Diese fototechnische Aufnahme aus der Region, in der nun unser Digitalprojekt Heimathub aktiv werden darf, stammt vom Miltenberger Maler, Zeichner und Fotograf Philipp Wirth (1808-1878). Es ist sicher eine der [&hellip;]","og_url":"https:\/\/heimathub.de\/heimathub-ungeloest-01-wer-kennt-den-ort-einer-der-aeltesten-aufnahmen-unserer-region\/","og_site_name":"heimat:hub","article_published_time":"2023-12-15T12:25:06+00:00","article_modified_time":"2024-01-02T09:47:20+00:00","og_image":[{"width":1715,"height":2459,"url":"https:\/\/heimathub.de\/wp-content\/uploads\/2023\/12\/Bild-009-Nr.-BF-628.jpg","type":"image\/jpeg"}],"author":"Julius Goldmann","twitter_card":"summary_large_image","twitter_misc":{"Verfasst von":"Julius Goldmann","Gesch\u00e4tzte Lesezeit":"4\u00a0Minuten"},"schema":{"@context":"https:\/\/schema.org","@graph":[{"@type":"Article","@id":"https:\/\/heimathub.de\/heimathub-ungeloest-01-wer-kennt-den-ort-einer-der-aeltesten-aufnahmen-unserer-region\/#article","isPartOf":{"@id":"https:\/\/heimathub.de\/heimathub-ungeloest-01-wer-kennt-den-ort-einer-der-aeltesten-aufnahmen-unserer-region\/"},"author":{"name":"Julius Goldmann","@id":"https:\/\/heimathub.de\/#\/schema\/person\/c3a8e476509a4f6ad51cd54a0554059a"},"headline":"Heimathub ungel\u00f6st #01 \u2013 Wer kennt den Ort einer der \u00e4ltesten Aufnahmen unserer Region?","datePublished":"2023-12-15T12:25:06+00:00","dateModified":"2024-01-02T09:47:20+00:00","mainEntityOfPage":{"@id":"https:\/\/heimathub.de\/heimathub-ungeloest-01-wer-kennt-den-ort-einer-der-aeltesten-aufnahmen-unserer-region\/"},"wordCount":620,"commentCount":0,"image":{"@id":"https:\/\/heimathub.de\/heimathub-ungeloest-01-wer-kennt-den-ort-einer-der-aeltesten-aufnahmen-unserer-region\/#primaryimage"},"thumbnailUrl":"https:\/\/heimathub.de\/wp-content\/uploads\/2023\/12\/Bild-009-Nr.-BF-628.jpg","keywords":["Fotografie","Photographie","Kalotypie","Philipp Wirth","Wirth Philipp","Miltenberg","Stra\u00dfenzeile","H\u00e4userreihe","unbekannter Ort"],"articleSection":["Alltag","Architektur","Kunst und Kultur"],"inLanguage":"de","potentialAction":[{"@type":"CommentAction","name":"Comment","target":["https:\/\/heimathub.de\/heimathub-ungeloest-01-wer-kennt-den-ort-einer-der-aeltesten-aufnahmen-unserer-region\/#respond"]}]},{"@type":"WebPage","@id":"https:\/\/heimathub.de\/heimathub-ungeloest-01-wer-kennt-den-ort-einer-der-aeltesten-aufnahmen-unserer-region\/","url":"https:\/\/heimathub.de\/heimathub-ungeloest-01-wer-kennt-den-ort-einer-der-aeltesten-aufnahmen-unserer-region\/","name":"Heimathub ungel\u00f6st #01 \u2013 Wer kennt den Ort einer der \u00e4ltesten Aufnahmen unserer Region? - heimat:hub","isPartOf":{"@id":"https:\/\/heimathub.de\/#website"},"primaryImageOfPage":{"@id":"https:\/\/heimathub.de\/heimathub-ungeloest-01-wer-kennt-den-ort-einer-der-aeltesten-aufnahmen-unserer-region\/#primaryimage"},"image":{"@id":"https:\/\/heimathub.de\/heimathub-ungeloest-01-wer-kennt-den-ort-einer-der-aeltesten-aufnahmen-unserer-region\/#primaryimage"},"thumbnailUrl":"https:\/\/heimathub.de\/wp-content\/uploads\/2023\/12\/Bild-009-Nr.-BF-628.jpg","datePublished":"2023-12-15T12:25:06+00:00","dateModified":"2024-01-02T09:47:20+00:00","author":{"@id":"https:\/\/heimathub.de\/#\/schema\/person\/c3a8e476509a4f6ad51cd54a0554059a"},"breadcrumb":{"@id":"https:\/\/heimathub.de\/heimathub-ungeloest-01-wer-kennt-den-ort-einer-der-aeltesten-aufnahmen-unserer-region\/#breadcrumb"},"inLanguage":"de","potentialAction":[{"@type":"ReadAction","target":["https:\/\/heimathub.de\/heimathub-ungeloest-01-wer-kennt-den-ort-einer-der-aeltesten-aufnahmen-unserer-region\/"]}]},{"@type":"ImageObject","inLanguage":"de","@id":"https:\/\/heimathub.de\/heimathub-ungeloest-01-wer-kennt-den-ort-einer-der-aeltesten-aufnahmen-unserer-region\/#primaryimage","url":"https:\/\/heimathub.de\/wp-content\/uploads\/2023\/12\/Bild-009-Nr.-BF-628.jpg","contentUrl":"https:\/\/heimathub.de\/wp-content\/uploads\/2023\/12\/Bild-009-Nr.-BF-628.jpg","width":1715,"height":2459,"caption":"Quelle: Museen der Stadt Miltenberg \/ Archiv des Foto-Clubs Miltenberg"},{"@type":"BreadcrumbList","@id":"https:\/\/heimathub.de\/heimathub-ungeloest-01-wer-kennt-den-ort-einer-der-aeltesten-aufnahmen-unserer-region\/#breadcrumb","itemListElement":[{"@type":"ListItem","position":1,"name":"Startseite","item":"https:\/\/heimathub.de\/"},{"@type":"ListItem","position":2,"name":"Journal","item":"https:\/\/heimathub.de\/journal\/"},{"@type":"ListItem","position":3,"name":"Heimathub ungel\u00f6st #01 \u2013 Wer kennt den Ort einer der \u00e4ltesten Aufnahmen unserer Region?"}]},{"@type":"WebSite","@id":"https:\/\/heimathub.de\/#website","url":"https:\/\/heimathub.de\/","name":"heimat:hub","description":"","potentialAction":[{"@type":"SearchAction","target":{"@type":"EntryPoint","urlTemplate":"https:\/\/heimathub.de\/?s={search_term_string}"},"query-input":{"@type":"PropertyValueSpecification","valueRequired":true,"valueName":"search_term_string"}}],"inLanguage":"de"},{"@type":"Person","@id":"https:\/\/heimathub.de\/#\/schema\/person\/c3a8e476509a4f6ad51cd54a0554059a","name":"Julius Goldmann","image":{"@type":"ImageObject","inLanguage":"de","@id":"https:\/\/heimathub.de\/wp-content\/uploads\/tml-avatars\/Julius2.jpg","url":"https:\/\/heimathub.de\/wp-content\/uploads\/tml-avatars\/Julius2.jpg","contentUrl":"https:\/\/heimathub.de\/wp-content\/uploads\/tml-avatars\/Julius2.jpg","caption":"Julius Goldmann"},"description":"Dr. Julius Goldmann M.A. - Romanist und Kunsthistoriker, interessiert sich f\u00fcr die Stadtgeschichte Aschaffenburgs sowie die des Umlandes. Besondere Freude hat er am neugierigen Gespr\u00e4ch mit Zeitzeugen und anderen Interessierten.","url":"https:\/\/heimathub.de\/author\/julius\/"}]}},"_links":{"self":[{"href":"https:\/\/heimathub.de\/data\/wp\/v2\/posts\/8947","targetHints":{"allow":["GET"]}}],"collection":[{"href":"https:\/\/heimathub.de\/data\/wp\/v2\/posts"}],"about":[{"href":"https:\/\/heimathub.de\/data\/wp\/v2\/types\/post"}],"author":[{"embeddable":true,"href":"https:\/\/heimathub.de\/data\/wp\/v2\/users\/91"}],"replies":[{"embeddable":true,"href":"https:\/\/heimathub.de\/data\/wp\/v2\/comments?post=8947"}],"version-history":[{"count":13,"href":"https:\/\/heimathub.de\/data\/wp\/v2\/posts\/8947\/revisions"}],"predecessor-version":[{"id":9150,"href":"https:\/\/heimathub.de\/data\/wp\/v2\/posts\/8947\/revisions\/9150"}],"wp:featuredmedia":[{"embeddable":true,"href":"https:\/\/heimathub.de\/data\/wp\/v2\/media\/8948"}],"wp:attachment":[{"href":"https:\/\/heimathub.de\/data\/wp\/v2\/media?parent=8947"}],"wp:term":[{"taxonomy":"category","embeddable":true,"href":"https:\/\/heimathub.de\/data\/wp\/v2\/categories?post=8947"},{"taxonomy":"post_tag","embeddable":true,"href":"https:\/\/heimathub.de\/data\/wp\/v2\/tags?post=8947"},{"taxonomy":"format","embeddable":true,"href":"https:\/\/heimathub.de\/data\/wp\/v2\/post-format?post=8947"},{"taxonomy":"content","embeddable":true,"href":"https:\/\/heimathub.de\/data\/wp\/v2\/post-content?post=8947"}],"curies":[{"name":"wp","href":"https:\/\/api.w.org\/{rel}","templated":true}]}}