{"id":8915,"date":"2023-12-12T15:37:08","date_gmt":"2023-12-12T14:37:08","guid":{"rendered":"https:\/\/heimathub.de\/?p=8915"},"modified":"2023-12-13T10:56:56","modified_gmt":"2023-12-13T09:56:56","slug":"allsemol-dengg-isch-noch-droau","status":"publish","type":"post","link":"https:\/\/heimathub.de\/allsemol-dengg-isch-noch-droau\/","title":{"rendered":"Allsemol dengg isch noch droau"},"content":{"rendered":"<h2>Neues Buch vom Heimat- und Geschichtsverein Wenigumstadt<\/h2>\n<p>Der <a href=\"https:\/\/www.hgv-wenigumstadt.de\/\">HGV Wenigumstadt<\/a> bringt ein neues Buch heraus. Worum geht es dabei?<\/p>\n<p>Im Fr\u00fchjahr hat Edmund Jakob eine Sammlung von Geschichten, Bildern, Gedichten und einem Mundart-W\u00f6rterbuch \u00fcber den Ehrenvorsitzenden des HGV, G\u00fcnter Deboy, an den Verein \u00fcbergeben. Bei der Vorstellung in der Vorstandschaft bestand sofort Einigkeit, dass man daraus ein Buch machen sollte, und umgehend begann die Arbeit mit Volldampf, damit es bei der Jubil\u00e4umsfeier des HGV am 30. September vorgestellt werden kann. Der Titel des Buches lautet: \u201e<strong>Allsemol dengg isch noch droau<\/strong>.\u201c (Von Zeit zu Zeit denke ich wieder daran.) Es geht um Dinge aus der Vergangenheit, wie sie Edmund als Kind und Jugendlicher erlebt hat.<\/p>\n<p><strong>Der erste Teil<\/strong> des Buches umfasst 50 Geschichten, die er aufgeschrieben hat. Der Clou dabei: Er hat jede Geschichte zweimal geschrieben, einmal in Wilschenimschder Mundart und einmal in Hochdeutsch, also sozusagen \u201ezweisprachig\u201c. Dabei steht die Mundart-Geschichte immer auf der linken Seite, die \u201e\u00dcbersetzung\u201c genau gegen\u00fcber auf der rechten Seite. Wer also der Mundart nicht m\u00e4chtig ist, kann auf der gegen\u00fcber liegenden Seite nachschauen. Oder man liest zuerst die hochdeutsche Geschichte und dann die andere Seite, denn die Mundart-Schreibweise ist f\u00fcr Unge\u00fcbte manchmal recht schwierig zu lesen.<\/p>\n<p>Die Themen sind aus dem Leben einer kleinb\u00e4uerlichen Familie in einem Dorf gegriffen: Tageslauf, Jahreslauf, Lebenslauf, Arbeit, Spiel, Feiertage usw. mit \u00dcberschriften wie \u201eBudderfass unn Keesmadde\u201c, \u201eLaiskoamm unn Weschbrengge\u201c oder \u201eRaiwer unn Schoandarm\u201c. Diese Geschichten erz\u00e4hlen nicht nur aus dem Leben der Familie Jakob, sondern sie k\u00f6nnen exemplarisch stehen f\u00fcr das Leben der kleinb\u00e4uerlichen Familien in den D\u00f6rfern w\u00e4hrend des Zweiten Weltkriegs und in der Nachkriegszeit. Aufgelockert ist das Ganze durch \u00fcber 100 Bilder, die Edmund Jakob alle selbst in unterschiedlicher Technik gemalt und gezeichnet hat. Sie zeigen Szenen aus dem damaligen Leben sowie Ger\u00e4te aus dem Haushalt und aus der Landwirtschaft. Diese Bilder sind jeweils den passenden Geschichten zugeordnet.<\/p>\n<p><strong>Der zweite Teil<\/strong> ist wie ein zweisprachiges W\u00f6rterbuch aufgebaut. Er besteht aus zwei Abteilungen: zun\u00e4chst \u201eSoau hoaun merr s\u00e4llemools gebabbelt\u201c (So haben wir damals geredet.), also Dial\u00e4ggd &gt; Hoauchdeidsch, und dann umgekehrt Hochdeutsch &gt; Dialekt. Da kann man seine Mundartkenntnisse wieder auffrischen und neue (alte) W\u00f6rter lernen. Wer wei\u00df denn heute \u00fcberhaupt noch, was W\u00f6rter wie Bennsniggel, K\u00e4rfisch, Mollwerd, Schdenner oder gar P\u00e4ddseemedse bedeuten?<\/p>\n<p><strong>Im letzten Teil<\/strong> sind noch einige Gedichte von Edmund Jakob abgedruckt mit seinen Gedanken zur damaligen Zeit, wie z. B. \u201eRaafsches, Dobbsch unn Higgelschbiel\u201c und auch zur Zukunft: \u201eSoau koanns oafach nidd weirerg\u00e4i\u201c.<\/p>\n<p>Dass man daf\u00fcr fast 350 Seiten ben\u00f6tigt, \u00fcberrascht nicht. Dankenswerterweise \u00fcbernimmt die Marktgemeinde einen Teil der Kosten, so dass wir das imposante Buch sehr g\u00fcnstig verkaufen k\u00f6nnen. Es ist schon im Druck und steht ab Monatsende (September 2023) zum Verkauf bereit. Der Preis betr\u00e4gt 30 \u20ac. Kaufen kann man es w\u00e4hrend der Gesch\u00e4ftszeiten in der Wenigumst\u00e4dter B\u00fccherei und der Sebastians-Apotheke in Wenigumstadt. (Erwin Hegmann)<\/p>\n","protected":false},"excerpt":{"rendered":"<p>Neues Buch vom Heimat- und Geschichtsverein Wenigumstadt Der HGV Wenigumstadt bringt ein neues Buch heraus. Worum geht es dabei? Im Fr\u00fchjahr hat Edmund Jakob eine Sammlung von Geschichten, Bildern, Gedichten [&hellip;]<\/p>\n","protected":false},"author":14,"featured_media":0,"comment_status":"open","ping_status":"open","sticky":false,"template":"","format":"standard","meta":{"_acf_changed":false,"_price":"","_stock":"","_tribe_ticket_header":"","_tribe_default_ticket_provider":"","_tribe_ticket_capacity":"0","_ticket_start_date":"","_ticket_end_date":"","_tribe_ticket_show_description":"","_tribe_ticket_show_not_going":false,"_tribe_ticket_use_global_stock":"","_tribe_ticket_global_stock_level":"","_global_stock_mode":"","_global_stock_cap":"","_tribe_rsvp_for_event":"","_tribe_ticket_going_count":"","_tribe_ticket_not_going_count":"","_tribe_tickets_list":"[]","_tribe_ticket_has_attendee_info_fields":false,"footnotes":""},"categories":[1,14,15,20],"tags":[26,448,459,464,496],"post-format":[],"post-content":[],"class_list":["post-8915","post","type-post","status-publish","format-standard","hentry","category-alltag","category-familie","category-freizeit","category-religion","tag-weihnachten","tag-wenigumstadt","tag-dialekt","tag-buch","tag-christkind"],"acf":[],"yoast_head":"<!-- This site is optimized with the Yoast SEO plugin v27.5 - https:\/\/yoast.com\/product\/yoast-seo-wordpress\/ -->\n<title>Allsemol dengg isch noch droau - heimat:hub<\/title>\n<meta name=\"robots\" content=\"index, follow, max-snippet:-1, max-image-preview:large, max-video-preview:-1\" \/>\n<link rel=\"canonical\" href=\"https:\/\/heimathub.de\/allsemol-dengg-isch-noch-droau\/\" \/>\n<meta property=\"og:locale\" content=\"de_DE\" \/>\n<meta property=\"og:type\" content=\"article\" \/>\n<meta property=\"og:title\" content=\"Allsemol dengg isch noch droau - heimat:hub\" \/>\n<meta property=\"og:description\" content=\"Neues Buch vom Heimat- und Geschichtsverein Wenigumstadt Der HGV Wenigumstadt bringt ein neues Buch heraus. Worum geht es dabei? Im Fr\u00fchjahr hat Edmund Jakob eine Sammlung von Geschichten, Bildern, Gedichten [&hellip;]\" \/>\n<meta property=\"og:url\" content=\"https:\/\/heimathub.de\/allsemol-dengg-isch-noch-droau\/\" \/>\n<meta property=\"og:site_name\" content=\"heimat:hub\" \/>\n<meta property=\"article:published_time\" content=\"2023-12-12T14:37:08+00:00\" \/>\n<meta property=\"article:modified_time\" content=\"2023-12-13T09:56:56+00:00\" \/>\n<meta name=\"author\" content=\"aschaffenburg_admin\" \/>\n<meta name=\"twitter:card\" content=\"summary_large_image\" \/>\n<meta name=\"twitter:label1\" content=\"Verfasst von\" \/>\n\t<meta name=\"twitter:data1\" content=\"aschaffenburg_admin\" \/>\n\t<meta name=\"twitter:label2\" content=\"Gesch\u00e4tzte Lesezeit\" \/>\n\t<meta name=\"twitter:data2\" content=\"3\u00a0Minuten\" \/>\n<script type=\"application\/ld+json\" class=\"yoast-schema-graph\">{\"@context\":\"https:\\\/\\\/schema.org\",\"@graph\":[{\"@type\":\"Article\",\"@id\":\"https:\\\/\\\/heimathub.de\\\/allsemol-dengg-isch-noch-droau\\\/#article\",\"isPartOf\":{\"@id\":\"https:\\\/\\\/heimathub.de\\\/allsemol-dengg-isch-noch-droau\\\/\"},\"author\":{\"name\":\"aschaffenburg_admin\",\"@id\":\"https:\\\/\\\/heimathub.de\\\/#\\\/schema\\\/person\\\/9009ffbfe90a41e7b7366740be6bfcbe\"},\"headline\":\"Allsemol dengg isch noch droau\",\"datePublished\":\"2023-12-12T14:37:08+00:00\",\"dateModified\":\"2023-12-13T09:56:56+00:00\",\"mainEntityOfPage\":{\"@id\":\"https:\\\/\\\/heimathub.de\\\/allsemol-dengg-isch-noch-droau\\\/\"},\"wordCount\":504,\"commentCount\":0,\"keywords\":[\"Weihnachten\",\"Wenigumstadt\",\"Dialekt\",\"Buch\",\"Christkind\"],\"articleSection\":[\"Alltag\",\"Familie\",\"Freizeit\",\"Religion\"],\"inLanguage\":\"de\",\"potentialAction\":[{\"@type\":\"CommentAction\",\"name\":\"Comment\",\"target\":[\"https:\\\/\\\/heimathub.de\\\/allsemol-dengg-isch-noch-droau\\\/#respond\"]}]},{\"@type\":\"WebPage\",\"@id\":\"https:\\\/\\\/heimathub.de\\\/allsemol-dengg-isch-noch-droau\\\/\",\"url\":\"https:\\\/\\\/heimathub.de\\\/allsemol-dengg-isch-noch-droau\\\/\",\"name\":\"Allsemol dengg isch noch droau - heimat:hub\",\"isPartOf\":{\"@id\":\"https:\\\/\\\/heimathub.de\\\/#website\"},\"datePublished\":\"2023-12-12T14:37:08+00:00\",\"dateModified\":\"2023-12-13T09:56:56+00:00\",\"author\":{\"@id\":\"https:\\\/\\\/heimathub.de\\\/#\\\/schema\\\/person\\\/9009ffbfe90a41e7b7366740be6bfcbe\"},\"breadcrumb\":{\"@id\":\"https:\\\/\\\/heimathub.de\\\/allsemol-dengg-isch-noch-droau\\\/#breadcrumb\"},\"inLanguage\":\"de\",\"potentialAction\":[{\"@type\":\"ReadAction\",\"target\":[\"https:\\\/\\\/heimathub.de\\\/allsemol-dengg-isch-noch-droau\\\/\"]}]},{\"@type\":\"BreadcrumbList\",\"@id\":\"https:\\\/\\\/heimathub.de\\\/allsemol-dengg-isch-noch-droau\\\/#breadcrumb\",\"itemListElement\":[{\"@type\":\"ListItem\",\"position\":1,\"name\":\"Startseite\",\"item\":\"https:\\\/\\\/heimathub.de\\\/\"},{\"@type\":\"ListItem\",\"position\":2,\"name\":\"Journal\",\"item\":\"https:\\\/\\\/heimathub.de\\\/journal\\\/\"},{\"@type\":\"ListItem\",\"position\":3,\"name\":\"Allsemol dengg isch noch droau\"}]},{\"@type\":\"WebSite\",\"@id\":\"https:\\\/\\\/heimathub.de\\\/#website\",\"url\":\"https:\\\/\\\/heimathub.de\\\/\",\"name\":\"heimat:hub\",\"description\":\"\",\"potentialAction\":[{\"@type\":\"SearchAction\",\"target\":{\"@type\":\"EntryPoint\",\"urlTemplate\":\"https:\\\/\\\/heimathub.de\\\/?s={search_term_string}\"},\"query-input\":{\"@type\":\"PropertyValueSpecification\",\"valueRequired\":true,\"valueName\":\"search_term_string\"}}],\"inLanguage\":\"de\"},{\"@type\":\"Person\",\"@id\":\"https:\\\/\\\/heimathub.de\\\/#\\\/schema\\\/person\\\/9009ffbfe90a41e7b7366740be6bfcbe\",\"name\":\"aschaffenburg_admin\",\"image\":{\"@type\":\"ImageObject\",\"inLanguage\":\"de\",\"@id\":\"https:\\\/\\\/secure.gravatar.com\\\/avatar\\\/bcef227438b445b2a87ed23ba653289fcb14c2666ed45b90596c62a1c3c008d5?s=96&d=https%3A%2F%2Fheimathub.de%2Fwp-content%2Fthemes%2Fheimathub%2Fassets%2Fimg%2Fuser.png&r=g\",\"url\":\"https:\\\/\\\/secure.gravatar.com\\\/avatar\\\/bcef227438b445b2a87ed23ba653289fcb14c2666ed45b90596c62a1c3c008d5?s=96&d=https%3A%2F%2Fheimathub.de%2Fwp-content%2Fthemes%2Fheimathub%2Fassets%2Fimg%2Fuser.png&r=g\",\"contentUrl\":\"https:\\\/\\\/secure.gravatar.com\\\/avatar\\\/bcef227438b445b2a87ed23ba653289fcb14c2666ed45b90596c62a1c3c008d5?s=96&d=https%3A%2F%2Fheimathub.de%2Fwp-content%2Fthemes%2Fheimathub%2Fassets%2Fimg%2Fuser.png&r=g\",\"caption\":\"aschaffenburg_admin\"},\"url\":\"https:\\\/\\\/heimathub.de\\\/author\\\/aschaffenburg_admin\\\/\"}]}<\/script>\n<!-- \/ Yoast SEO plugin. -->","yoast_head_json":{"title":"Allsemol dengg isch noch droau - heimat:hub","robots":{"index":"index","follow":"follow","max-snippet":"max-snippet:-1","max-image-preview":"max-image-preview:large","max-video-preview":"max-video-preview:-1"},"canonical":"https:\/\/heimathub.de\/allsemol-dengg-isch-noch-droau\/","og_locale":"de_DE","og_type":"article","og_title":"Allsemol dengg isch noch droau - heimat:hub","og_description":"Neues Buch vom Heimat- und Geschichtsverein Wenigumstadt Der HGV Wenigumstadt bringt ein neues Buch heraus. Worum geht es dabei? Im Fr\u00fchjahr hat Edmund Jakob eine Sammlung von Geschichten, Bildern, Gedichten [&hellip;]","og_url":"https:\/\/heimathub.de\/allsemol-dengg-isch-noch-droau\/","og_site_name":"heimat:hub","article_published_time":"2023-12-12T14:37:08+00:00","article_modified_time":"2023-12-13T09:56:56+00:00","author":"aschaffenburg_admin","twitter_card":"summary_large_image","twitter_misc":{"Verfasst von":"aschaffenburg_admin","Gesch\u00e4tzte Lesezeit":"3\u00a0Minuten"},"schema":{"@context":"https:\/\/schema.org","@graph":[{"@type":"Article","@id":"https:\/\/heimathub.de\/allsemol-dengg-isch-noch-droau\/#article","isPartOf":{"@id":"https:\/\/heimathub.de\/allsemol-dengg-isch-noch-droau\/"},"author":{"name":"aschaffenburg_admin","@id":"https:\/\/heimathub.de\/#\/schema\/person\/9009ffbfe90a41e7b7366740be6bfcbe"},"headline":"Allsemol dengg isch noch droau","datePublished":"2023-12-12T14:37:08+00:00","dateModified":"2023-12-13T09:56:56+00:00","mainEntityOfPage":{"@id":"https:\/\/heimathub.de\/allsemol-dengg-isch-noch-droau\/"},"wordCount":504,"commentCount":0,"keywords":["Weihnachten","Wenigumstadt","Dialekt","Buch","Christkind"],"articleSection":["Alltag","Familie","Freizeit","Religion"],"inLanguage":"de","potentialAction":[{"@type":"CommentAction","name":"Comment","target":["https:\/\/heimathub.de\/allsemol-dengg-isch-noch-droau\/#respond"]}]},{"@type":"WebPage","@id":"https:\/\/heimathub.de\/allsemol-dengg-isch-noch-droau\/","url":"https:\/\/heimathub.de\/allsemol-dengg-isch-noch-droau\/","name":"Allsemol dengg isch noch droau - heimat:hub","isPartOf":{"@id":"https:\/\/heimathub.de\/#website"},"datePublished":"2023-12-12T14:37:08+00:00","dateModified":"2023-12-13T09:56:56+00:00","author":{"@id":"https:\/\/heimathub.de\/#\/schema\/person\/9009ffbfe90a41e7b7366740be6bfcbe"},"breadcrumb":{"@id":"https:\/\/heimathub.de\/allsemol-dengg-isch-noch-droau\/#breadcrumb"},"inLanguage":"de","potentialAction":[{"@type":"ReadAction","target":["https:\/\/heimathub.de\/allsemol-dengg-isch-noch-droau\/"]}]},{"@type":"BreadcrumbList","@id":"https:\/\/heimathub.de\/allsemol-dengg-isch-noch-droau\/#breadcrumb","itemListElement":[{"@type":"ListItem","position":1,"name":"Startseite","item":"https:\/\/heimathub.de\/"},{"@type":"ListItem","position":2,"name":"Journal","item":"https:\/\/heimathub.de\/journal\/"},{"@type":"ListItem","position":3,"name":"Allsemol dengg isch noch droau"}]},{"@type":"WebSite","@id":"https:\/\/heimathub.de\/#website","url":"https:\/\/heimathub.de\/","name":"heimat:hub","description":"","potentialAction":[{"@type":"SearchAction","target":{"@type":"EntryPoint","urlTemplate":"https:\/\/heimathub.de\/?s={search_term_string}"},"query-input":{"@type":"PropertyValueSpecification","valueRequired":true,"valueName":"search_term_string"}}],"inLanguage":"de"},{"@type":"Person","@id":"https:\/\/heimathub.de\/#\/schema\/person\/9009ffbfe90a41e7b7366740be6bfcbe","name":"aschaffenburg_admin","image":{"@type":"ImageObject","inLanguage":"de","@id":"https:\/\/secure.gravatar.com\/avatar\/bcef227438b445b2a87ed23ba653289fcb14c2666ed45b90596c62a1c3c008d5?s=96&d=https%3A%2F%2Fheimathub.de%2Fwp-content%2Fthemes%2Fheimathub%2Fassets%2Fimg%2Fuser.png&r=g","url":"https:\/\/secure.gravatar.com\/avatar\/bcef227438b445b2a87ed23ba653289fcb14c2666ed45b90596c62a1c3c008d5?s=96&d=https%3A%2F%2Fheimathub.de%2Fwp-content%2Fthemes%2Fheimathub%2Fassets%2Fimg%2Fuser.png&r=g","contentUrl":"https:\/\/secure.gravatar.com\/avatar\/bcef227438b445b2a87ed23ba653289fcb14c2666ed45b90596c62a1c3c008d5?s=96&d=https%3A%2F%2Fheimathub.de%2Fwp-content%2Fthemes%2Fheimathub%2Fassets%2Fimg%2Fuser.png&r=g","caption":"aschaffenburg_admin"},"url":"https:\/\/heimathub.de\/author\/aschaffenburg_admin\/"}]}},"_links":{"self":[{"href":"https:\/\/heimathub.de\/data\/wp\/v2\/posts\/8915","targetHints":{"allow":["GET"]}}],"collection":[{"href":"https:\/\/heimathub.de\/data\/wp\/v2\/posts"}],"about":[{"href":"https:\/\/heimathub.de\/data\/wp\/v2\/types\/post"}],"author":[{"embeddable":true,"href":"https:\/\/heimathub.de\/data\/wp\/v2\/users\/14"}],"replies":[{"embeddable":true,"href":"https:\/\/heimathub.de\/data\/wp\/v2\/comments?post=8915"}],"version-history":[{"count":6,"href":"https:\/\/heimathub.de\/data\/wp\/v2\/posts\/8915\/revisions"}],"predecessor-version":[{"id":8931,"href":"https:\/\/heimathub.de\/data\/wp\/v2\/posts\/8915\/revisions\/8931"}],"wp:attachment":[{"href":"https:\/\/heimathub.de\/data\/wp\/v2\/media?parent=8915"}],"wp:term":[{"taxonomy":"category","embeddable":true,"href":"https:\/\/heimathub.de\/data\/wp\/v2\/categories?post=8915"},{"taxonomy":"post_tag","embeddable":true,"href":"https:\/\/heimathub.de\/data\/wp\/v2\/tags?post=8915"},{"taxonomy":"format","embeddable":true,"href":"https:\/\/heimathub.de\/data\/wp\/v2\/post-format?post=8915"},{"taxonomy":"content","embeddable":true,"href":"https:\/\/heimathub.de\/data\/wp\/v2\/post-content?post=8915"}],"curies":[{"name":"wp","href":"https:\/\/api.w.org\/{rel}","templated":true}]}}