{"id":7650,"date":"2023-08-30T10:05:49","date_gmt":"2023-08-30T08:05:49","guid":{"rendered":"https:\/\/heimathub.de\/?p=7650"},"modified":"2023-09-05T09:10:06","modified_gmt":"2023-09-05T07:10:06","slug":"corona-verarbeitung-aschaffenburg","status":"publish","type":"post","link":"https:\/\/heimathub.de\/corona-verarbeitung-aschaffenburg\/","title":{"rendered":"Corona &#8211; Verarbeitung &#8211; Aschaffenburg"},"content":{"rendered":"<p><img loading=\"lazy\" decoding=\"async\" class=\"alignnone\" src=\"https:\/\/heimathub.de\/wp-content\/uploads\/archive\/79\/2023\/07\/RG-Bild-Mein-Aschaffenburg-20220621-hell.jpg\" width=\"356\" height=\"426\" \/><\/p>\n<p>Durch die <strong>Corona<\/strong>-bedingten Einschr\u00e4nkungen war ich damit konfrontiert, dass sehr viel weniger Menschen in meine Heilpraktiker Praxis kamen. Dadurch hatte ich nicht nur mehr Zeit, sondern auch den Wunsch, mich mit sch\u00f6nen Dingen zu besch\u00e4ftigen, um ein Gegengewicht zu setzen gegen die <strong>Melancholie<\/strong> und das <strong>Gef\u00fchl des Eingesperrt Seins<\/strong>. Deshalb habe ich Motive gew\u00e4hlt, die die Sch\u00f6nheit Aschaffenburgs herausstellen und bewusst leuchtende und fr\u00f6hliche Farben eingesetzt.<\/p>\n<p>&nbsp;<\/p>\n<p>Zuerst hatte ich die Idee, eine Collage von Aschaffenburg zu malen und habe deshalb Fotos gemacht. In einem <strong>kreativen Prozess<\/strong> entstand dann die Zusammensetzung des Bildes in meinem Kopf und w\u00e4hrend der Entstehung habe ich weitere Erg\u00e4nzungen vorgenommen. Ich habe Motive gew\u00e4hlt, die f\u00fcr <strong>Werte<\/strong> stehen, die ich mir in dieser Zeit gew\u00fcnscht habe.<\/p>\n<p><img loading=\"lazy\" decoding=\"async\" class=\"alignnone\" src=\"https:\/\/heimathub.de\/wp-content\/uploads\/archive\/79\/2023\/07\/RG-Spessarthaenge-600x400.jpg\" width=\"362\" height=\"241\" \/><\/p>\n<p>Wenn man aus Richtung Kleinostheim kommend auf Aschaffenburg zuf\u00e4hrt, kann man <strong>die sanften H\u00e4nge des Spessarts\u00a0<\/strong>wahrnehmen, die mir ein Gef\u00fchl des Nachhause Kommens vermitteln, eines <strong><em>Intakt Seins und Eingebunden Seins <\/em><\/strong>.<\/p>\n<p><img loading=\"lazy\" decoding=\"async\" class=\"alignnone\" src=\"https:\/\/heimathub.de\/wp-content\/uploads\/archive\/79\/2023\/07\/RG-Turm-Schloss-Johannisburg-600x900.jpg\" width=\"235\" height=\"353\" \/><\/p>\n<p>Als n\u00e4chstes kann man auf der rechten Seite das <strong>Schloss Johannisburg sehen<\/strong>, das trotz den Zerst\u00f6rungen im Krieg wiederaufgerichtet wurde und zu den bedeutendsten Schlossbauten der deutschen Renaissance geh\u00f6rt. Die m\u00e4chtigen und wehrhaften T\u00fcrme und Mauern sind ein Symbol f\u00fcr <em><strong>Best\u00e4ndigkeit, St\u00e4rke und majest\u00e4tische Eleganz<\/strong><\/em> und pr\u00e4gen Aschaffenburg in besonderem Ma\u00dfe. Sie zeigen mir, dass wir auch <em><strong>in schweren Zeiten auf unsere innere St\u00e4rke bauen<\/strong><\/em> und Krisen \u00fcberwinden k\u00f6nnen.<\/p>\n<p>Ein Blick auf eine Karte von Aschaffenburg zeigt, dass die <strong>Innenstadt eine Herzform<\/strong> hat, was f\u00fcr mich nicht nur <strong><em>Herzensw\u00e4rme<\/em>,<\/strong> sondern auch den Pulsschlag darstellt, der unser Inneres mit dem \u00c4u\u00dferen verbindet. Und so ist die Stadt sowohl ein Ort der <em><strong>Empathie<\/strong> <\/em>als auch ein lebens- und liebenswertes Zentrum, das \u00fcber die Blutgef\u00e4\u00dfe oder Stra\u00dfen in sein Umland eingebunden und damit verkn\u00fcpft ist.<\/p>\n<p><img decoding=\"async\" class=\"alignnone\" src=\"https:\/\/heimathub.de\/wp-content\/uploads\/archive\/79\/2023\/07\/Karte-Aschaffenburg.png\" \/>.<\/p>\n<p>Der <strong>Main<\/strong> durchzieht und n\u00e4hrt als wichtiger Lebensstrom das gesamte Gebiet und erm\u00f6glicht so ebenfalls eine <em><strong>Verbindung von innen nach au\u00dfen<\/strong><\/em> mit dem lebensnotwendigen Wasser.<\/p>\n<p><img loading=\"lazy\" decoding=\"async\" class=\"alignnone\" src=\"https:\/\/heimathub.de\/wp-content\/uploads\/archive\/79\/2023\/07\/RG-Ludwigsbrunnen-Aehren-600x900.jpg\" width=\"310\" height=\"465\" \/>\u00a0 \u00a0 \u00a0 \u00a0 \u00a0 \u00a0 \u00a0<img loading=\"lazy\" decoding=\"async\" class=\"alignnone\" src=\"https:\/\/heimathub.de\/wp-content\/uploads\/archive\/79\/2023\/07\/RG-Ludwigsbrunnen-Wasserspeier-600x900.jpg\" width=\"311\" height=\"467\" \/><\/p>\n<p>An vielen Stellen in- und au\u00dferhalb der Stadt finden wir als wichtiges Merkmal <strong>aus Stein geschaffene Kunstwerke,<\/strong> die mit ihrer Sch\u00f6nheit schon seit langer Zeit den Menschen <em><strong>Freude und Zuversicht<\/strong><\/em> vermitteln. So stellt der Ludwigsbrunnen auf der Gro\u00dfmutterwiese f\u00fcr mich ein Symbol f\u00fcr <em><strong>aufrechte Haltung und Weisheit<\/strong><\/em> dar. Von dem Brunnen habe ich einen Wasserspeier \u2013 rechts unten im Bild \u2013 und \u00c4hren dargestellt, die beide als Synonym f\u00fcr das <em><strong>Gedeihen und Wachsen<\/strong><\/em> genommen werden k\u00f6nnen.<\/p>\n<p><img loading=\"lazy\" decoding=\"async\" class=\"alignnone\" src=\"https:\/\/heimathub.de\/wp-content\/uploads\/archive\/79\/2023\/07\/RG-Bruecke-Schoenbusch-600x400.jpg\" width=\"384\" height=\"256\" \/><\/p>\n<p>Weit \u00fcber die Stadt hinaus bekannt ist der Park <strong>Sch\u00f6nbusch<\/strong> mit seinen Erholungsm\u00f6glichkeiten, aber vor allem auch mit seinen Kunstwerken und nimmt damit einen hohen Stellenwert im kulturellen Erbe der Stadt ein. Der Anblick der <strong>Br\u00fccke<\/strong> mit ihrer filigranen Leichtigkeit symbolisiert f\u00fcr mich in besonderer Weise den damaligen \u2013 und auch heute aktuellen &#8211; <em><strong>Wunsch nach Freiheit, Leichtigkeit<\/strong><\/em> und nach der <em><strong>Verbindung mit der Natur<\/strong><\/em>, die ich im Bild vor allem als verbindendes Element eingesetzt habe.<\/p>\n<p><strong>Technik\/Material:<\/strong><\/p>\n<p>Collage von Aschaffenburg: Acryl auf Leinwand 100 cm breit, 120 cm lang; erstellt von 2020 bis 2022<\/p>\n<p>&nbsp;<\/p>\n<p><em>Rita Gensler<\/em><\/p>\n<p>&nbsp;<\/p>\n<p>&nbsp;<\/p>\n","protected":false},"excerpt":{"rendered":"<p>Durch die Corona-bedingten Einschr\u00e4nkungen war ich damit konfrontiert, dass sehr viel weniger Menschen in meine Heilpraktiker Praxis kamen. Dadurch hatte ich nicht nur mehr Zeit, sondern auch den Wunsch, mich [&hellip;]<\/p>\n","protected":false},"author":79,"featured_media":7649,"comment_status":"open","ping_status":"open","sticky":false,"template":"","format":"standard","meta":{"_acf_changed":false,"_price":"","_stock":"","_tribe_ticket_header":"","_tribe_default_ticket_provider":"","_tribe_ticket_capacity":"0","_ticket_start_date":"","_ticket_end_date":"","_tribe_ticket_show_description":"","_tribe_ticket_show_not_going":false,"_tribe_ticket_use_global_stock":"","_tribe_ticket_global_stock_level":"","_global_stock_mode":"","_global_stock_cap":"","_tribe_rsvp_for_event":"","_tribe_ticket_going_count":"","_tribe_ticket_not_going_count":"","_tribe_tickets_list":"[]","_tribe_ticket_has_attendee_info_fields":false,"footnotes":""},"categories":[1,8,10,15,17],"tags":[],"post-format":[],"post-content":[47],"class_list":["post-7650","post","type-post","status-publish","format-standard","has-post-thumbnail","hentry","category-alltag","category-arbeitsleben","category-denkmal","category-freizeit","category-kunst-und-kultur","content-text"],"acf":[],"yoast_head":"<!-- This site is optimized with the Yoast SEO plugin v27.5 - https:\/\/yoast.com\/product\/yoast-seo-wordpress\/ -->\n<title>Corona - Verarbeitung - Aschaffenburg - heimat:hub<\/title>\n<meta name=\"robots\" content=\"index, follow, max-snippet:-1, max-image-preview:large, max-video-preview:-1\" \/>\n<link rel=\"canonical\" href=\"https:\/\/heimathub.de\/corona-verarbeitung-aschaffenburg\/\" \/>\n<meta property=\"og:locale\" content=\"de_DE\" \/>\n<meta property=\"og:type\" content=\"article\" \/>\n<meta property=\"og:title\" content=\"Corona - Verarbeitung - Aschaffenburg - heimat:hub\" \/>\n<meta property=\"og:description\" content=\"Durch die Corona-bedingten Einschr\u00e4nkungen war ich damit konfrontiert, dass sehr viel weniger Menschen in meine Heilpraktiker Praxis kamen. Dadurch hatte ich nicht nur mehr Zeit, sondern auch den Wunsch, mich [&hellip;]\" \/>\n<meta property=\"og:url\" content=\"https:\/\/heimathub.de\/corona-verarbeitung-aschaffenburg\/\" \/>\n<meta property=\"og:site_name\" content=\"heimat:hub\" \/>\n<meta property=\"article:published_time\" content=\"2023-08-30T08:05:49+00:00\" \/>\n<meta property=\"article:modified_time\" content=\"2023-09-05T07:10:06+00:00\" \/>\n<meta property=\"og:image\" content=\"https:\/\/heimathub.de\/wp-content\/uploads\/archive\/79\/2023\/07\/RG-Bild-Mein-Aschaffenburg-20220621-hell.jpg\" \/>\n\t<meta property=\"og:image:width\" content=\"590\" \/>\n\t<meta property=\"og:image:height\" content=\"706\" \/>\n\t<meta property=\"og:image:type\" content=\"image\/jpeg\" \/>\n<meta name=\"author\" content=\"Rita Gensler\" \/>\n<meta name=\"twitter:card\" content=\"summary_large_image\" \/>\n<meta name=\"twitter:label1\" content=\"Verfasst von\" \/>\n\t<meta name=\"twitter:data1\" content=\"Rita Gensler\" \/>\n\t<meta name=\"twitter:label2\" content=\"Gesch\u00e4tzte Lesezeit\" \/>\n\t<meta name=\"twitter:data2\" content=\"5\u00a0Minuten\" \/>\n<script type=\"application\/ld+json\" class=\"yoast-schema-graph\">{\"@context\":\"https:\\\/\\\/schema.org\",\"@graph\":[{\"@type\":\"Article\",\"@id\":\"https:\\\/\\\/heimathub.de\\\/corona-verarbeitung-aschaffenburg\\\/#article\",\"isPartOf\":{\"@id\":\"https:\\\/\\\/heimathub.de\\\/corona-verarbeitung-aschaffenburg\\\/\"},\"author\":{\"name\":\"Rita Gensler\",\"@id\":\"https:\\\/\\\/heimathub.de\\\/#\\\/schema\\\/person\\\/ec80e427ccc100b55c19ce53afbe55eb\"},\"headline\":\"Corona &#8211; Verarbeitung &#8211; Aschaffenburg\",\"datePublished\":\"2023-08-30T08:05:49+00:00\",\"dateModified\":\"2023-09-05T07:10:06+00:00\",\"mainEntityOfPage\":{\"@id\":\"https:\\\/\\\/heimathub.de\\\/corona-verarbeitung-aschaffenburg\\\/\"},\"wordCount\":531,\"commentCount\":0,\"image\":{\"@id\":\"https:\\\/\\\/heimathub.de\\\/corona-verarbeitung-aschaffenburg\\\/#primaryimage\"},\"thumbnailUrl\":\"https:\\\/\\\/heimathub.de\\\/wp-content\\\/uploads\\\/archive\\\/79\\\/2023\\\/07\\\/RG-Bild-Mein-Aschaffenburg-20220621-hell.jpg\",\"articleSection\":[\"Alltag\",\"Arbeitsleben\",\"Denkmal\",\"Freizeit\",\"Kunst und Kultur\"],\"inLanguage\":\"de\",\"potentialAction\":[{\"@type\":\"CommentAction\",\"name\":\"Comment\",\"target\":[\"https:\\\/\\\/heimathub.de\\\/corona-verarbeitung-aschaffenburg\\\/#respond\"]}]},{\"@type\":\"WebPage\",\"@id\":\"https:\\\/\\\/heimathub.de\\\/corona-verarbeitung-aschaffenburg\\\/\",\"url\":\"https:\\\/\\\/heimathub.de\\\/corona-verarbeitung-aschaffenburg\\\/\",\"name\":\"Corona - Verarbeitung - Aschaffenburg - heimat:hub\",\"isPartOf\":{\"@id\":\"https:\\\/\\\/heimathub.de\\\/#website\"},\"primaryImageOfPage\":{\"@id\":\"https:\\\/\\\/heimathub.de\\\/corona-verarbeitung-aschaffenburg\\\/#primaryimage\"},\"image\":{\"@id\":\"https:\\\/\\\/heimathub.de\\\/corona-verarbeitung-aschaffenburg\\\/#primaryimage\"},\"thumbnailUrl\":\"https:\\\/\\\/heimathub.de\\\/wp-content\\\/uploads\\\/archive\\\/79\\\/2023\\\/07\\\/RG-Bild-Mein-Aschaffenburg-20220621-hell.jpg\",\"datePublished\":\"2023-08-30T08:05:49+00:00\",\"dateModified\":\"2023-09-05T07:10:06+00:00\",\"author\":{\"@id\":\"https:\\\/\\\/heimathub.de\\\/#\\\/schema\\\/person\\\/ec80e427ccc100b55c19ce53afbe55eb\"},\"breadcrumb\":{\"@id\":\"https:\\\/\\\/heimathub.de\\\/corona-verarbeitung-aschaffenburg\\\/#breadcrumb\"},\"inLanguage\":\"de\",\"potentialAction\":[{\"@type\":\"ReadAction\",\"target\":[\"https:\\\/\\\/heimathub.de\\\/corona-verarbeitung-aschaffenburg\\\/\"]}]},{\"@type\":\"ImageObject\",\"inLanguage\":\"de\",\"@id\":\"https:\\\/\\\/heimathub.de\\\/corona-verarbeitung-aschaffenburg\\\/#primaryimage\",\"url\":\"https:\\\/\\\/heimathub.de\\\/wp-content\\\/uploads\\\/archive\\\/79\\\/2023\\\/07\\\/RG-Bild-Mein-Aschaffenburg-20220621-hell.jpg\",\"contentUrl\":\"https:\\\/\\\/heimathub.de\\\/wp-content\\\/uploads\\\/archive\\\/79\\\/2023\\\/07\\\/RG-Bild-Mein-Aschaffenburg-20220621-hell.jpg\",\"width\":590,\"height\":706},{\"@type\":\"BreadcrumbList\",\"@id\":\"https:\\\/\\\/heimathub.de\\\/corona-verarbeitung-aschaffenburg\\\/#breadcrumb\",\"itemListElement\":[{\"@type\":\"ListItem\",\"position\":1,\"name\":\"Startseite\",\"item\":\"https:\\\/\\\/heimathub.de\\\/\"},{\"@type\":\"ListItem\",\"position\":2,\"name\":\"Journal\",\"item\":\"https:\\\/\\\/heimathub.de\\\/journal\\\/\"},{\"@type\":\"ListItem\",\"position\":3,\"name\":\"Corona &#8211; Verarbeitung &#8211; Aschaffenburg\"}]},{\"@type\":\"WebSite\",\"@id\":\"https:\\\/\\\/heimathub.de\\\/#website\",\"url\":\"https:\\\/\\\/heimathub.de\\\/\",\"name\":\"heimat:hub\",\"description\":\"\",\"potentialAction\":[{\"@type\":\"SearchAction\",\"target\":{\"@type\":\"EntryPoint\",\"urlTemplate\":\"https:\\\/\\\/heimathub.de\\\/?s={search_term_string}\"},\"query-input\":{\"@type\":\"PropertyValueSpecification\",\"valueRequired\":true,\"valueName\":\"search_term_string\"}}],\"inLanguage\":\"de\"},{\"@type\":\"Person\",\"@id\":\"https:\\\/\\\/heimathub.de\\\/#\\\/schema\\\/person\\\/ec80e427ccc100b55c19ce53afbe55eb\",\"name\":\"Rita Gensler\",\"image\":{\"@type\":\"ImageObject\",\"inLanguage\":\"de\",\"@id\":\"https:\\\/\\\/heimathub.de\\\/wp-content\\\/uploads\\\/tml-avatars\\\/DSA_Heimathub_Profilbild_Sprech-1024x1024-15.png\",\"url\":\"https:\\\/\\\/heimathub.de\\\/wp-content\\\/uploads\\\/tml-avatars\\\/DSA_Heimathub_Profilbild_Sprech-1024x1024-15.png\",\"contentUrl\":\"https:\\\/\\\/heimathub.de\\\/wp-content\\\/uploads\\\/tml-avatars\\\/DSA_Heimathub_Profilbild_Sprech-1024x1024-15.png\",\"caption\":\"Rita Gensler\"},\"description\":\"Aschaffenburg ist meine Wahlheimat\",\"url\":\"https:\\\/\\\/heimathub.de\\\/author\\\/rita-gensler\\\/\"}]}<\/script>\n<!-- \/ Yoast SEO plugin. -->","yoast_head_json":{"title":"Corona - Verarbeitung - Aschaffenburg - heimat:hub","robots":{"index":"index","follow":"follow","max-snippet":"max-snippet:-1","max-image-preview":"max-image-preview:large","max-video-preview":"max-video-preview:-1"},"canonical":"https:\/\/heimathub.de\/corona-verarbeitung-aschaffenburg\/","og_locale":"de_DE","og_type":"article","og_title":"Corona - Verarbeitung - Aschaffenburg - heimat:hub","og_description":"Durch die Corona-bedingten Einschr\u00e4nkungen war ich damit konfrontiert, dass sehr viel weniger Menschen in meine Heilpraktiker Praxis kamen. Dadurch hatte ich nicht nur mehr Zeit, sondern auch den Wunsch, mich [&hellip;]","og_url":"https:\/\/heimathub.de\/corona-verarbeitung-aschaffenburg\/","og_site_name":"heimat:hub","article_published_time":"2023-08-30T08:05:49+00:00","article_modified_time":"2023-09-05T07:10:06+00:00","og_image":[{"width":590,"height":706,"url":"https:\/\/heimathub.de\/wp-content\/uploads\/archive\/79\/2023\/07\/RG-Bild-Mein-Aschaffenburg-20220621-hell.jpg","type":"image\/jpeg"}],"author":"Rita Gensler","twitter_card":"summary_large_image","twitter_misc":{"Verfasst von":"Rita Gensler","Gesch\u00e4tzte Lesezeit":"5\u00a0Minuten"},"schema":{"@context":"https:\/\/schema.org","@graph":[{"@type":"Article","@id":"https:\/\/heimathub.de\/corona-verarbeitung-aschaffenburg\/#article","isPartOf":{"@id":"https:\/\/heimathub.de\/corona-verarbeitung-aschaffenburg\/"},"author":{"name":"Rita Gensler","@id":"https:\/\/heimathub.de\/#\/schema\/person\/ec80e427ccc100b55c19ce53afbe55eb"},"headline":"Corona &#8211; Verarbeitung &#8211; Aschaffenburg","datePublished":"2023-08-30T08:05:49+00:00","dateModified":"2023-09-05T07:10:06+00:00","mainEntityOfPage":{"@id":"https:\/\/heimathub.de\/corona-verarbeitung-aschaffenburg\/"},"wordCount":531,"commentCount":0,"image":{"@id":"https:\/\/heimathub.de\/corona-verarbeitung-aschaffenburg\/#primaryimage"},"thumbnailUrl":"https:\/\/heimathub.de\/wp-content\/uploads\/archive\/79\/2023\/07\/RG-Bild-Mein-Aschaffenburg-20220621-hell.jpg","articleSection":["Alltag","Arbeitsleben","Denkmal","Freizeit","Kunst und Kultur"],"inLanguage":"de","potentialAction":[{"@type":"CommentAction","name":"Comment","target":["https:\/\/heimathub.de\/corona-verarbeitung-aschaffenburg\/#respond"]}]},{"@type":"WebPage","@id":"https:\/\/heimathub.de\/corona-verarbeitung-aschaffenburg\/","url":"https:\/\/heimathub.de\/corona-verarbeitung-aschaffenburg\/","name":"Corona - Verarbeitung - Aschaffenburg - heimat:hub","isPartOf":{"@id":"https:\/\/heimathub.de\/#website"},"primaryImageOfPage":{"@id":"https:\/\/heimathub.de\/corona-verarbeitung-aschaffenburg\/#primaryimage"},"image":{"@id":"https:\/\/heimathub.de\/corona-verarbeitung-aschaffenburg\/#primaryimage"},"thumbnailUrl":"https:\/\/heimathub.de\/wp-content\/uploads\/archive\/79\/2023\/07\/RG-Bild-Mein-Aschaffenburg-20220621-hell.jpg","datePublished":"2023-08-30T08:05:49+00:00","dateModified":"2023-09-05T07:10:06+00:00","author":{"@id":"https:\/\/heimathub.de\/#\/schema\/person\/ec80e427ccc100b55c19ce53afbe55eb"},"breadcrumb":{"@id":"https:\/\/heimathub.de\/corona-verarbeitung-aschaffenburg\/#breadcrumb"},"inLanguage":"de","potentialAction":[{"@type":"ReadAction","target":["https:\/\/heimathub.de\/corona-verarbeitung-aschaffenburg\/"]}]},{"@type":"ImageObject","inLanguage":"de","@id":"https:\/\/heimathub.de\/corona-verarbeitung-aschaffenburg\/#primaryimage","url":"https:\/\/heimathub.de\/wp-content\/uploads\/archive\/79\/2023\/07\/RG-Bild-Mein-Aschaffenburg-20220621-hell.jpg","contentUrl":"https:\/\/heimathub.de\/wp-content\/uploads\/archive\/79\/2023\/07\/RG-Bild-Mein-Aschaffenburg-20220621-hell.jpg","width":590,"height":706},{"@type":"BreadcrumbList","@id":"https:\/\/heimathub.de\/corona-verarbeitung-aschaffenburg\/#breadcrumb","itemListElement":[{"@type":"ListItem","position":1,"name":"Startseite","item":"https:\/\/heimathub.de\/"},{"@type":"ListItem","position":2,"name":"Journal","item":"https:\/\/heimathub.de\/journal\/"},{"@type":"ListItem","position":3,"name":"Corona &#8211; Verarbeitung &#8211; Aschaffenburg"}]},{"@type":"WebSite","@id":"https:\/\/heimathub.de\/#website","url":"https:\/\/heimathub.de\/","name":"heimat:hub","description":"","potentialAction":[{"@type":"SearchAction","target":{"@type":"EntryPoint","urlTemplate":"https:\/\/heimathub.de\/?s={search_term_string}"},"query-input":{"@type":"PropertyValueSpecification","valueRequired":true,"valueName":"search_term_string"}}],"inLanguage":"de"},{"@type":"Person","@id":"https:\/\/heimathub.de\/#\/schema\/person\/ec80e427ccc100b55c19ce53afbe55eb","name":"Rita Gensler","image":{"@type":"ImageObject","inLanguage":"de","@id":"https:\/\/heimathub.de\/wp-content\/uploads\/tml-avatars\/DSA_Heimathub_Profilbild_Sprech-1024x1024-15.png","url":"https:\/\/heimathub.de\/wp-content\/uploads\/tml-avatars\/DSA_Heimathub_Profilbild_Sprech-1024x1024-15.png","contentUrl":"https:\/\/heimathub.de\/wp-content\/uploads\/tml-avatars\/DSA_Heimathub_Profilbild_Sprech-1024x1024-15.png","caption":"Rita Gensler"},"description":"Aschaffenburg ist meine Wahlheimat","url":"https:\/\/heimathub.de\/author\/rita-gensler\/"}]}},"_links":{"self":[{"href":"https:\/\/heimathub.de\/data\/wp\/v2\/posts\/7650","targetHints":{"allow":["GET"]}}],"collection":[{"href":"https:\/\/heimathub.de\/data\/wp\/v2\/posts"}],"about":[{"href":"https:\/\/heimathub.de\/data\/wp\/v2\/types\/post"}],"author":[{"embeddable":true,"href":"https:\/\/heimathub.de\/data\/wp\/v2\/users\/79"}],"replies":[{"embeddable":true,"href":"https:\/\/heimathub.de\/data\/wp\/v2\/comments?post=7650"}],"version-history":[{"count":20,"href":"https:\/\/heimathub.de\/data\/wp\/v2\/posts\/7650\/revisions"}],"predecessor-version":[{"id":8019,"href":"https:\/\/heimathub.de\/data\/wp\/v2\/posts\/7650\/revisions\/8019"}],"wp:featuredmedia":[{"embeddable":true,"href":"https:\/\/heimathub.de\/data\/wp\/v2\/media\/7649"}],"wp:attachment":[{"href":"https:\/\/heimathub.de\/data\/wp\/v2\/media?parent=7650"}],"wp:term":[{"taxonomy":"category","embeddable":true,"href":"https:\/\/heimathub.de\/data\/wp\/v2\/categories?post=7650"},{"taxonomy":"post_tag","embeddable":true,"href":"https:\/\/heimathub.de\/data\/wp\/v2\/tags?post=7650"},{"taxonomy":"format","embeddable":true,"href":"https:\/\/heimathub.de\/data\/wp\/v2\/post-format?post=7650"},{"taxonomy":"content","embeddable":true,"href":"https:\/\/heimathub.de\/data\/wp\/v2\/post-content?post=7650"}],"curies":[{"name":"wp","href":"https:\/\/api.w.org\/{rel}","templated":true}]}}