{"id":7496,"date":"2025-01-22T11:46:27","date_gmt":"2025-01-22T10:46:27","guid":{"rendered":"https:\/\/heimathub.de\/?p=7496"},"modified":"2025-01-22T12:02:09","modified_gmt":"2025-01-22T11:02:09","slug":"der-bauernkrieg-in-unterfranken-und-dem-main-kinzing-kreis","status":"publish","type":"post","link":"https:\/\/heimathub.de\/der-bauernkrieg-in-unterfranken-und-dem-main-kinzing-kreis\/","title":{"rendered":"Der Bauernkrieg in Unterfranken und dem Main-Kinzing-Kreis"},"content":{"rendered":"<p>Der Bauernkrieg war die gro\u00dfe Volksbewegung am Ende des Mittelalters. Zum ersten Mal in der deutschen Geschichte vereinigten sich verschiedenste Gruppen und St\u00e4nde zum gemeinsamen Kampf gegen Willk\u00fcr und Machtmi\u00dfbrauch der kirchlichen und der weltlichen Herrscher. Gr\u00f6\u00dftenteils waren es abh\u00e4ngige Bauern, die den Kampf aufgenommen hatten, aber auch Angeh\u00f6rige des niederen Klerus, Rechtsgelehrte, st\u00e4dtische B\u00fcrger, Bergleute, Adlige und Ritter, z. B. Florian Geyer aus Giebelstadt, der am 10. Juni 1525 im Gramschatzer Wald bei W\u00fcrzburg f\u00fcr die &#8222;Gro\u00dfe Sach k\u00e4mpfend&#8220; fiel.<\/p>\n<p>Zu nennen ist auch der Humanist, Dichter und Kirchenkritiker Ulrich von Hutten, geboren 1488 auf Burg Steckelberg bei Schl\u00fcchtern. Er hat den Bauernkrieg zwar nicht mehr erlebt, er starb 2 Jahre zuvor, aber er hat ihm durch die Kirchenkritik in seinen Schriften und durch die Unterst\u00fctzung der Reformation den Weg bereitet. Er hat die Mi\u00dfst\u00e4nde in der Kirche gesehen und die N\u00f6te des &#8222;Gemeinen Mannes&#8220;, auch wenn er sich nicht direkt an diesen Stand gewendet hat. Aus der Mainregion ist es Andreas von Bodenstein, genannt Carlstadt, nach seiner Geburtsstadt am Main, wo er 1486 zur Welt kam. Bodenstein wandelte sich vom Lehrer und Bewunderer Luthers zu einem heftigen Kritiker und sah, anders als Luther, die Bauern im Recht im Kampf gegen die Tyrannei der Herrschenden.<\/p>\n<p>Begonnen hatten die Unruhen schon am Ende des 15. Jh. In zahlreichen kleineren und gr\u00f6\u00dferen Aufst\u00e4nden versuchten die &#8222;Haufen&#8220;, wie die Rebellen sich selbst nannten, ihre in 12 Artikeln formulierten Rechte durchzusetzen. Ausgehend vom s\u00fcdwestlichen Deutschland breiteten sich die Aufst\u00e4nde sehr schnell in Richtung Norden und auch in unsere Region hin aus. Aus vielen Orten rechts und links des Mains gibt es Berichte dar\u00fcber, besonders heftig war es um Rothenburg o. d. T., in und um W\u00fcrzburg, Miltenberg, Amorbach, Aschaffenburg, aber auch viele andere Orte waren betroffen.<\/p>\n<p>Berichte \u00fcber Revolten gibt es z.B. auch zu Orten und Kl\u00f6stern im Main-Kinzig-Kreis, auf der anderen Seite der heutigen Landesgrenze, wie z. B. aus Langenselbold, Wolfgang, Schl\u00fcchtern, um nur einige zu nennen. Auch Fulda war betroffen.<\/p>\n<p>Was bisher fehlt ist eine Zusammenfassung der Ereignisse im heutigen Unterfranken und im benachbarten Main-Kinzig-Kreis. Das l\u00e4\u00dft uns auf die Berichte schauen als w\u00e4ren es isolierte, auf eine eingrenzbare Region bezogene Protesthandlungen gewesen, das ist aber nicht der Fall. Die &#8222;Haufen&#8220; wie die Aufst\u00e4ndischen ihre Heere nannten, waren sehr mobil und zogen von Stadt zu Stadt, von Kloster zu Kloster. Kloster auch deshalb, um sich mit dem n\u00f6tigen Proviant zu versorgen. Sie waren gut organisiert und hatten Hauptleute benannt, wie z. B. G\u00f6tz von Berlichingen. Reformatorisch gesinnte Prediger legten ihnen das Evangelium aus und sprachen von &#8222;G\u00f6ttlicher Gerechtigkeit&#8220; anstatt der ausge\u00fcbten Rechtsprechung, der Justitia.<\/p>\n<p>Ein Blick auf die <a href=\"https:\/\/www.bavarikon.de\/object\/bav:BSB-CMS-0000000000001491?lang=de\">zw\u00f6lf Artikel<\/a>, die 1525 erschienen, zeigt, worum es ging: Die Leibeigenschaft sollte aufgehoben werden. Jagd und Fischerei sollten frei sein. Jede Gemeinde sollte das Recht haben, ihren Pfarrer zu w\u00e4hlen oder abzusetzen. Und Strafen sollten ausschlie\u00dflich von einer unabh\u00e4ngigen Gerichtsbarkeit verh\u00e4ngt werden und nicht mehr aus Willk\u00fcr der Grundherren &#8211; eine Sammlung von ungeheuerlichen Provokationen f\u00fcr die damalige\u00a0Zeit. 28 Auflagen sollte diese Schrift erleben, die <a href=\"https:\/\/www.bavarikon.de\/object\/bav:BSB-CMS-0000000000001498?lang=de\">Bundesordnung<\/a> brachte es auf elf. Das zeigt die Brisanz der darin ge\u00e4u\u00dferten Beschwerden. Ob die zahlreichen Nachdrucke darauf zur\u00fcckzuf\u00fchren sind, dass sie nat\u00fcrlich auch von F\u00fcrsten, Kurf\u00fcrsten und anderen Herrschern gekauft und gelesen wurden, l\u00e4\u00dft sich heute nicht mehr feststellen. Denn nat\u00fcrlich informierten sich auch die Angegriffenen \u00fcber die Vorw\u00fcrfe und \u00fcber die Ziele, die durch den &#8222;Aufruhr&#8220; erreicht werden sollten.<\/p>\n<p>Denn w\u00fcrde die Leibeigenschaft aufgehoben, h\u00e4tten die kirchlichen und weltlichen Herrscher gro\u00dfe Verluste an ihren Einnahmen zu erwarten. Ein b\u00e4uerlicher Hof hatte z. B. im Todesfall des Bauern, der B\u00e4uerin, Abgaben an den &#8222;Herrn&#8220; zu leisten, die vom besten St\u00fcck Vieh im Stall, dem besten Kleidungsst\u00fcck, bis zu hohen Geldsummen reichen konnten. Ein zuverl\u00e4ssiger Kapitalzuwachs, denn gestorben wurde h\u00e4ufig.<\/p>\n<p>Nach nur wenigen Monaten brach der Aufruhr aber zusammen, Tausende bezahlten mit ihrem Leben daf\u00fcr. Ein weiterer Grund war vielleicht auch der Rhytmus der Natur. Die Bauern mu\u00dften ihre \u00c4cker bestellen um zu \u00fcberleben und um die geforderten Abgaben zu erwirtschaften. Aber ihr Aufbegehren endete f\u00fcr sie mit einer Katastrophe. Die Feudalherren, die sich im sogenannten Schw\u00e4bischen Bund organisiert hatten, schlugen die Erhebung blutig nieder und r\u00e4chten sich mit grausamen Strafen. Es sollte noch mehr als 400 Jahre dauern, bis zum 10. Dezember 1948, bis die Generalversammlung der Vereinten Nationen die Allgemeine Erkl\u00e4rung der Menschenrechte verabschiedete, die in mehreren Punkten die in den 12 Artikeln formulierten Rechte aufnimmt.<\/p>\n<blockquote><p><strong>Wikipedia<\/strong>: Die \u00fcberlebenden Aufst\u00e4ndischen fielen automatisch in Reichsacht und verloren damit alle Rechte und Privilegien, sie waren somit vogelfrei, die Anf\u00fchrer wurden mit dem Tod bestraft. Teilnehmer und Unterst\u00fctzer der Aufst\u00e4nde mussten die Strafgerichte der Landesherren f\u00fcrchten, die erst jetzt begannen und zum Teil sehr grausam waren. Viele Berichte sprechen von Enthauptungen, Augenausstechen, Abschlagen von Fingern und weiteren Misshandlungen. Wer mit einem Bu\u00dfgeld davonkam, hatte noch Gl\u00fcck, auch wenn viele Bauern die Strafgelder wegen der hohen Abgaben nicht bezahlen konnten. Ganzen Gemeinden wurden Rechte aberkannt, weil sie die Bauern unterst\u00fctzt hatten. Teilweise ging die Gerichtsbarkeit verloren, Feste wurden verboten und Stadtbefestigungen geschleift. Alle Waffen mussten abgeliefert werden, und abends durften keine Dorfschenken mehr besucht werden. Die Niederlagen der Bauern legten den Grundstein f\u00fcr Verm\u00f6genszuw\u00e4chse bei den siegreichen adligen Heerf\u00fchrern. Georg Truchsess von Waldburg-Zeil fielen L\u00e4ndereien in Oberschwaben zu. Der Feldhauptmann Sebastian Schertlin von Burtenbach hielt sich an den Besiegten schadlos, um seine von ihm eingestellten Landsknechte zu besolden. <em>Zitatende.<\/em><\/p><\/blockquote>\n<p><a href=\"https:\/\/de.wikipedia.org\/wiki\/Deutscher_Bauernkrieg\"><em>https:\/\/de.wikipedia.org\/wiki\/Deutscher_Bauernkrieg<\/em><\/a><\/p>\n<p>Weitere Informationen im Heimathub:<\/p>\n<p><a href=\"https:\/\/heimathub.de\/archive\/goetz_v_berlichingens_bauern_vor-aschaffenburg\/\">G\u00f6tz von Berlichingens Bauern vor Aschaffenburg<\/a><\/p>\n<p><a href=\"https:\/\/heimathub.de\/archive\/studie_goetz_v_berlichingens_bauern_vor_aschaffenburg_1525-clone\/\">Studie zu Goetz v. Berlichingens Bauern vor Aschaffenburg<\/a><\/p>\n<p>Anita Schuldt, Hasselroth<\/p>\n","protected":false},"excerpt":{"rendered":"<p>Der Bauernkrieg war die gro\u00dfe Volksbewegung am Ende des Mittelalters. Zum ersten Mal in der deutschen Geschichte vereinigten sich verschiedenste Gruppen und St\u00e4nde zum gemeinsamen Kampf gegen Willk\u00fcr und Machtmi\u00dfbrauch [&hellip;]<\/p>\n","protected":false},"author":71,"featured_media":0,"comment_status":"open","ping_status":"open","sticky":false,"template":"","format":"standard","meta":{"_acf_changed":false,"_price":"","_stock":"","_tribe_ticket_header":"","_tribe_default_ticket_provider":"","_tribe_ticket_capacity":"0","_ticket_start_date":"","_ticket_end_date":"","_tribe_ticket_show_description":"","_tribe_ticket_show_not_going":false,"_tribe_ticket_use_global_stock":"","_tribe_ticket_global_stock_level":"","_global_stock_mode":"","_global_stock_cap":"","_tribe_rsvp_for_event":"","_tribe_ticket_going_count":"","_tribe_ticket_not_going_count":"","_tribe_tickets_list":"[]","_tribe_ticket_has_attendee_info_fields":false,"footnotes":""},"categories":[18,20],"tags":[1485,278,279,280,281,282,283,1484],"post-format":[],"post-content":[50,47],"class_list":["post-7496","post","type-post","status-publish","format-standard","hentry","category-politik","category-religion","tag-1485","tag-bauernkrieg","tag-bundesordnung","tag-12-artikel","tag-andreas-von-bodenstein","tag-main-kinzig-kreis","tag-regionalgeschichtliches-netzwerk-nord-ost-spessart","tag-goetz-von-berlichingen","content-image","content-text"],"acf":[],"yoast_head":"<!-- This site is optimized with the Yoast SEO plugin v27.5 - https:\/\/yoast.com\/product\/yoast-seo-wordpress\/ -->\n<title>Der Bauernkrieg in Unterfranken und dem Main-Kinzing-Kreis - heimat:hub<\/title>\n<meta name=\"robots\" content=\"index, follow, max-snippet:-1, max-image-preview:large, max-video-preview:-1\" \/>\n<link rel=\"canonical\" href=\"https:\/\/heimathub.de\/der-bauernkrieg-in-unterfranken-und-dem-main-kinzing-kreis\/\" \/>\n<meta property=\"og:locale\" content=\"de_DE\" \/>\n<meta property=\"og:type\" content=\"article\" \/>\n<meta property=\"og:title\" content=\"Der Bauernkrieg in Unterfranken und dem Main-Kinzing-Kreis - heimat:hub\" \/>\n<meta property=\"og:description\" content=\"Der Bauernkrieg war die gro\u00dfe Volksbewegung am Ende des Mittelalters. Zum ersten Mal in der deutschen Geschichte vereinigten sich verschiedenste Gruppen und St\u00e4nde zum gemeinsamen Kampf gegen Willk\u00fcr und Machtmi\u00dfbrauch [&hellip;]\" \/>\n<meta property=\"og:url\" content=\"https:\/\/heimathub.de\/der-bauernkrieg-in-unterfranken-und-dem-main-kinzing-kreis\/\" \/>\n<meta property=\"og:site_name\" content=\"heimat:hub\" \/>\n<meta property=\"article:published_time\" content=\"2025-01-22T10:46:27+00:00\" \/>\n<meta property=\"article:modified_time\" content=\"2025-01-22T11:02:09+00:00\" \/>\n<meta name=\"author\" content=\"Anita Schuldt\" \/>\n<meta name=\"twitter:card\" content=\"summary_large_image\" \/>\n<meta name=\"twitter:label1\" content=\"Verfasst von\" \/>\n\t<meta name=\"twitter:data1\" content=\"Anita Schuldt\" \/>\n\t<meta name=\"twitter:label2\" content=\"Gesch\u00e4tzte Lesezeit\" \/>\n\t<meta name=\"twitter:data2\" content=\"5\u00a0Minuten\" \/>\n<script type=\"application\/ld+json\" class=\"yoast-schema-graph\">{\"@context\":\"https:\\\/\\\/schema.org\",\"@graph\":[{\"@type\":\"Article\",\"@id\":\"https:\\\/\\\/heimathub.de\\\/der-bauernkrieg-in-unterfranken-und-dem-main-kinzing-kreis\\\/#article\",\"isPartOf\":{\"@id\":\"https:\\\/\\\/heimathub.de\\\/der-bauernkrieg-in-unterfranken-und-dem-main-kinzing-kreis\\\/\"},\"author\":{\"name\":\"Anita Schuldt\",\"@id\":\"https:\\\/\\\/heimathub.de\\\/#\\\/schema\\\/person\\\/2c25d588a484449de9b28ba7a0a007bd\"},\"headline\":\"Der Bauernkrieg in Unterfranken und dem Main-Kinzing-Kreis\",\"datePublished\":\"2025-01-22T10:46:27+00:00\",\"dateModified\":\"2025-01-22T11:02:09+00:00\",\"mainEntityOfPage\":{\"@id\":\"https:\\\/\\\/heimathub.de\\\/der-bauernkrieg-in-unterfranken-und-dem-main-kinzing-kreis\\\/\"},\"wordCount\":992,\"commentCount\":3,\"keywords\":[\"1525\",\"Bauernkrieg\",\"Bundesordnung\",\"12 Artikel\",\"Andreas von Bodenstein\",\"Main-Kinzig-Kreis\",\"regionalgeschichtliches Netzwerk Nord-Ost-Spessart\",\"G\u00f6tz von Berlichingen\"],\"articleSection\":[\"Politik\",\"Religion\"],\"inLanguage\":\"de\",\"potentialAction\":[{\"@type\":\"CommentAction\",\"name\":\"Comment\",\"target\":[\"https:\\\/\\\/heimathub.de\\\/der-bauernkrieg-in-unterfranken-und-dem-main-kinzing-kreis\\\/#respond\"]}]},{\"@type\":\"WebPage\",\"@id\":\"https:\\\/\\\/heimathub.de\\\/der-bauernkrieg-in-unterfranken-und-dem-main-kinzing-kreis\\\/\",\"url\":\"https:\\\/\\\/heimathub.de\\\/der-bauernkrieg-in-unterfranken-und-dem-main-kinzing-kreis\\\/\",\"name\":\"Der Bauernkrieg in Unterfranken und dem Main-Kinzing-Kreis - heimat:hub\",\"isPartOf\":{\"@id\":\"https:\\\/\\\/heimathub.de\\\/#website\"},\"datePublished\":\"2025-01-22T10:46:27+00:00\",\"dateModified\":\"2025-01-22T11:02:09+00:00\",\"author\":{\"@id\":\"https:\\\/\\\/heimathub.de\\\/#\\\/schema\\\/person\\\/2c25d588a484449de9b28ba7a0a007bd\"},\"breadcrumb\":{\"@id\":\"https:\\\/\\\/heimathub.de\\\/der-bauernkrieg-in-unterfranken-und-dem-main-kinzing-kreis\\\/#breadcrumb\"},\"inLanguage\":\"de\",\"potentialAction\":[{\"@type\":\"ReadAction\",\"target\":[\"https:\\\/\\\/heimathub.de\\\/der-bauernkrieg-in-unterfranken-und-dem-main-kinzing-kreis\\\/\"]}]},{\"@type\":\"BreadcrumbList\",\"@id\":\"https:\\\/\\\/heimathub.de\\\/der-bauernkrieg-in-unterfranken-und-dem-main-kinzing-kreis\\\/#breadcrumb\",\"itemListElement\":[{\"@type\":\"ListItem\",\"position\":1,\"name\":\"Startseite\",\"item\":\"https:\\\/\\\/heimathub.de\\\/\"},{\"@type\":\"ListItem\",\"position\":2,\"name\":\"Journal\",\"item\":\"https:\\\/\\\/heimathub.de\\\/journal\\\/\"},{\"@type\":\"ListItem\",\"position\":3,\"name\":\"Der Bauernkrieg in Unterfranken und dem Main-Kinzing-Kreis\"}]},{\"@type\":\"WebSite\",\"@id\":\"https:\\\/\\\/heimathub.de\\\/#website\",\"url\":\"https:\\\/\\\/heimathub.de\\\/\",\"name\":\"heimat:hub\",\"description\":\"\",\"potentialAction\":[{\"@type\":\"SearchAction\",\"target\":{\"@type\":\"EntryPoint\",\"urlTemplate\":\"https:\\\/\\\/heimathub.de\\\/?s={search_term_string}\"},\"query-input\":{\"@type\":\"PropertyValueSpecification\",\"valueRequired\":true,\"valueName\":\"search_term_string\"}}],\"inLanguage\":\"de\"},{\"@type\":\"Person\",\"@id\":\"https:\\\/\\\/heimathub.de\\\/#\\\/schema\\\/person\\\/2c25d588a484449de9b28ba7a0a007bd\",\"name\":\"Anita Schuldt\",\"image\":{\"@type\":\"ImageObject\",\"inLanguage\":\"de\",\"@id\":\"https:\\\/\\\/heimathub.de\\\/wp-content\\\/uploads\\\/tml-avatars\\\/Logo-RNNOS-1.jpg\",\"url\":\"https:\\\/\\\/heimathub.de\\\/wp-content\\\/uploads\\\/tml-avatars\\\/Logo-RNNOS-1.jpg\",\"contentUrl\":\"https:\\\/\\\/heimathub.de\\\/wp-content\\\/uploads\\\/tml-avatars\\\/Logo-RNNOS-1.jpg\",\"caption\":\"Anita Schuldt\"},\"description\":\"Mitglied im Regionalgeschichtlichen Netzwerk Nord-Ost-Bayern. Aktuell ist ein Projekt zum Bauernkrieg in Arbeit. Wir freuen uns auf Beitr\u00e4ge zu diesem Thema.\",\"url\":\"https:\\\/\\\/heimathub.de\\\/author\\\/regionalgeschichtliches-netzwerk-nos\\\/\"}]}<\/script>\n<!-- \/ Yoast SEO plugin. -->","yoast_head_json":{"title":"Der Bauernkrieg in Unterfranken und dem Main-Kinzing-Kreis - heimat:hub","robots":{"index":"index","follow":"follow","max-snippet":"max-snippet:-1","max-image-preview":"max-image-preview:large","max-video-preview":"max-video-preview:-1"},"canonical":"https:\/\/heimathub.de\/der-bauernkrieg-in-unterfranken-und-dem-main-kinzing-kreis\/","og_locale":"de_DE","og_type":"article","og_title":"Der Bauernkrieg in Unterfranken und dem Main-Kinzing-Kreis - heimat:hub","og_description":"Der Bauernkrieg war die gro\u00dfe Volksbewegung am Ende des Mittelalters. Zum ersten Mal in der deutschen Geschichte vereinigten sich verschiedenste Gruppen und St\u00e4nde zum gemeinsamen Kampf gegen Willk\u00fcr und Machtmi\u00dfbrauch [&hellip;]","og_url":"https:\/\/heimathub.de\/der-bauernkrieg-in-unterfranken-und-dem-main-kinzing-kreis\/","og_site_name":"heimat:hub","article_published_time":"2025-01-22T10:46:27+00:00","article_modified_time":"2025-01-22T11:02:09+00:00","author":"Anita Schuldt","twitter_card":"summary_large_image","twitter_misc":{"Verfasst von":"Anita Schuldt","Gesch\u00e4tzte Lesezeit":"5\u00a0Minuten"},"schema":{"@context":"https:\/\/schema.org","@graph":[{"@type":"Article","@id":"https:\/\/heimathub.de\/der-bauernkrieg-in-unterfranken-und-dem-main-kinzing-kreis\/#article","isPartOf":{"@id":"https:\/\/heimathub.de\/der-bauernkrieg-in-unterfranken-und-dem-main-kinzing-kreis\/"},"author":{"name":"Anita Schuldt","@id":"https:\/\/heimathub.de\/#\/schema\/person\/2c25d588a484449de9b28ba7a0a007bd"},"headline":"Der Bauernkrieg in Unterfranken und dem Main-Kinzing-Kreis","datePublished":"2025-01-22T10:46:27+00:00","dateModified":"2025-01-22T11:02:09+00:00","mainEntityOfPage":{"@id":"https:\/\/heimathub.de\/der-bauernkrieg-in-unterfranken-und-dem-main-kinzing-kreis\/"},"wordCount":992,"commentCount":3,"keywords":["1525","Bauernkrieg","Bundesordnung","12 Artikel","Andreas von Bodenstein","Main-Kinzig-Kreis","regionalgeschichtliches Netzwerk Nord-Ost-Spessart","G\u00f6tz von Berlichingen"],"articleSection":["Politik","Religion"],"inLanguage":"de","potentialAction":[{"@type":"CommentAction","name":"Comment","target":["https:\/\/heimathub.de\/der-bauernkrieg-in-unterfranken-und-dem-main-kinzing-kreis\/#respond"]}]},{"@type":"WebPage","@id":"https:\/\/heimathub.de\/der-bauernkrieg-in-unterfranken-und-dem-main-kinzing-kreis\/","url":"https:\/\/heimathub.de\/der-bauernkrieg-in-unterfranken-und-dem-main-kinzing-kreis\/","name":"Der Bauernkrieg in Unterfranken und dem Main-Kinzing-Kreis - heimat:hub","isPartOf":{"@id":"https:\/\/heimathub.de\/#website"},"datePublished":"2025-01-22T10:46:27+00:00","dateModified":"2025-01-22T11:02:09+00:00","author":{"@id":"https:\/\/heimathub.de\/#\/schema\/person\/2c25d588a484449de9b28ba7a0a007bd"},"breadcrumb":{"@id":"https:\/\/heimathub.de\/der-bauernkrieg-in-unterfranken-und-dem-main-kinzing-kreis\/#breadcrumb"},"inLanguage":"de","potentialAction":[{"@type":"ReadAction","target":["https:\/\/heimathub.de\/der-bauernkrieg-in-unterfranken-und-dem-main-kinzing-kreis\/"]}]},{"@type":"BreadcrumbList","@id":"https:\/\/heimathub.de\/der-bauernkrieg-in-unterfranken-und-dem-main-kinzing-kreis\/#breadcrumb","itemListElement":[{"@type":"ListItem","position":1,"name":"Startseite","item":"https:\/\/heimathub.de\/"},{"@type":"ListItem","position":2,"name":"Journal","item":"https:\/\/heimathub.de\/journal\/"},{"@type":"ListItem","position":3,"name":"Der Bauernkrieg in Unterfranken und dem Main-Kinzing-Kreis"}]},{"@type":"WebSite","@id":"https:\/\/heimathub.de\/#website","url":"https:\/\/heimathub.de\/","name":"heimat:hub","description":"","potentialAction":[{"@type":"SearchAction","target":{"@type":"EntryPoint","urlTemplate":"https:\/\/heimathub.de\/?s={search_term_string}"},"query-input":{"@type":"PropertyValueSpecification","valueRequired":true,"valueName":"search_term_string"}}],"inLanguage":"de"},{"@type":"Person","@id":"https:\/\/heimathub.de\/#\/schema\/person\/2c25d588a484449de9b28ba7a0a007bd","name":"Anita Schuldt","image":{"@type":"ImageObject","inLanguage":"de","@id":"https:\/\/heimathub.de\/wp-content\/uploads\/tml-avatars\/Logo-RNNOS-1.jpg","url":"https:\/\/heimathub.de\/wp-content\/uploads\/tml-avatars\/Logo-RNNOS-1.jpg","contentUrl":"https:\/\/heimathub.de\/wp-content\/uploads\/tml-avatars\/Logo-RNNOS-1.jpg","caption":"Anita Schuldt"},"description":"Mitglied im Regionalgeschichtlichen Netzwerk Nord-Ost-Bayern. Aktuell ist ein Projekt zum Bauernkrieg in Arbeit. Wir freuen uns auf Beitr\u00e4ge zu diesem Thema.","url":"https:\/\/heimathub.de\/author\/regionalgeschichtliches-netzwerk-nos\/"}]}},"_links":{"self":[{"href":"https:\/\/heimathub.de\/data\/wp\/v2\/posts\/7496","targetHints":{"allow":["GET"]}}],"collection":[{"href":"https:\/\/heimathub.de\/data\/wp\/v2\/posts"}],"about":[{"href":"https:\/\/heimathub.de\/data\/wp\/v2\/types\/post"}],"author":[{"embeddable":true,"href":"https:\/\/heimathub.de\/data\/wp\/v2\/users\/71"}],"replies":[{"embeddable":true,"href":"https:\/\/heimathub.de\/data\/wp\/v2\/comments?post=7496"}],"version-history":[{"count":4,"href":"https:\/\/heimathub.de\/data\/wp\/v2\/posts\/7496\/revisions"}],"predecessor-version":[{"id":17121,"href":"https:\/\/heimathub.de\/data\/wp\/v2\/posts\/7496\/revisions\/17121"}],"wp:attachment":[{"href":"https:\/\/heimathub.de\/data\/wp\/v2\/media?parent=7496"}],"wp:term":[{"taxonomy":"category","embeddable":true,"href":"https:\/\/heimathub.de\/data\/wp\/v2\/categories?post=7496"},{"taxonomy":"post_tag","embeddable":true,"href":"https:\/\/heimathub.de\/data\/wp\/v2\/tags?post=7496"},{"taxonomy":"format","embeddable":true,"href":"https:\/\/heimathub.de\/data\/wp\/v2\/post-format?post=7496"},{"taxonomy":"content","embeddable":true,"href":"https:\/\/heimathub.de\/data\/wp\/v2\/post-content?post=7496"}],"curies":[{"name":"wp","href":"https:\/\/api.w.org\/{rel}","templated":true}]}}