{"id":7065,"date":"2023-04-18T12:51:24","date_gmt":"2023-04-18T10:51:24","guid":{"rendered":"https:\/\/heimathub.de\/?p=7065"},"modified":"2023-06-28T10:24:34","modified_gmt":"2023-06-28T08:24:34","slug":"abhandlung-ueber-die-juedische-familie-solinger-strauss","status":"publish","type":"post","link":"https:\/\/heimathub.de\/abhandlung-ueber-die-juedische-familie-solinger-strauss\/","title":{"rendered":"Abhandlung \u00fcber die j\u00fcdische Familie Solinger-Strauss"},"content":{"rendered":"<p><strong>Wie lebten die Mitglieder der Familie Solinger vor der Machtergreifung der Nationalsozialisten mit ihren zahlreichen Familienzweigen mitten unter uns in Aschaffenburg, wie erging es ihnen nach 1933?<\/strong><br \/>\n<strong>Wie konnte die kleine Familie Strauss mit ihren zwei jungen T\u00f6chtern es noch im Mai 1941 schaffen von Aschaffenburg nach New York auszureisen?<\/strong><\/p>\n<p>Es gibt sie noch &#8211; die so wichtigen Zeitzeugen, die uns bis heute authentisch von ihren eigenen bewegenden Erlebnissen erz\u00e4hlen k\u00f6nnen. Wohl nicht mehr allzu lange\u2026<\/p>\n<p><em>\u201eSicherlich h\u00f6ren Sie \u00f6fters: Schon genug, man mu\u00df das vergessen!\u201c<\/em><\/p>\n<p>Dies schrieb mir Helen Feingold in ihrem ersten Brief im Jahr 1994. Helen Feingold, geborene Strauss, aus Aschaffenburg ist n\u00e4mlich solch eine Zeitzeugin. Und dieser Satz von ihr war der Antrieb f\u00fcr mich auch meinen Beitrag dazu zu leisten, dass genau dies, n\u00e4mlich das Vergessen, eben nicht passiert! Sie, die alte kleine Dame, lebt mit 98 Jahren und seit 1941 in New York. Und sie spricht trotz des hohen Alters, ihrer Demenz und ihrer k\u00f6rperlichen Gebrechen, noch immer deutsch, allerdings mit Akzent! Nicht wie man annehmen k\u00f6nnte mit amerikanischem Zungenschlang &#8211; nein, sie spricht mit mir in ihrem Appartement in Washington Heights, im 9. Stockwerk eines Wohnblocks in dem sie seit ihrer Flucht vor Nazideuchtschland lebt, mit dem Akzent ihrer Heimat, Ascheberscherisch, wie sie es selbst noch immer nennt. Und wenn sie dieses Idiom h\u00f6rt und dann auch spricht mit mir, dann kommen bei ihr Erinnerungen hoch und es klingt f\u00fcr mich dann sehr, sehr vertraut und authentisch. Ber\u00fchrend vertraut! Es war Helen zeit ihres Lebens ein Herzensanliegen gewesen der Nachwelt, den nachfolgenden Generationen, den Jugendlichen in den Schulen davon zu berichten wie sie selbst und ihre gro\u00dfe Familie den \u201e<em>Terror der Nazis\u201c<\/em>, wie sie immer sagte, erlebt und \u00fcberlebt bzw. eben nicht \u00fcberlebt hat.<\/p>\n<p>Und sie hat auch in diesem Sinne gehandelt, als sie ihrem \u201eAschebersch\u201c ein unsch\u00e4tzbares Geschenk gemacht hat &#8211; <strong>ihren Fluchtrucksack<\/strong>! \u00a0Sie hatte ihn als einziges Gep\u00e4ck mitnehmen d\u00fcrfen auf dieser abenteuerlichen Flucht mit der Familie, \u00fcber die in der Folge noch berichtet werden wird. Diesen, Helens Rucksack, hat sie vor Jahren den st\u00e4dtischen Museen \u00fcbermacht und er befindet sich im j\u00fcdischen Museum in einer Vitrine an prominenter Stelle und er erf\u00fcllt so die Aufgabe , die Helens Lebenszweck wurde &#8211; er mahnt und er ist ein Zeuge! Wenn man ihn zum Sprechen bringt &#8211; dann kann er auch viel erz\u00e4hlen\u2026<\/p>\n<figure id=\"attachment_7611\" aria-describedby=\"caption-attachment-7611\" style=\"width: 615px\" class=\"wp-caption alignnone\"><img loading=\"lazy\" decoding=\"async\" class=\" wp-image-7611\" src=\"https:\/\/heimathub.de\/wp-content\/uploads\/2023\/04\/MSA-611-2008-Foto-Lippert-800x535.jpg\" alt=\"\" width=\"615\" height=\"411\" srcset=\"https:\/\/heimathub.de\/wp-content\/uploads\/2023\/04\/MSA-611-2008-Foto-Lippert-800x535.jpg 800w, https:\/\/heimathub.de\/wp-content\/uploads\/2023\/04\/MSA-611-2008-Foto-Lippert-1024x685.jpg 1024w, https:\/\/heimathub.de\/wp-content\/uploads\/2023\/04\/MSA-611-2008-Foto-Lippert-768x514.jpg 768w, https:\/\/heimathub.de\/wp-content\/uploads\/2023\/04\/MSA-611-2008-Foto-Lippert-1536x1028.jpg 1536w, https:\/\/heimathub.de\/wp-content\/uploads\/2023\/04\/MSA-611-2008-Foto-Lippert-2048x1370.jpg 2048w, https:\/\/heimathub.de\/wp-content\/uploads\/2023\/04\/MSA-611-2008-Foto-Lippert-1614x1080.jpg 1614w, https:\/\/heimathub.de\/wp-content\/uploads\/2023\/04\/MSA-611-2008-Foto-Lippert-600x402.jpg 600w\" sizes=\"auto, (max-width: 615px) 100vw, 615px\" \/><figcaption id=\"caption-attachment-7611\" class=\"wp-caption-text\">Fluchtrucksack von Hella Strau\u00df, 1941, Museen der Stadt Aschaffenburg<\/figcaption><\/figure>\n<p>Da auch ein solch besonderes Leben nicht ewig w\u00e4hrt und endlich ist, darf es nicht einfach spurlos verschwinden. Nicht aus dem Ged\u00e4chtnis unserer Stadt und nicht aus dem Ged\u00e4chtnis aller, die nach uns und Helen kommen\u2026 Ich sehe ich es als eine Aufgabe an andere Menschen, die ebenfalls nicht meinen, \u201ees sollte doch nun mal Schluss sein\u201c, an Helens pr\u00e4genden Erfahrungen und Gedanken teilhaben zu lassen. Vielleicht lesen diese Zeilen auch junge Menschen, die sich von Helens Anliegen und Hoffnungen ber\u00fchren lassen.<\/p>\n<p>Ich bin froh und stolz ein kleines St\u00fcck ihres Lebens mit ihr teilen zu d\u00fcrfen und nun heute in der Lage zu sein zur\u00fcck zu schauen und davon aufzuzeichnen so gut es mir gelingt. Es ist ein Privileg und eine Ehre.<\/p>\n<p>Liebe Helen &#8211; du bist und warst eine stolze, starke und mutige Frau und ich darf mich deine Freundin nennen!<\/p>\n<p>Ich selbst m\u00f6chte nun hier, vor allem an Hand meines sehr umfangreichen Briefwechsels, den ich \u00fcber drei\u00dfig Jahren hinweg mit ihr pflegte, \u00fcber sie, ihre Familie, ihr Leben damals und \u201edanach\u201c &#8211; bis heute, in weiteren Beitr\u00e4gen berichten.<\/p>\n<p><a href=\"https:\/\/heimathub.de\/helen-erzaehlt-lebendige-briefe\/\">Mehr zur Familie Solinger-Strau\u00df: Helen erz\u00e4hlt &#8211; lebendige Briefe, Teil 1<\/a><\/p>\n<p>&nbsp;<\/p>\n<p>Beitragsbild: \u00a9 Ulli Wei\u00dfhaar<\/p>\n","protected":false},"excerpt":{"rendered":"<p>Wie lebten die Mitglieder der Familie Solinger vor der Machtergreifung der Nationalsozialisten mit ihren zahlreichen Familienzweigen mitten unter uns in Aschaffenburg, wie erging es ihnen nach 1933? Wie konnte die [&hellip;]<\/p>\n","protected":false},"author":33,"featured_media":0,"comment_status":"open","ping_status":"open","sticky":false,"template":"","format":"standard","meta":{"_acf_changed":false,"_price":"","_stock":"","_tribe_ticket_header":"","_tribe_default_ticket_provider":"","_tribe_ticket_capacity":"0","_ticket_start_date":"","_ticket_end_date":"","_tribe_ticket_show_description":"","_tribe_ticket_show_not_going":false,"_tribe_ticket_use_global_stock":"","_tribe_ticket_global_stock_level":"","_global_stock_mode":"","_global_stock_cap":"","_tribe_rsvp_for_event":"","_tribe_ticket_going_count":"","_tribe_ticket_not_going_count":"","_tribe_tickets_list":"[]","_tribe_ticket_has_attendee_info_fields":false,"footnotes":""},"categories":[14,18],"tags":[23,39,43,208,306],"post-format":[],"post-content":[50,47],"class_list":["post-7065","post","type-post","status-publish","format-standard","hentry","category-familie","category-politik","tag-lokalgeschichte","tag-nationalsozialismus","tag-zweiter-weltkrieg","tag-juedisches-leben-aschaffenburg","tag-familie-solinger-strauss","content-image","content-text"],"acf":[],"yoast_head":"<!-- This site is optimized with the Yoast SEO plugin v27.5 - https:\/\/yoast.com\/product\/yoast-seo-wordpress\/ -->\n<title>Abhandlung \u00fcber die j\u00fcdische Familie Solinger-Strauss - heimat:hub<\/title>\n<meta name=\"description\" content=\"j\u00fcdisches Leben in Aschaffenburg, die Familie Strauss in Aschaffenburg und ihre Flucht im Zweiten Weltkrieg\" \/>\n<meta name=\"robots\" content=\"index, follow, max-snippet:-1, max-image-preview:large, max-video-preview:-1\" \/>\n<link rel=\"canonical\" href=\"https:\/\/heimathub.de\/abhandlung-ueber-die-juedische-familie-solinger-strauss\/\" \/>\n<meta property=\"og:locale\" content=\"de_DE\" \/>\n<meta property=\"og:type\" content=\"article\" \/>\n<meta property=\"og:title\" content=\"Abhandlung \u00fcber die j\u00fcdische Familie Solinger-Strauss - heimat:hub\" \/>\n<meta property=\"og:description\" content=\"j\u00fcdisches Leben in Aschaffenburg, die Familie Strauss in Aschaffenburg und ihre Flucht im Zweiten Weltkrieg\" \/>\n<meta property=\"og:url\" content=\"https:\/\/heimathub.de\/abhandlung-ueber-die-juedische-familie-solinger-strauss\/\" \/>\n<meta property=\"og:site_name\" content=\"heimat:hub\" \/>\n<meta property=\"article:published_time\" content=\"2023-04-18T10:51:24+00:00\" \/>\n<meta property=\"article:modified_time\" content=\"2023-06-28T08:24:34+00:00\" \/>\n<meta property=\"og:image\" content=\"https:\/\/heimathub.de\/wp-content\/uploads\/2023\/04\/MSA-611-2008-Foto-Lippert-800x535.jpg\" \/>\n<meta name=\"author\" content=\"Ulli Weisshaar\" \/>\n<meta name=\"twitter:card\" content=\"summary_large_image\" \/>\n<meta name=\"twitter:label1\" content=\"Verfasst von\" \/>\n\t<meta name=\"twitter:data1\" content=\"Ulli Weisshaar\" \/>\n\t<meta name=\"twitter:label2\" content=\"Gesch\u00e4tzte Lesezeit\" \/>\n\t<meta name=\"twitter:data2\" content=\"4\u00a0Minuten\" \/>\n<script type=\"application\/ld+json\" class=\"yoast-schema-graph\">{\"@context\":\"https:\\\/\\\/schema.org\",\"@graph\":[{\"@type\":\"Article\",\"@id\":\"https:\\\/\\\/heimathub.de\\\/abhandlung-ueber-die-juedische-familie-solinger-strauss\\\/#article\",\"isPartOf\":{\"@id\":\"https:\\\/\\\/heimathub.de\\\/abhandlung-ueber-die-juedische-familie-solinger-strauss\\\/\"},\"author\":{\"name\":\"Ulli Weisshaar\",\"@id\":\"https:\\\/\\\/heimathub.de\\\/#\\\/schema\\\/person\\\/520450f89f8b82a5de9470c586cbe3be\"},\"headline\":\"Abhandlung \u00fcber die j\u00fcdische Familie Solinger-Strauss\",\"datePublished\":\"2023-04-18T10:51:24+00:00\",\"dateModified\":\"2023-06-28T08:24:34+00:00\",\"mainEntityOfPage\":{\"@id\":\"https:\\\/\\\/heimathub.de\\\/abhandlung-ueber-die-juedische-familie-solinger-strauss\\\/\"},\"wordCount\":634,\"commentCount\":0,\"image\":{\"@id\":\"https:\\\/\\\/heimathub.de\\\/abhandlung-ueber-die-juedische-familie-solinger-strauss\\\/#primaryimage\"},\"thumbnailUrl\":\"https:\\\/\\\/heimathub.de\\\/wp-content\\\/uploads\\\/2023\\\/04\\\/MSA-611-2008-Foto-Lippert-800x535.jpg\",\"keywords\":[\"Lokalgeschichte\",\"Nationalsozialismus\",\"zweiter Weltkrieg\",\"j\u00fcdisches Leben Aschaffenburg\",\"Familie Solinger-Strauss\"],\"articleSection\":[\"Familie\",\"Politik\"],\"inLanguage\":\"de\",\"potentialAction\":[{\"@type\":\"CommentAction\",\"name\":\"Comment\",\"target\":[\"https:\\\/\\\/heimathub.de\\\/abhandlung-ueber-die-juedische-familie-solinger-strauss\\\/#respond\"]}]},{\"@type\":\"WebPage\",\"@id\":\"https:\\\/\\\/heimathub.de\\\/abhandlung-ueber-die-juedische-familie-solinger-strauss\\\/\",\"url\":\"https:\\\/\\\/heimathub.de\\\/abhandlung-ueber-die-juedische-familie-solinger-strauss\\\/\",\"name\":\"Abhandlung \u00fcber die j\u00fcdische Familie Solinger-Strauss - heimat:hub\",\"isPartOf\":{\"@id\":\"https:\\\/\\\/heimathub.de\\\/#website\"},\"primaryImageOfPage\":{\"@id\":\"https:\\\/\\\/heimathub.de\\\/abhandlung-ueber-die-juedische-familie-solinger-strauss\\\/#primaryimage\"},\"image\":{\"@id\":\"https:\\\/\\\/heimathub.de\\\/abhandlung-ueber-die-juedische-familie-solinger-strauss\\\/#primaryimage\"},\"thumbnailUrl\":\"https:\\\/\\\/heimathub.de\\\/wp-content\\\/uploads\\\/2023\\\/04\\\/MSA-611-2008-Foto-Lippert-800x535.jpg\",\"datePublished\":\"2023-04-18T10:51:24+00:00\",\"dateModified\":\"2023-06-28T08:24:34+00:00\",\"author\":{\"@id\":\"https:\\\/\\\/heimathub.de\\\/#\\\/schema\\\/person\\\/520450f89f8b82a5de9470c586cbe3be\"},\"description\":\"j\u00fcdisches Leben in Aschaffenburg, die Familie Strauss in Aschaffenburg und ihre Flucht im Zweiten Weltkrieg\",\"breadcrumb\":{\"@id\":\"https:\\\/\\\/heimathub.de\\\/abhandlung-ueber-die-juedische-familie-solinger-strauss\\\/#breadcrumb\"},\"inLanguage\":\"de\",\"potentialAction\":[{\"@type\":\"ReadAction\",\"target\":[\"https:\\\/\\\/heimathub.de\\\/abhandlung-ueber-die-juedische-familie-solinger-strauss\\\/\"]}]},{\"@type\":\"ImageObject\",\"inLanguage\":\"de\",\"@id\":\"https:\\\/\\\/heimathub.de\\\/abhandlung-ueber-die-juedische-familie-solinger-strauss\\\/#primaryimage\",\"url\":\"https:\\\/\\\/heimathub.de\\\/wp-content\\\/uploads\\\/2023\\\/04\\\/MSA-611-2008-Foto-Lippert-scaled.jpg\",\"contentUrl\":\"https:\\\/\\\/heimathub.de\\\/wp-content\\\/uploads\\\/2023\\\/04\\\/MSA-611-2008-Foto-Lippert-scaled.jpg\",\"width\":2560,\"height\":1713,\"caption\":\"Fluchtrucksack von Hella Strau\u00df, 1941, Museen der Stadt Aschaffenburg\"},{\"@type\":\"BreadcrumbList\",\"@id\":\"https:\\\/\\\/heimathub.de\\\/abhandlung-ueber-die-juedische-familie-solinger-strauss\\\/#breadcrumb\",\"itemListElement\":[{\"@type\":\"ListItem\",\"position\":1,\"name\":\"Startseite\",\"item\":\"https:\\\/\\\/heimathub.de\\\/\"},{\"@type\":\"ListItem\",\"position\":2,\"name\":\"Journal\",\"item\":\"https:\\\/\\\/heimathub.de\\\/journal\\\/\"},{\"@type\":\"ListItem\",\"position\":3,\"name\":\"Abhandlung \u00fcber die j\u00fcdische Familie Solinger-Strauss\"}]},{\"@type\":\"WebSite\",\"@id\":\"https:\\\/\\\/heimathub.de\\\/#website\",\"url\":\"https:\\\/\\\/heimathub.de\\\/\",\"name\":\"heimat:hub\",\"description\":\"\",\"potentialAction\":[{\"@type\":\"SearchAction\",\"target\":{\"@type\":\"EntryPoint\",\"urlTemplate\":\"https:\\\/\\\/heimathub.de\\\/?s={search_term_string}\"},\"query-input\":{\"@type\":\"PropertyValueSpecification\",\"valueRequired\":true,\"valueName\":\"search_term_string\"}}],\"inLanguage\":\"de\"},{\"@type\":\"Person\",\"@id\":\"https:\\\/\\\/heimathub.de\\\/#\\\/schema\\\/person\\\/520450f89f8b82a5de9470c586cbe3be\",\"name\":\"Ulli Weisshaar\",\"image\":{\"@type\":\"ImageObject\",\"inLanguage\":\"de\",\"@id\":\"https:\\\/\\\/heimathub.de\\\/wp-content\\\/uploads\\\/tml-avatars\\\/Ulrike-Weisshaar.jpg\",\"url\":\"https:\\\/\\\/heimathub.de\\\/wp-content\\\/uploads\\\/tml-avatars\\\/Ulrike-Weisshaar.jpg\",\"contentUrl\":\"https:\\\/\\\/heimathub.de\\\/wp-content\\\/uploads\\\/tml-avatars\\\/Ulrike-Weisshaar.jpg\",\"caption\":\"Ulli Weisshaar\"},\"description\":\"Ich bin seit 25 Jahren Stadtf\u00fchrerin in Aschaffenburg und interessiere mich besonders f\u00fcr die j\u00fcdische Vergangenheit der Stadt.\",\"url\":\"https:\\\/\\\/heimathub.de\\\/author\\\/ulli-weisshaar\\\/\"}]}<\/script>\n<!-- \/ Yoast SEO plugin. -->","yoast_head_json":{"title":"Abhandlung \u00fcber die j\u00fcdische Familie Solinger-Strauss - heimat:hub","description":"j\u00fcdisches Leben in Aschaffenburg, die Familie Strauss in Aschaffenburg und ihre Flucht im Zweiten Weltkrieg","robots":{"index":"index","follow":"follow","max-snippet":"max-snippet:-1","max-image-preview":"max-image-preview:large","max-video-preview":"max-video-preview:-1"},"canonical":"https:\/\/heimathub.de\/abhandlung-ueber-die-juedische-familie-solinger-strauss\/","og_locale":"de_DE","og_type":"article","og_title":"Abhandlung \u00fcber die j\u00fcdische Familie Solinger-Strauss - heimat:hub","og_description":"j\u00fcdisches Leben in Aschaffenburg, die Familie Strauss in Aschaffenburg und ihre Flucht im Zweiten Weltkrieg","og_url":"https:\/\/heimathub.de\/abhandlung-ueber-die-juedische-familie-solinger-strauss\/","og_site_name":"heimat:hub","article_published_time":"2023-04-18T10:51:24+00:00","article_modified_time":"2023-06-28T08:24:34+00:00","og_image":[{"url":"https:\/\/heimathub.de\/wp-content\/uploads\/2023\/04\/MSA-611-2008-Foto-Lippert-800x535.jpg","type":"","width":"","height":""}],"author":"Ulli Weisshaar","twitter_card":"summary_large_image","twitter_misc":{"Verfasst von":"Ulli Weisshaar","Gesch\u00e4tzte Lesezeit":"4\u00a0Minuten"},"schema":{"@context":"https:\/\/schema.org","@graph":[{"@type":"Article","@id":"https:\/\/heimathub.de\/abhandlung-ueber-die-juedische-familie-solinger-strauss\/#article","isPartOf":{"@id":"https:\/\/heimathub.de\/abhandlung-ueber-die-juedische-familie-solinger-strauss\/"},"author":{"name":"Ulli Weisshaar","@id":"https:\/\/heimathub.de\/#\/schema\/person\/520450f89f8b82a5de9470c586cbe3be"},"headline":"Abhandlung \u00fcber die j\u00fcdische Familie Solinger-Strauss","datePublished":"2023-04-18T10:51:24+00:00","dateModified":"2023-06-28T08:24:34+00:00","mainEntityOfPage":{"@id":"https:\/\/heimathub.de\/abhandlung-ueber-die-juedische-familie-solinger-strauss\/"},"wordCount":634,"commentCount":0,"image":{"@id":"https:\/\/heimathub.de\/abhandlung-ueber-die-juedische-familie-solinger-strauss\/#primaryimage"},"thumbnailUrl":"https:\/\/heimathub.de\/wp-content\/uploads\/2023\/04\/MSA-611-2008-Foto-Lippert-800x535.jpg","keywords":["Lokalgeschichte","Nationalsozialismus","zweiter Weltkrieg","j\u00fcdisches Leben Aschaffenburg","Familie Solinger-Strauss"],"articleSection":["Familie","Politik"],"inLanguage":"de","potentialAction":[{"@type":"CommentAction","name":"Comment","target":["https:\/\/heimathub.de\/abhandlung-ueber-die-juedische-familie-solinger-strauss\/#respond"]}]},{"@type":"WebPage","@id":"https:\/\/heimathub.de\/abhandlung-ueber-die-juedische-familie-solinger-strauss\/","url":"https:\/\/heimathub.de\/abhandlung-ueber-die-juedische-familie-solinger-strauss\/","name":"Abhandlung \u00fcber die j\u00fcdische Familie Solinger-Strauss - heimat:hub","isPartOf":{"@id":"https:\/\/heimathub.de\/#website"},"primaryImageOfPage":{"@id":"https:\/\/heimathub.de\/abhandlung-ueber-die-juedische-familie-solinger-strauss\/#primaryimage"},"image":{"@id":"https:\/\/heimathub.de\/abhandlung-ueber-die-juedische-familie-solinger-strauss\/#primaryimage"},"thumbnailUrl":"https:\/\/heimathub.de\/wp-content\/uploads\/2023\/04\/MSA-611-2008-Foto-Lippert-800x535.jpg","datePublished":"2023-04-18T10:51:24+00:00","dateModified":"2023-06-28T08:24:34+00:00","author":{"@id":"https:\/\/heimathub.de\/#\/schema\/person\/520450f89f8b82a5de9470c586cbe3be"},"description":"j\u00fcdisches Leben in Aschaffenburg, die Familie Strauss in Aschaffenburg und ihre Flucht im Zweiten Weltkrieg","breadcrumb":{"@id":"https:\/\/heimathub.de\/abhandlung-ueber-die-juedische-familie-solinger-strauss\/#breadcrumb"},"inLanguage":"de","potentialAction":[{"@type":"ReadAction","target":["https:\/\/heimathub.de\/abhandlung-ueber-die-juedische-familie-solinger-strauss\/"]}]},{"@type":"ImageObject","inLanguage":"de","@id":"https:\/\/heimathub.de\/abhandlung-ueber-die-juedische-familie-solinger-strauss\/#primaryimage","url":"https:\/\/heimathub.de\/wp-content\/uploads\/2023\/04\/MSA-611-2008-Foto-Lippert-scaled.jpg","contentUrl":"https:\/\/heimathub.de\/wp-content\/uploads\/2023\/04\/MSA-611-2008-Foto-Lippert-scaled.jpg","width":2560,"height":1713,"caption":"Fluchtrucksack von Hella Strau\u00df, 1941, Museen der Stadt Aschaffenburg"},{"@type":"BreadcrumbList","@id":"https:\/\/heimathub.de\/abhandlung-ueber-die-juedische-familie-solinger-strauss\/#breadcrumb","itemListElement":[{"@type":"ListItem","position":1,"name":"Startseite","item":"https:\/\/heimathub.de\/"},{"@type":"ListItem","position":2,"name":"Journal","item":"https:\/\/heimathub.de\/journal\/"},{"@type":"ListItem","position":3,"name":"Abhandlung \u00fcber die j\u00fcdische Familie Solinger-Strauss"}]},{"@type":"WebSite","@id":"https:\/\/heimathub.de\/#website","url":"https:\/\/heimathub.de\/","name":"heimat:hub","description":"","potentialAction":[{"@type":"SearchAction","target":{"@type":"EntryPoint","urlTemplate":"https:\/\/heimathub.de\/?s={search_term_string}"},"query-input":{"@type":"PropertyValueSpecification","valueRequired":true,"valueName":"search_term_string"}}],"inLanguage":"de"},{"@type":"Person","@id":"https:\/\/heimathub.de\/#\/schema\/person\/520450f89f8b82a5de9470c586cbe3be","name":"Ulli Weisshaar","image":{"@type":"ImageObject","inLanguage":"de","@id":"https:\/\/heimathub.de\/wp-content\/uploads\/tml-avatars\/Ulrike-Weisshaar.jpg","url":"https:\/\/heimathub.de\/wp-content\/uploads\/tml-avatars\/Ulrike-Weisshaar.jpg","contentUrl":"https:\/\/heimathub.de\/wp-content\/uploads\/tml-avatars\/Ulrike-Weisshaar.jpg","caption":"Ulli Weisshaar"},"description":"Ich bin seit 25 Jahren Stadtf\u00fchrerin in Aschaffenburg und interessiere mich besonders f\u00fcr die j\u00fcdische Vergangenheit der Stadt.","url":"https:\/\/heimathub.de\/author\/ulli-weisshaar\/"}]}},"_links":{"self":[{"href":"https:\/\/heimathub.de\/data\/wp\/v2\/posts\/7065","targetHints":{"allow":["GET"]}}],"collection":[{"href":"https:\/\/heimathub.de\/data\/wp\/v2\/posts"}],"about":[{"href":"https:\/\/heimathub.de\/data\/wp\/v2\/types\/post"}],"author":[{"embeddable":true,"href":"https:\/\/heimathub.de\/data\/wp\/v2\/users\/33"}],"replies":[{"embeddable":true,"href":"https:\/\/heimathub.de\/data\/wp\/v2\/comments?post=7065"}],"version-history":[{"count":11,"href":"https:\/\/heimathub.de\/data\/wp\/v2\/posts\/7065\/revisions"}],"predecessor-version":[{"id":7626,"href":"https:\/\/heimathub.de\/data\/wp\/v2\/posts\/7065\/revisions\/7626"}],"wp:attachment":[{"href":"https:\/\/heimathub.de\/data\/wp\/v2\/media?parent=7065"}],"wp:term":[{"taxonomy":"category","embeddable":true,"href":"https:\/\/heimathub.de\/data\/wp\/v2\/categories?post=7065"},{"taxonomy":"post_tag","embeddable":true,"href":"https:\/\/heimathub.de\/data\/wp\/v2\/tags?post=7065"},{"taxonomy":"format","embeddable":true,"href":"https:\/\/heimathub.de\/data\/wp\/v2\/post-format?post=7065"},{"taxonomy":"content","embeddable":true,"href":"https:\/\/heimathub.de\/data\/wp\/v2\/post-content?post=7065"}],"curies":[{"name":"wp","href":"https:\/\/api.w.org\/{rel}","templated":true}]}}