{"id":7012,"date":"2023-04-12T07:19:09","date_gmt":"2023-04-12T05:19:09","guid":{"rendered":"https:\/\/heimathub.de\/?p=7012"},"modified":"2023-05-25T17:18:07","modified_gmt":"2023-05-25T15:18:07","slug":"der-27-september-1944-wie-ich-den-krieg-ueberlebte","status":"publish","type":"post","link":"https:\/\/heimathub.de\/der-27-september-1944-wie-ich-den-krieg-ueberlebte\/","title":{"rendered":"Der 27. September 1944 &#8211; Wie wir den Krieg \u00fcberlebten"},"content":{"rendered":"<p>Unsere Eltern wohnten seit 1937 in einer Doppelhaush\u00e4lfte im Parterre in Aschaffenburg, Goldbacher Str. \u00dcber uns wohnte die Hausbesitzerin und unter dem Dach eine \u00e4ltere Frau mit ihrer Tochter.<\/p>\n<p>Seit 1939 war Krieg und seit 1940 gab es wiederholt Luftangriffe in Aschaffenburg. Im Herbst 1940 wurden Damm, der Auhof und die Fasanerie in Mitleidenschaft gezogen. Danach schien Ruhe einzukehren und Aschaffenburg blieb verschont, bis 1943 Schweinheim\u00a0 von Hunderten von Brandbomben getroffen wurde. Von da an verging kaum ein Tag ohne Luftalarm. Wenn die Sirenen gingen, hie\u00df es, Notgep\u00e4ck aufnehmen und den Luftschutzkeller aufsuchen. In unserem Fall war es der Hauskeller.<\/p>\n<p>Am 27. September 1944 &#8211; ich war etwas \u00fcber 5 Jahre alt &#8211; erfolgte eine Reihe von Luftangriffen, die nicht abzurei\u00dfen schienen und bis in den M\u00e4rz 1945 dauern sollten. An diesem Tag war Vaters Kusine &#8211; unsere Tante K\u00e4the Sauer &#8211; bei uns zu Besuch. Wir, unsere Mutter, Tante K\u00e4the und ich begaben uns bei jedem Alarm mit meinem 4 Monate alten Bruder Rolf (J\u00fclg) in den Keller.<\/p>\n<p>Im Keller hatte jede Etage eine besondere Ecke, in der man bei Fliegeralarm Platz nehmen konnte. Unser Vater hatte Mutter darauf hingewiesen, dass, wenn einmal nur wir im Haus w\u00e4ren, wir uns direkt an die Brandmauer und den Durchschlag setzen sollten. Diese Wand w\u00fcrde am haltbarsten sein.<\/p>\n<p>Wie immer war an diesem Tag im September 1944 der Vater an seiner Arbeitsstelle. Sonst war niemand im Haus und wir waren mindestens schon 5 x bei Fliegeralarm angezogen und mit Taschen im Keller gewesen, nat\u00fcrlich sa\u00dfen wir immer an der Brandmauer auf einem Bettgestell. Gegen Abend war erneut Fliegeralarm und wir rannten, so wie wir gerade waren, in Hausschuhen, Mutter und Tante in Kittelsch\u00fcrzen, in den Kellerraum.<\/p>\n<p>Kaum sa\u00dfen wir, st\u00fcrzten zwei Soldaten aus der in der N\u00e4he gelegenen Kaserne zu uns ins Haus, als es schon losging. Ein Soldat bekam es in dem Raum mit der Angst zu tun und rannte wieder nach oben. Aber er kam nicht weit. Eine Bombe traf in diesem Augenblick unser Haus und zerst\u00f6rte es. Die herabfallenden Tr\u00fcmmerteile erschlugen und begruben ihn unter sich. Dann musste alles sehr schnell gehen.<\/p>\n<p>Am Durchschlag zur angebauten Doppelhaush\u00e4lfte standen immer ein Eimer Wasser und eine Spitzhacke. Der zweite Soldat griff nach der Spitzhacke, machte den Durchschlag frei, zog mich und meine Tante hindurch. Meine Mutter riss meinen Bruder im letzten Moment aus dem Babykorb an sich, denn die Kellerdecke st\u00fcrzte herunter. Sie hatte nicht gemerkt, dass ich nicht mehr neben ihr sa\u00df, sie f\u00fchlte nur die Steine neben sich und schrie, da sie dachte, ich w\u00e4re darunter. Der Soldat rannte zur\u00fcck, beruhigte sie und holte auch sie hindurch ins Nebenhaus.<\/p>\n<p>Ich kann mich nur noch erinnern, dass es brannte, und sah nur Tr\u00fcmmer. Unsere Nachbarn f\u00fchrten uns erst einmal in eine Garage und gaben uns zu trinken, wir wurden dann von ihnen aufgenommen.<\/p>\n<p>Wie es dann weiterging, wei\u00df ich nicht mehr genau. Wir wurden nach Stadtprozelten evakuiert, wo wir drei in einem Zimmer wohnten und schliefen. Wenn Fliegeralarm war, wollte ich in keinen Keller mehr gehen, und manchmal band man mich fest, dass ich nicht weglaufen konnte. Wir hatten nicht viel zu essen. Bei den Bauern konnten wir Bucheckern, die wir im Wald gesammelt hatten, umtauschen zu Kartoffeln, Eiern und Mehl.<\/p>\n<p>Als der Krieg zu Ende war, erlebten wir noch den Einzug der Amerikaner. Sie wurden von der Bev\u00f6lkerung sehr bejubelt und sie warfen uns Kindern Kaugummis zu. Wie lange wir in Stadtprozelten waren, wei\u00df ich auch nicht mehr, aber nach einiger Zeit konnten wir nach Aschaffenburg zur\u00fcckkehren. Unsere Tante K\u00e4the und der j\u00fcngste Bruder unseres Vaters Johannes J\u00fclg &#8211; Onkel \u201eHanni\u201c &#8211; nahmen uns in ihre Wohnung auf. Es war die Wohnung in Damm am D\u00e4mmer Friedhof, in die unsere Gro\u00dfeltern im Jahr 1907 eingezogen waren.<\/p>\n<p>Von unserem Vater hatten wir bis zur Bombardierung nichts mehr geh\u00f6rt. Er wurde zum Volkssturm eingezogen und verbrachte seine Tage und N\u00e4chte in Aschaffenburg, zuletzt im Luftschutzkeller unter dem Schloss Johannisburg. Was zum Ende des Krieges mit ihm geschah, erfuhr die Familie erst lange Zeit danach:<\/p>\n<p>Um die Stadt vor dem Schlimmsten zu bewahren, erkl\u00e4rte sich der F\u00fchrer der 7. Kompanie, Volkssturm-Bataillon 15-1, Johann Zimmerman bereit, die \u00dcbergabe der Stadt anzubieten. Er erteilte der Kompanie den Befehl, die Waffen niederzulegen und stellte es seinen Leuten frei, zu bleiben oder zu gehen. Unser Vater, Volkssturmmann Ludwig J\u00fclg, erkl\u00e4rte sich nach Bekanntwerden des Plans bereit, Johann Zimmerman zu begleiten. Die beiden Parlament\u00e4re begaben sich mit wei\u00dfer Flagge zusammen mit einem gefangenen US-Soldaten auf die Suche nach der n\u00e4chstgelegenen amerikanischen Befehlsstelle, die sie nach einigem Suchen auch fanden.<\/p>\n<p>Unser Vater geriet zusammen mit Johann Zimmerman in Gefangenschaft. Etwa eine Stunde nach seinem Abtransport entschied der amerikanische Milit\u00e4rgouverneur, dass Angeh\u00f6rige des Volkssturms nicht in Gefangenschaft genommen werden sollten. F\u00fcr unseren Vater kam die Entscheidung zu sp\u00e4t. Wir sollten Ihn erst 14 Monate sp\u00e4ter in j\u00e4mmerlichem Zustand wiedersehen.<\/p>\n<p>Der Artikel entstand nach der Erz\u00e4hlung meiner Schwester und eigenen Recherchen.<\/p>\n","protected":false},"excerpt":{"rendered":"<p>Unsere Eltern wohnten seit 1937 in einer Doppelhaush\u00e4lfte im Parterre in Aschaffenburg, Goldbacher Str. \u00dcber uns wohnte die Hausbesitzerin und unter dem Dach eine \u00e4ltere Frau mit ihrer Tochter. Seit [&hellip;]<\/p>\n","protected":false},"author":57,"featured_media":0,"comment_status":"open","ping_status":"open","sticky":false,"template":"","format":"standard","meta":{"_acf_changed":false,"_price":"","_stock":"","_tribe_ticket_header":"","_tribe_default_ticket_provider":"","_tribe_ticket_capacity":"0","_ticket_start_date":"","_ticket_end_date":"","_tribe_ticket_show_description":"","_tribe_ticket_show_not_going":false,"_tribe_ticket_use_global_stock":"","_tribe_ticket_global_stock_level":"","_global_stock_mode":"","_global_stock_cap":"","_tribe_rsvp_for_event":"","_tribe_ticket_going_count":"","_tribe_ticket_not_going_count":"","_tribe_tickets_list":"[]","_tribe_ticket_has_attendee_info_fields":false,"footnotes":""},"categories":[14],"tags":[33,201,202],"post-format":[],"post-content":[47],"class_list":["post-7012","post","type-post","status-publish","format-standard","hentry","category-familie","tag-heimathub","tag-krieg","tag-luftangriffe","content-text"],"acf":[],"yoast_head":"<!-- This site is optimized with the Yoast SEO plugin v27.5 - https:\/\/yoast.com\/product\/yoast-seo-wordpress\/ -->\n<title>Der 27. September 1944 - Wie wir den Krieg \u00fcberlebten - heimat:hub<\/title>\n<meta name=\"robots\" content=\"index, follow, max-snippet:-1, max-image-preview:large, max-video-preview:-1\" \/>\n<link rel=\"canonical\" href=\"https:\/\/heimathub.de\/der-27-september-1944-wie-ich-den-krieg-ueberlebte\/\" \/>\n<meta property=\"og:locale\" content=\"de_DE\" \/>\n<meta property=\"og:type\" content=\"article\" \/>\n<meta property=\"og:title\" content=\"Der 27. September 1944 - Wie wir den Krieg \u00fcberlebten - heimat:hub\" \/>\n<meta property=\"og:description\" content=\"Unsere Eltern wohnten seit 1937 in einer Doppelhaush\u00e4lfte im Parterre in Aschaffenburg, Goldbacher Str. \u00dcber uns wohnte die Hausbesitzerin und unter dem Dach eine \u00e4ltere Frau mit ihrer Tochter. Seit [&hellip;]\" \/>\n<meta property=\"og:url\" content=\"https:\/\/heimathub.de\/der-27-september-1944-wie-ich-den-krieg-ueberlebte\/\" \/>\n<meta property=\"og:site_name\" content=\"heimat:hub\" \/>\n<meta property=\"article:published_time\" content=\"2023-04-12T05:19:09+00:00\" \/>\n<meta property=\"article:modified_time\" content=\"2023-05-25T15:18:07+00:00\" \/>\n<meta name=\"author\" content=\"RoJuelg\" \/>\n<meta name=\"twitter:card\" content=\"summary_large_image\" \/>\n<meta name=\"twitter:label1\" content=\"Verfasst von\" \/>\n\t<meta name=\"twitter:data1\" content=\"RoJuelg\" \/>\n\t<meta name=\"twitter:label2\" content=\"Gesch\u00e4tzte Lesezeit\" \/>\n\t<meta name=\"twitter:data2\" content=\"5\u00a0Minuten\" \/>\n<script type=\"application\/ld+json\" class=\"yoast-schema-graph\">{\"@context\":\"https:\\\/\\\/schema.org\",\"@graph\":[{\"@type\":\"Article\",\"@id\":\"https:\\\/\\\/heimathub.de\\\/der-27-september-1944-wie-ich-den-krieg-ueberlebte\\\/#article\",\"isPartOf\":{\"@id\":\"https:\\\/\\\/heimathub.de\\\/der-27-september-1944-wie-ich-den-krieg-ueberlebte\\\/\"},\"author\":{\"name\":\"RoJuelg\",\"@id\":\"https:\\\/\\\/heimathub.de\\\/#\\\/schema\\\/person\\\/d8a14c6873e58ea4f7983656aaf2047e\"},\"headline\":\"Der 27. September 1944 &#8211; Wie wir den Krieg \u00fcberlebten\",\"datePublished\":\"2023-04-12T05:19:09+00:00\",\"dateModified\":\"2023-05-25T15:18:07+00:00\",\"mainEntityOfPage\":{\"@id\":\"https:\\\/\\\/heimathub.de\\\/der-27-september-1944-wie-ich-den-krieg-ueberlebte\\\/\"},\"wordCount\":861,\"commentCount\":0,\"keywords\":[\"heimathub\",\"Krieg\",\"Luftangriffe\"],\"articleSection\":[\"Familie\"],\"inLanguage\":\"de\",\"potentialAction\":[{\"@type\":\"CommentAction\",\"name\":\"Comment\",\"target\":[\"https:\\\/\\\/heimathub.de\\\/der-27-september-1944-wie-ich-den-krieg-ueberlebte\\\/#respond\"]}]},{\"@type\":\"WebPage\",\"@id\":\"https:\\\/\\\/heimathub.de\\\/der-27-september-1944-wie-ich-den-krieg-ueberlebte\\\/\",\"url\":\"https:\\\/\\\/heimathub.de\\\/der-27-september-1944-wie-ich-den-krieg-ueberlebte\\\/\",\"name\":\"Der 27. September 1944 - Wie wir den Krieg \u00fcberlebten - heimat:hub\",\"isPartOf\":{\"@id\":\"https:\\\/\\\/heimathub.de\\\/#website\"},\"datePublished\":\"2023-04-12T05:19:09+00:00\",\"dateModified\":\"2023-05-25T15:18:07+00:00\",\"author\":{\"@id\":\"https:\\\/\\\/heimathub.de\\\/#\\\/schema\\\/person\\\/d8a14c6873e58ea4f7983656aaf2047e\"},\"breadcrumb\":{\"@id\":\"https:\\\/\\\/heimathub.de\\\/der-27-september-1944-wie-ich-den-krieg-ueberlebte\\\/#breadcrumb\"},\"inLanguage\":\"de\",\"potentialAction\":[{\"@type\":\"ReadAction\",\"target\":[\"https:\\\/\\\/heimathub.de\\\/der-27-september-1944-wie-ich-den-krieg-ueberlebte\\\/\"]}]},{\"@type\":\"BreadcrumbList\",\"@id\":\"https:\\\/\\\/heimathub.de\\\/der-27-september-1944-wie-ich-den-krieg-ueberlebte\\\/#breadcrumb\",\"itemListElement\":[{\"@type\":\"ListItem\",\"position\":1,\"name\":\"Startseite\",\"item\":\"https:\\\/\\\/heimathub.de\\\/\"},{\"@type\":\"ListItem\",\"position\":2,\"name\":\"Journal\",\"item\":\"https:\\\/\\\/heimathub.de\\\/journal\\\/\"},{\"@type\":\"ListItem\",\"position\":3,\"name\":\"Der 27. September 1944 &#8211; Wie wir den Krieg \u00fcberlebten\"}]},{\"@type\":\"WebSite\",\"@id\":\"https:\\\/\\\/heimathub.de\\\/#website\",\"url\":\"https:\\\/\\\/heimathub.de\\\/\",\"name\":\"heimat:hub\",\"description\":\"\",\"potentialAction\":[{\"@type\":\"SearchAction\",\"target\":{\"@type\":\"EntryPoint\",\"urlTemplate\":\"https:\\\/\\\/heimathub.de\\\/?s={search_term_string}\"},\"query-input\":{\"@type\":\"PropertyValueSpecification\",\"valueRequired\":true,\"valueName\":\"search_term_string\"}}],\"inLanguage\":\"de\"},{\"@type\":\"Person\",\"@id\":\"https:\\\/\\\/heimathub.de\\\/#\\\/schema\\\/person\\\/d8a14c6873e58ea4f7983656aaf2047e\",\"name\":\"RoJuelg\",\"image\":{\"@type\":\"ImageObject\",\"inLanguage\":\"de\",\"@id\":\"https:\\\/\\\/heimathub.de\\\/wp-content\\\/uploads\\\/tml-avatars\\\/DSA_Heimathub_Profilbild_Sprech-1024x1024-2.png\",\"url\":\"https:\\\/\\\/heimathub.de\\\/wp-content\\\/uploads\\\/tml-avatars\\\/DSA_Heimathub_Profilbild_Sprech-1024x1024-2.png\",\"contentUrl\":\"https:\\\/\\\/heimathub.de\\\/wp-content\\\/uploads\\\/tml-avatars\\\/DSA_Heimathub_Profilbild_Sprech-1024x1024-2.png\",\"caption\":\"RoJuelg\"},\"description\":\"Geboren 1944 in Aschaffenburg. Vorsitzender Heimat- und Geschichtsverein Fl\u00f6rsbachtal e.V.\",\"url\":\"https:\\\/\\\/heimathub.de\\\/author\\\/rojuelg\\\/\"}]}<\/script>\n<!-- \/ Yoast SEO plugin. -->","yoast_head_json":{"title":"Der 27. September 1944 - Wie wir den Krieg \u00fcberlebten - heimat:hub","robots":{"index":"index","follow":"follow","max-snippet":"max-snippet:-1","max-image-preview":"max-image-preview:large","max-video-preview":"max-video-preview:-1"},"canonical":"https:\/\/heimathub.de\/der-27-september-1944-wie-ich-den-krieg-ueberlebte\/","og_locale":"de_DE","og_type":"article","og_title":"Der 27. September 1944 - Wie wir den Krieg \u00fcberlebten - heimat:hub","og_description":"Unsere Eltern wohnten seit 1937 in einer Doppelhaush\u00e4lfte im Parterre in Aschaffenburg, Goldbacher Str. \u00dcber uns wohnte die Hausbesitzerin und unter dem Dach eine \u00e4ltere Frau mit ihrer Tochter. Seit [&hellip;]","og_url":"https:\/\/heimathub.de\/der-27-september-1944-wie-ich-den-krieg-ueberlebte\/","og_site_name":"heimat:hub","article_published_time":"2023-04-12T05:19:09+00:00","article_modified_time":"2023-05-25T15:18:07+00:00","author":"RoJuelg","twitter_card":"summary_large_image","twitter_misc":{"Verfasst von":"RoJuelg","Gesch\u00e4tzte Lesezeit":"5\u00a0Minuten"},"schema":{"@context":"https:\/\/schema.org","@graph":[{"@type":"Article","@id":"https:\/\/heimathub.de\/der-27-september-1944-wie-ich-den-krieg-ueberlebte\/#article","isPartOf":{"@id":"https:\/\/heimathub.de\/der-27-september-1944-wie-ich-den-krieg-ueberlebte\/"},"author":{"name":"RoJuelg","@id":"https:\/\/heimathub.de\/#\/schema\/person\/d8a14c6873e58ea4f7983656aaf2047e"},"headline":"Der 27. September 1944 &#8211; Wie wir den Krieg \u00fcberlebten","datePublished":"2023-04-12T05:19:09+00:00","dateModified":"2023-05-25T15:18:07+00:00","mainEntityOfPage":{"@id":"https:\/\/heimathub.de\/der-27-september-1944-wie-ich-den-krieg-ueberlebte\/"},"wordCount":861,"commentCount":0,"keywords":["heimathub","Krieg","Luftangriffe"],"articleSection":["Familie"],"inLanguage":"de","potentialAction":[{"@type":"CommentAction","name":"Comment","target":["https:\/\/heimathub.de\/der-27-september-1944-wie-ich-den-krieg-ueberlebte\/#respond"]}]},{"@type":"WebPage","@id":"https:\/\/heimathub.de\/der-27-september-1944-wie-ich-den-krieg-ueberlebte\/","url":"https:\/\/heimathub.de\/der-27-september-1944-wie-ich-den-krieg-ueberlebte\/","name":"Der 27. September 1944 - Wie wir den Krieg \u00fcberlebten - heimat:hub","isPartOf":{"@id":"https:\/\/heimathub.de\/#website"},"datePublished":"2023-04-12T05:19:09+00:00","dateModified":"2023-05-25T15:18:07+00:00","author":{"@id":"https:\/\/heimathub.de\/#\/schema\/person\/d8a14c6873e58ea4f7983656aaf2047e"},"breadcrumb":{"@id":"https:\/\/heimathub.de\/der-27-september-1944-wie-ich-den-krieg-ueberlebte\/#breadcrumb"},"inLanguage":"de","potentialAction":[{"@type":"ReadAction","target":["https:\/\/heimathub.de\/der-27-september-1944-wie-ich-den-krieg-ueberlebte\/"]}]},{"@type":"BreadcrumbList","@id":"https:\/\/heimathub.de\/der-27-september-1944-wie-ich-den-krieg-ueberlebte\/#breadcrumb","itemListElement":[{"@type":"ListItem","position":1,"name":"Startseite","item":"https:\/\/heimathub.de\/"},{"@type":"ListItem","position":2,"name":"Journal","item":"https:\/\/heimathub.de\/journal\/"},{"@type":"ListItem","position":3,"name":"Der 27. September 1944 &#8211; Wie wir den Krieg \u00fcberlebten"}]},{"@type":"WebSite","@id":"https:\/\/heimathub.de\/#website","url":"https:\/\/heimathub.de\/","name":"heimat:hub","description":"","potentialAction":[{"@type":"SearchAction","target":{"@type":"EntryPoint","urlTemplate":"https:\/\/heimathub.de\/?s={search_term_string}"},"query-input":{"@type":"PropertyValueSpecification","valueRequired":true,"valueName":"search_term_string"}}],"inLanguage":"de"},{"@type":"Person","@id":"https:\/\/heimathub.de\/#\/schema\/person\/d8a14c6873e58ea4f7983656aaf2047e","name":"RoJuelg","image":{"@type":"ImageObject","inLanguage":"de","@id":"https:\/\/heimathub.de\/wp-content\/uploads\/tml-avatars\/DSA_Heimathub_Profilbild_Sprech-1024x1024-2.png","url":"https:\/\/heimathub.de\/wp-content\/uploads\/tml-avatars\/DSA_Heimathub_Profilbild_Sprech-1024x1024-2.png","contentUrl":"https:\/\/heimathub.de\/wp-content\/uploads\/tml-avatars\/DSA_Heimathub_Profilbild_Sprech-1024x1024-2.png","caption":"RoJuelg"},"description":"Geboren 1944 in Aschaffenburg. Vorsitzender Heimat- und Geschichtsverein Fl\u00f6rsbachtal e.V.","url":"https:\/\/heimathub.de\/author\/rojuelg\/"}]}},"_links":{"self":[{"href":"https:\/\/heimathub.de\/data\/wp\/v2\/posts\/7012","targetHints":{"allow":["GET"]}}],"collection":[{"href":"https:\/\/heimathub.de\/data\/wp\/v2\/posts"}],"about":[{"href":"https:\/\/heimathub.de\/data\/wp\/v2\/types\/post"}],"author":[{"embeddable":true,"href":"https:\/\/heimathub.de\/data\/wp\/v2\/users\/57"}],"replies":[{"embeddable":true,"href":"https:\/\/heimathub.de\/data\/wp\/v2\/comments?post=7012"}],"version-history":[{"count":7,"href":"https:\/\/heimathub.de\/data\/wp\/v2\/posts\/7012\/revisions"}],"predecessor-version":[{"id":7466,"href":"https:\/\/heimathub.de\/data\/wp\/v2\/posts\/7012\/revisions\/7466"}],"wp:attachment":[{"href":"https:\/\/heimathub.de\/data\/wp\/v2\/media?parent=7012"}],"wp:term":[{"taxonomy":"category","embeddable":true,"href":"https:\/\/heimathub.de\/data\/wp\/v2\/categories?post=7012"},{"taxonomy":"post_tag","embeddable":true,"href":"https:\/\/heimathub.de\/data\/wp\/v2\/tags?post=7012"},{"taxonomy":"format","embeddable":true,"href":"https:\/\/heimathub.de\/data\/wp\/v2\/post-format?post=7012"},{"taxonomy":"content","embeddable":true,"href":"https:\/\/heimathub.de\/data\/wp\/v2\/post-content?post=7012"}],"curies":[{"name":"wp","href":"https:\/\/api.w.org\/{rel}","templated":true}]}}