{"id":19778,"date":"2025-10-27T17:00:59","date_gmt":"2025-10-27T16:00:59","guid":{"rendered":"https:\/\/heimathub.de\/?p=19778"},"modified":"2025-10-27T17:07:13","modified_gmt":"2025-10-27T16:07:13","slug":"schwester-asteria-aus-dem-clemensheim-107-jaehrig-verstorben","status":"publish","type":"post","link":"https:\/\/heimathub.de\/schwester-asteria-aus-dem-clemensheim-107-jaehrig-verstorben\/","title":{"rendered":"Schwester Asteria aus dem Clemensheim 107- j\u00e4hrig verstorben"},"content":{"rendered":"<p>Wie das Main Echo im Oktober 2025 berichtet, ist Schwester M. Asteria K\u00f6nig von den Schwestern der G\u00f6ttlichen Vorsehung am 10. September 2025 im Alter von 107 Jahren im Clemensheim verstorben.<\/p>\n<p>Wie mein Foto zeigt, war Schwester Asteria vor \u00fcber 55 Jahren meine Kinderg\u00e4rtnerin im Kindergarten des Clemensheims in Aschaffenburg. Sie ist am rechten Bildrand meiner damaligen Kindergartengruppe zu sehen.<\/p>\n<p>1969 war sie 51 Jahre alt und erschien mir gegen\u00fcber der anderen Betreuerinnen schon sehr alt. Tats\u00e4chlich lebte sie danach weitere 56 Jahre bis zum stattlichen Alter von 107 Jahren als \u00e4lteste Ordensfrau im Bistum W\u00fcrzburg.<\/p>\n<p>Den Main-Echo-Bericht finden Sie <a href=\"https:\/\/www.main-echo.de\/region\/stadt-kreis-aschaffenburg\/aelteste-ordensfrau-im-bistum-wuerzburg-im-alter-von-107-jahren-in-aschaffenburg-gestorben-art-8592947\">hier<\/a>.<\/p>\n<p>&nbsp;<\/p>\n","protected":false},"excerpt":{"rendered":"<p>Wie das Main Echo im Oktober 2025 berichtet, ist Schwester M. Asteria K\u00f6nig von den Schwestern der G\u00f6ttlichen Vorsehung am 10. September 2025 im Alter von 107 Jahren im Clemensheim [&hellip;]<\/p>\n","protected":false},"author":185,"featured_media":0,"comment_status":"open","ping_status":"open","sticky":false,"template":"","format":"standard","meta":{"_acf_changed":false,"_price":"","_stock":"","_tribe_ticket_header":"","_tribe_default_ticket_provider":"","_tribe_ticket_capacity":"0","_ticket_start_date":"","_ticket_end_date":"","_tribe_ticket_show_description":"","_tribe_ticket_show_not_going":false,"_tribe_ticket_use_global_stock":"","_tribe_ticket_global_stock_level":"","_global_stock_mode":"","_global_stock_cap":"","_tribe_rsvp_for_event":"","_tribe_ticket_going_count":"","_tribe_ticket_not_going_count":"","_tribe_tickets_list":"[]","_tribe_ticket_has_attendee_info_fields":false,"footnotes":""},"categories":[1,14,15,20],"tags":[],"post-format":[],"post-content":[50,47],"class_list":["post-19778","post","type-post","status-publish","format-standard","hentry","category-alltag","category-familie","category-freizeit","category-religion","content-image","content-text"],"acf":[],"yoast_head":"<!-- This site is optimized with the Yoast SEO plugin v27.5 - https:\/\/yoast.com\/product\/yoast-seo-wordpress\/ -->\n<title>Schwester Asteria aus dem Clemensheim 107- j\u00e4hrig verstorben - heimat:hub<\/title>\n<meta name=\"robots\" content=\"index, follow, max-snippet:-1, max-image-preview:large, max-video-preview:-1\" \/>\n<link rel=\"canonical\" href=\"https:\/\/heimathub.de\/schwester-asteria-aus-dem-clemensheim-107-jaehrig-verstorben\/\" \/>\n<meta property=\"og:locale\" content=\"de_DE\" \/>\n<meta property=\"og:type\" content=\"article\" \/>\n<meta property=\"og:title\" content=\"Schwester Asteria aus dem Clemensheim 107- j\u00e4hrig verstorben - heimat:hub\" \/>\n<meta property=\"og:description\" content=\"Wie das Main Echo im Oktober 2025 berichtet, ist Schwester M. Asteria K\u00f6nig von den Schwestern der G\u00f6ttlichen Vorsehung am 10. September 2025 im Alter von 107 Jahren im Clemensheim [&hellip;]\" \/>\n<meta property=\"og:url\" content=\"https:\/\/heimathub.de\/schwester-asteria-aus-dem-clemensheim-107-jaehrig-verstorben\/\" \/>\n<meta property=\"og:site_name\" content=\"heimat:hub\" \/>\n<meta property=\"article:published_time\" content=\"2025-10-27T16:00:59+00:00\" \/>\n<meta property=\"article:modified_time\" content=\"2025-10-27T16:07:13+00:00\" \/>\n<meta name=\"author\" content=\"minaluiseundmargit\" \/>\n<meta name=\"twitter:card\" content=\"summary_large_image\" \/>\n<meta name=\"twitter:label1\" content=\"Verfasst von\" \/>\n\t<meta name=\"twitter:data1\" content=\"minaluiseundmargit\" \/>\n\t<meta name=\"twitter:label2\" content=\"Gesch\u00e4tzte Lesezeit\" \/>\n\t<meta name=\"twitter:data2\" content=\"1\u00a0Minute\" \/>\n<script type=\"application\/ld+json\" class=\"yoast-schema-graph\">{\"@context\":\"https:\\\/\\\/schema.org\",\"@graph\":[{\"@type\":\"Article\",\"@id\":\"https:\\\/\\\/heimathub.de\\\/schwester-asteria-aus-dem-clemensheim-107-jaehrig-verstorben\\\/#article\",\"isPartOf\":{\"@id\":\"https:\\\/\\\/heimathub.de\\\/schwester-asteria-aus-dem-clemensheim-107-jaehrig-verstorben\\\/\"},\"author\":{\"name\":\"minaluiseundmargit\",\"@id\":\"https:\\\/\\\/heimathub.de\\\/#\\\/schema\\\/person\\\/1816d30fbcafec2f6977af3650d1150f\"},\"headline\":\"Schwester Asteria aus dem Clemensheim 107- j\u00e4hrig verstorben\",\"datePublished\":\"2025-10-27T16:00:59+00:00\",\"dateModified\":\"2025-10-27T16:07:13+00:00\",\"mainEntityOfPage\":{\"@id\":\"https:\\\/\\\/heimathub.de\\\/schwester-asteria-aus-dem-clemensheim-107-jaehrig-verstorben\\\/\"},\"wordCount\":108,\"commentCount\":0,\"articleSection\":[\"Alltag\",\"Familie\",\"Freizeit\",\"Religion\"],\"inLanguage\":\"de\",\"potentialAction\":[{\"@type\":\"CommentAction\",\"name\":\"Comment\",\"target\":[\"https:\\\/\\\/heimathub.de\\\/schwester-asteria-aus-dem-clemensheim-107-jaehrig-verstorben\\\/#respond\"]}]},{\"@type\":\"WebPage\",\"@id\":\"https:\\\/\\\/heimathub.de\\\/schwester-asteria-aus-dem-clemensheim-107-jaehrig-verstorben\\\/\",\"url\":\"https:\\\/\\\/heimathub.de\\\/schwester-asteria-aus-dem-clemensheim-107-jaehrig-verstorben\\\/\",\"name\":\"Schwester Asteria aus dem Clemensheim 107- j\u00e4hrig verstorben - heimat:hub\",\"isPartOf\":{\"@id\":\"https:\\\/\\\/heimathub.de\\\/#website\"},\"datePublished\":\"2025-10-27T16:00:59+00:00\",\"dateModified\":\"2025-10-27T16:07:13+00:00\",\"author\":{\"@id\":\"https:\\\/\\\/heimathub.de\\\/#\\\/schema\\\/person\\\/1816d30fbcafec2f6977af3650d1150f\"},\"breadcrumb\":{\"@id\":\"https:\\\/\\\/heimathub.de\\\/schwester-asteria-aus-dem-clemensheim-107-jaehrig-verstorben\\\/#breadcrumb\"},\"inLanguage\":\"de\",\"potentialAction\":[{\"@type\":\"ReadAction\",\"target\":[\"https:\\\/\\\/heimathub.de\\\/schwester-asteria-aus-dem-clemensheim-107-jaehrig-verstorben\\\/\"]}]},{\"@type\":\"BreadcrumbList\",\"@id\":\"https:\\\/\\\/heimathub.de\\\/schwester-asteria-aus-dem-clemensheim-107-jaehrig-verstorben\\\/#breadcrumb\",\"itemListElement\":[{\"@type\":\"ListItem\",\"position\":1,\"name\":\"Startseite\",\"item\":\"https:\\\/\\\/heimathub.de\\\/\"},{\"@type\":\"ListItem\",\"position\":2,\"name\":\"Journal\",\"item\":\"https:\\\/\\\/heimathub.de\\\/journal\\\/\"},{\"@type\":\"ListItem\",\"position\":3,\"name\":\"Schwester Asteria aus dem Clemensheim 107- j\u00e4hrig verstorben\"}]},{\"@type\":\"WebSite\",\"@id\":\"https:\\\/\\\/heimathub.de\\\/#website\",\"url\":\"https:\\\/\\\/heimathub.de\\\/\",\"name\":\"heimat:hub\",\"description\":\"\",\"potentialAction\":[{\"@type\":\"SearchAction\",\"target\":{\"@type\":\"EntryPoint\",\"urlTemplate\":\"https:\\\/\\\/heimathub.de\\\/?s={search_term_string}\"},\"query-input\":{\"@type\":\"PropertyValueSpecification\",\"valueRequired\":true,\"valueName\":\"search_term_string\"}}],\"inLanguage\":\"de\"},{\"@type\":\"Person\",\"@id\":\"https:\\\/\\\/heimathub.de\\\/#\\\/schema\\\/person\\\/1816d30fbcafec2f6977af3650d1150f\",\"name\":\"minaluiseundmargit\",\"image\":{\"@type\":\"ImageObject\",\"inLanguage\":\"de\",\"@id\":\"https:\\\/\\\/heimathub.de\\\/wp-content\\\/uploads\\\/tml-avatars\\\/30-Der-gefaellt-mir-Bronze-vor-der-LZB-1970-1.jpg\",\"url\":\"https:\\\/\\\/heimathub.de\\\/wp-content\\\/uploads\\\/tml-avatars\\\/30-Der-gefaellt-mir-Bronze-vor-der-LZB-1970-1.jpg\",\"contentUrl\":\"https:\\\/\\\/heimathub.de\\\/wp-content\\\/uploads\\\/tml-avatars\\\/30-Der-gefaellt-mir-Bronze-vor-der-LZB-1970-1.jpg\",\"caption\":\"minaluiseundmargit\"},\"url\":\"https:\\\/\\\/heimathub.de\\\/author\\\/minaluiseundmargit\\\/\"}]}<\/script>\n<!-- \/ Yoast SEO plugin. -->","yoast_head_json":{"title":"Schwester Asteria aus dem Clemensheim 107- j\u00e4hrig verstorben - heimat:hub","robots":{"index":"index","follow":"follow","max-snippet":"max-snippet:-1","max-image-preview":"max-image-preview:large","max-video-preview":"max-video-preview:-1"},"canonical":"https:\/\/heimathub.de\/schwester-asteria-aus-dem-clemensheim-107-jaehrig-verstorben\/","og_locale":"de_DE","og_type":"article","og_title":"Schwester Asteria aus dem Clemensheim 107- j\u00e4hrig verstorben - heimat:hub","og_description":"Wie das Main Echo im Oktober 2025 berichtet, ist Schwester M. Asteria K\u00f6nig von den Schwestern der G\u00f6ttlichen Vorsehung am 10. September 2025 im Alter von 107 Jahren im Clemensheim [&hellip;]","og_url":"https:\/\/heimathub.de\/schwester-asteria-aus-dem-clemensheim-107-jaehrig-verstorben\/","og_site_name":"heimat:hub","article_published_time":"2025-10-27T16:00:59+00:00","article_modified_time":"2025-10-27T16:07:13+00:00","author":"minaluiseundmargit","twitter_card":"summary_large_image","twitter_misc":{"Verfasst von":"minaluiseundmargit","Gesch\u00e4tzte Lesezeit":"1\u00a0Minute"},"schema":{"@context":"https:\/\/schema.org","@graph":[{"@type":"Article","@id":"https:\/\/heimathub.de\/schwester-asteria-aus-dem-clemensheim-107-jaehrig-verstorben\/#article","isPartOf":{"@id":"https:\/\/heimathub.de\/schwester-asteria-aus-dem-clemensheim-107-jaehrig-verstorben\/"},"author":{"name":"minaluiseundmargit","@id":"https:\/\/heimathub.de\/#\/schema\/person\/1816d30fbcafec2f6977af3650d1150f"},"headline":"Schwester Asteria aus dem Clemensheim 107- j\u00e4hrig verstorben","datePublished":"2025-10-27T16:00:59+00:00","dateModified":"2025-10-27T16:07:13+00:00","mainEntityOfPage":{"@id":"https:\/\/heimathub.de\/schwester-asteria-aus-dem-clemensheim-107-jaehrig-verstorben\/"},"wordCount":108,"commentCount":0,"articleSection":["Alltag","Familie","Freizeit","Religion"],"inLanguage":"de","potentialAction":[{"@type":"CommentAction","name":"Comment","target":["https:\/\/heimathub.de\/schwester-asteria-aus-dem-clemensheim-107-jaehrig-verstorben\/#respond"]}]},{"@type":"WebPage","@id":"https:\/\/heimathub.de\/schwester-asteria-aus-dem-clemensheim-107-jaehrig-verstorben\/","url":"https:\/\/heimathub.de\/schwester-asteria-aus-dem-clemensheim-107-jaehrig-verstorben\/","name":"Schwester Asteria aus dem Clemensheim 107- j\u00e4hrig verstorben - heimat:hub","isPartOf":{"@id":"https:\/\/heimathub.de\/#website"},"datePublished":"2025-10-27T16:00:59+00:00","dateModified":"2025-10-27T16:07:13+00:00","author":{"@id":"https:\/\/heimathub.de\/#\/schema\/person\/1816d30fbcafec2f6977af3650d1150f"},"breadcrumb":{"@id":"https:\/\/heimathub.de\/schwester-asteria-aus-dem-clemensheim-107-jaehrig-verstorben\/#breadcrumb"},"inLanguage":"de","potentialAction":[{"@type":"ReadAction","target":["https:\/\/heimathub.de\/schwester-asteria-aus-dem-clemensheim-107-jaehrig-verstorben\/"]}]},{"@type":"BreadcrumbList","@id":"https:\/\/heimathub.de\/schwester-asteria-aus-dem-clemensheim-107-jaehrig-verstorben\/#breadcrumb","itemListElement":[{"@type":"ListItem","position":1,"name":"Startseite","item":"https:\/\/heimathub.de\/"},{"@type":"ListItem","position":2,"name":"Journal","item":"https:\/\/heimathub.de\/journal\/"},{"@type":"ListItem","position":3,"name":"Schwester Asteria aus dem Clemensheim 107- j\u00e4hrig verstorben"}]},{"@type":"WebSite","@id":"https:\/\/heimathub.de\/#website","url":"https:\/\/heimathub.de\/","name":"heimat:hub","description":"","potentialAction":[{"@type":"SearchAction","target":{"@type":"EntryPoint","urlTemplate":"https:\/\/heimathub.de\/?s={search_term_string}"},"query-input":{"@type":"PropertyValueSpecification","valueRequired":true,"valueName":"search_term_string"}}],"inLanguage":"de"},{"@type":"Person","@id":"https:\/\/heimathub.de\/#\/schema\/person\/1816d30fbcafec2f6977af3650d1150f","name":"minaluiseundmargit","image":{"@type":"ImageObject","inLanguage":"de","@id":"https:\/\/heimathub.de\/wp-content\/uploads\/tml-avatars\/30-Der-gefaellt-mir-Bronze-vor-der-LZB-1970-1.jpg","url":"https:\/\/heimathub.de\/wp-content\/uploads\/tml-avatars\/30-Der-gefaellt-mir-Bronze-vor-der-LZB-1970-1.jpg","contentUrl":"https:\/\/heimathub.de\/wp-content\/uploads\/tml-avatars\/30-Der-gefaellt-mir-Bronze-vor-der-LZB-1970-1.jpg","caption":"minaluiseundmargit"},"url":"https:\/\/heimathub.de\/author\/minaluiseundmargit\/"}]}},"_links":{"self":[{"href":"https:\/\/heimathub.de\/data\/wp\/v2\/posts\/19778","targetHints":{"allow":["GET"]}}],"collection":[{"href":"https:\/\/heimathub.de\/data\/wp\/v2\/posts"}],"about":[{"href":"https:\/\/heimathub.de\/data\/wp\/v2\/types\/post"}],"author":[{"embeddable":true,"href":"https:\/\/heimathub.de\/data\/wp\/v2\/users\/185"}],"replies":[{"embeddable":true,"href":"https:\/\/heimathub.de\/data\/wp\/v2\/comments?post=19778"}],"version-history":[{"count":5,"href":"https:\/\/heimathub.de\/data\/wp\/v2\/posts\/19778\/revisions"}],"predecessor-version":[{"id":20182,"href":"https:\/\/heimathub.de\/data\/wp\/v2\/posts\/19778\/revisions\/20182"}],"wp:attachment":[{"href":"https:\/\/heimathub.de\/data\/wp\/v2\/media?parent=19778"}],"wp:term":[{"taxonomy":"category","embeddable":true,"href":"https:\/\/heimathub.de\/data\/wp\/v2\/categories?post=19778"},{"taxonomy":"post_tag","embeddable":true,"href":"https:\/\/heimathub.de\/data\/wp\/v2\/tags?post=19778"},{"taxonomy":"format","embeddable":true,"href":"https:\/\/heimathub.de\/data\/wp\/v2\/post-format?post=19778"},{"taxonomy":"content","embeddable":true,"href":"https:\/\/heimathub.de\/data\/wp\/v2\/post-content?post=19778"}],"curies":[{"name":"wp","href":"https:\/\/api.w.org\/{rel}","templated":true}]}}