{"id":15833,"date":"2024-09-23T09:01:14","date_gmt":"2024-09-23T07:01:14","guid":{"rendered":"https:\/\/heimathub.de\/?p=15833"},"modified":"2024-09-23T09:01:14","modified_gmt":"2024-09-23T07:01:14","slug":"warum-haben-die-leiderer-den-necknamen-schissmelle","status":"publish","type":"post","link":"https:\/\/heimathub.de\/warum-haben-die-leiderer-den-necknamen-schissmelle\/","title":{"rendered":"Warum haben die Leiderer den Necknamen &#8218;Schissmelle&#8216;?"},"content":{"rendered":"<p><strong>\u00a0<\/strong><\/p>\n<p>Es war ein Treffen des Heimathub in Aschaffenburg, nachdem mich Karl-Dieter Jakob, ein alter Bekannter, der in Wenigumstadt ortsgeschichtlich aktiv ist, anschrieb und fragte, ob ich wisse, warum die B\u00fcrgerinnen und B\u00fcrger des Aschaffenburger Stadtteils Leider den Necknamen (Spitznamen) \u201eSchissmelle\u201c h\u00e4tten. Der Spitzname war mir auch bekannt, aber warum dieser Name, das wusste ich nicht.<\/p>\n<p><strong>Der wei\u00dfe G\u00e4nsefu\u00df<\/strong><\/p>\n<p>Im Internet ist folgende Beschreibung zu finden: \u201e\u201eLeiderer Schissmelle\u201c ist der <a href=\"https:\/\/de.wikipedia.org\/wiki\/Liste_der_Ortsnecknamen_in_Stadt-_und_Landkreis_Aschaffenburg\">Neckname<\/a> f\u00fcr die geb\u00fcrtigen Leiderer Einwohner seitens der Aschaffenburger und der umliegenden Ortseinwohner. Der Ursprung r\u00fchrt wohl aus der vermehrten Ansiedlung des im Volksmund <em>Schissmelle<\/em> genannten <a href=\"https:\/\/de.wikipedia.org\/wiki\/Wei%C3%9Fer_G%C3%A4nsefu%C3%9F\">wei\u00dfen G\u00e4nsefu\u00dfes<\/a> auf dem Gel\u00e4nde der Mainwiesen und den R\u00e4ndern der \u00f6rtlichen ackerbaulichen Nutzfl\u00e4chen.\u201c<a href=\"#_ftn1\" name=\"_ftnref1\">[1]<\/a><\/p>\n<p>\u201eDer Wei\u00dfe G\u00e4nsefu\u00df (Chenopodium album), auch Wei\u00df-G\u00e4nsefu\u00df genannt, ist eine Pflanzenart aus der Gattung G\u00e4nsefu\u00df (Chenopodium) in der Familie der Fuchsschwanzgew\u00e4chse (Amaranthaceae). In Mitteleuropa meist als landwirtschaftliches Unkraut betrachtet, dient er in anderen Regionen als Gem\u00fcse, Pseudogetreide oder Futterpflanze.\u201c<a href=\"#_ftn2\" name=\"_ftnref2\">[2]<\/a><\/p>\n<p>Karl-Dieter Jakob schrieb<a href=\"#_ftn3\" name=\"_ftnref3\">[3]<\/a>: \u201eBasis ist ein Buch eines alten Heimatforschers aus Wenigumstadt, in Mundart und Hochdeutsch verfasst. Der Begriff &#8222;Schissmelle&#8220; wird in einer seiner Geschichten genannt. Ich habe eine Gruppe (von ortsgeschichtlich Interessierten) aufgefordert, sich mit dem Wort einmal in Herkunft und Anwendung zu befassen.<br \/>\nSelbst habe ich nat\u00fcrlich auch recherchiert. Dabei kam ich auf den Necknamen der Leiderer.\u201c<\/p>\n<p><strong>Lebensmittel &#8211; Geruch &#8211; H\u00e4ufigkeit<\/strong><\/p>\n<p>\u201eMein Favorit ist die Variante mit den Schissmellen als Lebensmittel. Die Stockst\u00e4dter wurden mir von Heimatforschern als extrem arme Bauern geschildert. Die B\u00f6den seien so schlecht gewesen, dass nichts Gescheites darauf gewachsen sei. Das d\u00fcrfte auch f\u00fcr die Leiderer in unmittelbarer Nachbarschaft gelten.<\/p>\n<p>Vize-Meister f\u00fcr mich die Version mit dem angeblich \u00fcblen Geruch der Pflanze, die wie Schiss riechen soll, daher der Name in unserer Gegend (laut Internet). Wenn die Leiderer nach Aschaffenburg \u00fcber die Br\u00fccke kamen, wird man sich in der Stadt die Nase ger\u00fcmpft haben.<\/p>\n<p>Bestimmt sind die Leiderer Kinder nicht schneller gewachsen, also geschossen, als die anderen hier in der Region. Wegen der kargen Lebensmittelversorgung oben eher langsamer. Vielleicht war es auch einfach eine Kombination aus Ern\u00e4hrungsform, Geruch und eben der H\u00e4ufigkeit der Pflanzen am Mainufer.\u201c<a href=\"#_ftn4\" name=\"_ftnref4\">[4]<\/a><\/p>\n<p>&nbsp;<\/p>\n<p><strong>Einfach fragen<\/strong><\/p>\n<p>Vielleicht hilft ein Blick in den Bild- und Textband \u00fcber Leider. \u201eWer wissen will, was ein echter Leiderer ist und was die kleine Leiderer Welt im Innersten zusammengehalten hat, tut gut daran, die \u201aalten Leiderer\u2018 zu fragen.\u201c<a href=\"#_ftn5\" name=\"_ftnref5\">[5]<\/a> Gelesen, getan \u2026.. Meine Nachfrage in Leider, z.B. bei einer \u00e4lteren Metzgereiverk\u00e4uferin, bei einem \u00e4lteren Leiderer in der Ruhlandstra\u00dfe und bei einem 75j\u00e4hrigen ehemaligen Stadtratskollegen, erbrachten keine Ergebnisse. Sie kannten zwar alle den Spitznamen, aber woher und weshalb Fehlanzeige. Auch ein \u00fcber 90j\u00e4hriger bekannter Leiderer konnte mir nicht weiterhelfen.<\/p>\n<p>\u201eDie typische Figur des Leiderers ist aber die \u201aSchissmelle\u2018, benannt nach einem Ackerunkraut, das sich niemals unterkriegen lie\u00df. Die Schissmellenart der Leiderer lebt fort im Vereinsleben und in der Leiderer Kerb, die mit ihren derben Spr\u00fcchen wie ein Relikt aus der b\u00e4uerlichen Vergangenheit in die Gegenwart hineinragt.\u201c<a href=\"#_ftn6\" name=\"_ftnref6\">[6]<\/a><\/p>\n<p>Die Leiderer Kerb wird in Mundart beschrieben: \u201esou moi Liewe, jetzt isses sou weit, heit Owend beginnt unsere traditionelle \u201eLeiderer Kerb\u201c, von eiern Schissmelle-Zichter.<a href=\"#_ftn7\" name=\"_ftnref7\">[7]<\/a><\/p>\n<p><strong>Geschichte<\/strong><\/p>\n<p>Vielleicht spielte auch die Geschichte bei dem Necknamen eine Rolle. \u201eDie N\u00e4he zur Aschaffenburger Br\u00fccke ist dem Dorf Leider in seiner Geschichte immer wieder zum Verh\u00e4ngnis geworden. Immer wenn Truppen vor die Tore der Stadt zogen, war das linke Mainufer milit\u00e4risches Aufmarschgebiet und Leider der Ort zum Fouragieren und Pl\u00fcndern. Die Leiderer Bewohner waren die Leidtragenden, wenn die Soldaten in das unbewehrte Dorf einfielen und ihren \u00dcbermut an den Bauern und Frauen auslie\u00dfen. Als Kurmainz 1560 die Bewaffnung seiner Untertanen \u00fcberpr\u00fcfen lie\u00df, wurde f\u00fcr Leider folgender Vermerk festgehalten: Haben kein Gewehr, sein aller Irrer Haab beraubt worden. \u2026 Hundert Jahre sp\u00e4ter, nach dem drei\u00dfigj\u00e4hrigen Krieg, stand in Leider nach einer amtlichen Bestandsaufnahme von 1651 kein Haus mehr. In der Endphase des Zweiten Weltkriegs war Leider noch Bombenziel, obwohl sich die deutsche Front der \u201eFestung Aschaffenburg\u201c auf das andere Mainufer zur\u00fcckgezogen hatte.\u201c<a href=\"#_ftn8\" name=\"_ftnref8\">[8]<\/a><\/p>\n<p>Daraus lie\u00dfe sich folgende Vermutung ableiten:<\/p>\n<ol>\n<li>Leider liegt au\u00dferhalb der Stadt (Bild Stadtplan) und wurde in der Geschichte mehrfach gebrandschatzt und litt unter den Angriffen auf die Stadt.<\/li>\n<li>Die Leiderer sind immer wieder aufgestanden und haben auch durch Zuwanderung ihre Gemeinde weiterbestehen lassen.<\/li>\n<li>Das hat sich auch in der Leiderer Kerb niedergeschlagen.<\/li>\n<\/ol>\n<p>&nbsp;<\/p>\n<p>Diese Erkenntnisse sind meine Vermutungen, genauere Belege daf\u00fcr habe ich nicht. Letztlich steht Schissmelle f\u00fcr die &#8211; selbstironische &#8211; Einsch\u00e4tzung: Unkraut vergeht nicht.<\/p>\n<p><strong>Die Wissenschaft <\/strong><\/p>\n<p>Die Sprachwissenschaftlerin PD Dr. Almut K\u00f6nig antwortete auf die Nachfrage nach dem Ursprung des Necknamens: \u201eIch habe in den Archiven des Fr\u00e4nkischen W\u00f6rterbuchs nachgesehen, aber leider nichts gefunden, was zur Kl\u00e4rung Deiner Frage beitragen k\u00f6nnte.<\/p>\n<p>Im W\u00f6rterbuch der deutschen Pflanzennamen von Heinrich Marzell findet man f\u00fcr den Wei\u00dfen G\u00e4nsefu\u00df (Chenopodium album) Bezeichnungen wie &#8222;Schei\u00dfmelde&#8220; &#8211; was eine standardnahe \u00dcbertragung von mundartlich &#8222;Schissmelle&#8220; ist. Die Bezeichnung wird auf die abf\u00fchrende Wirkung der Pflanze zur\u00fcckgef\u00fchrt &#8211; also nicht auf den Geruch (siehe: Marzell Band. I. Spalte 934. Leipzig 1943).<\/p>\n<p>Grunds\u00e4tzlich ist es ja so, dass Ortsnecknamen wenig freundlich sind. Schlie\u00dflich will man die Bewohner der Nachbarorte \u00e4rgern. Marzell schreibt, dass der Wei\u00dfe G\u00e4nsefu\u00df &#8222;sehr verbreitet auf Schutt, an Mauern, Dorfstra\u00dfen usw.&#8220; (Spalte 932) ist. Welche Schl\u00fcsse, gerade diese Namensgebung auf die Situation der Leiderer wirft, ist Interpretation und kann letztendlich nicht nachgewiesen werden. Interessant ist allerdings immer, dass solche Necknamen, gerne von den Geneckten aufgegriffen und zu Selbstbezeichnungen werden. Die so Geneckten zeigen damit, dass ihnen der Spott egal ist und der Bezeichnung wenig &#8222;Wahrheit&#8220; &#8211; meist eher Neid oder ein unbegr\u00fcndetes Gef\u00fchl der \u00dcberheblichkeit der Neckenden &#8211; zu Grund liegt.\u201c<a href=\"#_ftn9\" name=\"_ftnref9\">[9]<\/a><\/p>\n<p><strong>FAZIT<\/strong><\/p>\n<p>\u201eFassen wir zusammen: Das Bild, das die Necknamen vom Nachbarn vermitteln, ist ein schlechtes. Bezeichnungsmotive sind unsinnige, unanst\u00e4ndige Handlungen, entstellende K\u00f6rperteile usw. Das Verh\u00e4ltnis der Geneckten zum eigenen Spottnamen ist ambivalent. Einerseits ist der Spottname f\u00fcr den eigenen Ort nicht immer bekannt, andererseits werden manche Necknamen nicht ausschlie\u00dflich von den anderen verwendet. Wie die Beispiele aus dem Internet zeigen, werden bestimmte Necknamen als Tradition begriffen. Sie werden von den Geneckten selbst benutzt und dienen wie ein Markenzeichen der Identifikation mit dem Heimatort.\u201c<a href=\"#_ftn10\" name=\"_ftnref10\">[10]<\/a><\/p>\n<p>Die Leiderer Schissmellen k\u00f6nnen stolz auf ihren Necknamen sein.<\/p>\n<p>&nbsp;<\/p>\n<p>&nbsp;<\/p>\n<p><a href=\"#_ftnref1\" name=\"_ftn1\">[1]<\/a> <a href=\"https:\/\/de.wikipedia.org\/wiki\/Leider\">https:\/\/de.wikipedia.org\/wiki\/Leider<\/a> (abgerufen am 12.09.2024)<\/p>\n<p><a href=\"#_ftnref2\" name=\"_ftn2\">[2]<\/a> <a href=\"https:\/\/de.wikipedia.org\/wiki\/Wei\u00dfer_G\u00e4nsefu\u00df\">https:\/\/de.wikipedia.org\/wiki\/Wei\u00dfer_G\u00e4nsefu\u00df<\/a> (abgerufen am 12.09.2024)<\/p>\n<p><a href=\"#_ftnref3\" name=\"_ftn3\">[3]<\/a> Mail vom 30.6.2024<\/p>\n<p><a href=\"#_ftnref4\" name=\"_ftn4\">[4]<\/a> Mail vom 1.7.2024<\/p>\n<p><a href=\"#_ftnref5\" name=\"_ftn5\">[5]<\/a> Leben in Leider, Portait eines Stadtteils, bearbeitet von Wilhelm Kaup, Wolfgang Kaup, Klaus Hapke, Bildband, Aschaffenburg 1995, Text bei Bild 50<\/p>\n<p><a href=\"#_ftnref6\" name=\"_ftn6\">[6]<\/a> ebenda<\/p>\n<p><a href=\"#_ftnref7\" name=\"_ftn7\">[7]<\/a> Leben in Leider, Text bei Bild 85<\/p>\n<p><a href=\"#_ftnref8\" name=\"_ftn8\">[8]<\/a> Leben in Leider, Text bei Bild 39<\/p>\n<p><a href=\"#_ftnref9\" name=\"_ftn9\">[9]<\/a> Mail vom 29.07.2024<\/p>\n<p><a href=\"#_ftnref10\" name=\"_ftn10\">[10]<\/a> Dreid\u00f6rfer Narrn stehn auf drei Sparrn \u2013 Ortsnecknamen in Unterfranken, hrsg. von Monika Fritz-Scheuplein, Almut K\u00f6nig u.a., W\u00fcrzburg 2012, S.12<\/p>\n","protected":false},"excerpt":{"rendered":"<p>\u00a0 Es war ein Treffen des Heimathub in Aschaffenburg, nachdem mich Karl-Dieter Jakob, ein alter Bekannter, der in Wenigumstadt ortsgeschichtlich aktiv ist, anschrieb und fragte, ob ich wisse, warum die [&hellip;]<\/p>\n","protected":false},"author":24,"featured_media":0,"comment_status":"open","ping_status":"open","sticky":false,"template":"","format":"standard","meta":{"_acf_changed":false,"_price":"","_stock":"","_tribe_ticket_header":"","_tribe_default_ticket_provider":"","_tribe_ticket_capacity":"0","_ticket_start_date":"","_ticket_end_date":"","_tribe_ticket_show_description":"","_tribe_ticket_show_not_going":false,"_tribe_ticket_use_global_stock":"","_tribe_ticket_global_stock_level":"","_global_stock_mode":"","_global_stock_cap":"","_tribe_rsvp_for_event":"","_tribe_ticket_going_count":"","_tribe_ticket_not_going_count":"","_tribe_tickets_list":"[]","_tribe_ticket_has_attendee_info_fields":false,"footnotes":""},"categories":[871,880,1,8,15,18,22],"tags":[86,223,336,338,418],"post-format":[],"post-content":[50,47],"class_list":["post-15833","post","type-post","status-publish","format-standard","hentry","category-fest-und-feiertage","category-brauchtum","category-alltag","category-arbeitsleben","category-freizeit","category-politik","category-vereinsleben","tag-aschaffenburg","tag-leider","tag-historisches-aschaffenburg","tag-stadt-aschaffenburg","tag-stadtteilgeschichte","content-image","content-text"],"acf":[],"yoast_head":"<!-- This site is optimized with the Yoast SEO plugin v27.5 - https:\/\/yoast.com\/product\/yoast-seo-wordpress\/ -->\n<title>Warum haben die Leiderer den Necknamen &#039;Schissmelle&#039;? - heimat:hub<\/title>\n<meta name=\"robots\" content=\"index, follow, max-snippet:-1, max-image-preview:large, max-video-preview:-1\" \/>\n<link rel=\"canonical\" href=\"https:\/\/heimathub.de\/warum-haben-die-leiderer-den-necknamen-schissmelle\/\" \/>\n<meta property=\"og:locale\" content=\"de_DE\" \/>\n<meta property=\"og:type\" content=\"article\" \/>\n<meta property=\"og:title\" content=\"Warum haben die Leiderer den Necknamen &#039;Schissmelle&#039;? - heimat:hub\" \/>\n<meta property=\"og:description\" content=\"\u00a0 Es war ein Treffen des Heimathub in Aschaffenburg, nachdem mich Karl-Dieter Jakob, ein alter Bekannter, der in Wenigumstadt ortsgeschichtlich aktiv ist, anschrieb und fragte, ob ich wisse, warum die [&hellip;]\" \/>\n<meta property=\"og:url\" content=\"https:\/\/heimathub.de\/warum-haben-die-leiderer-den-necknamen-schissmelle\/\" \/>\n<meta property=\"og:site_name\" content=\"heimat:hub\" \/>\n<meta property=\"article:published_time\" content=\"2024-09-23T07:01:14+00:00\" \/>\n<meta name=\"author\" content=\"Wolfgang Giegerich\" \/>\n<meta name=\"twitter:card\" content=\"summary_large_image\" \/>\n<meta name=\"twitter:label1\" content=\"Verfasst von\" \/>\n\t<meta name=\"twitter:data1\" content=\"Wolfgang Giegerich\" \/>\n\t<meta name=\"twitter:label2\" content=\"Gesch\u00e4tzte Lesezeit\" \/>\n\t<meta name=\"twitter:data2\" content=\"7\u00a0Minuten\" \/>\n<script type=\"application\/ld+json\" class=\"yoast-schema-graph\">{\"@context\":\"https:\\\/\\\/schema.org\",\"@graph\":[{\"@type\":\"Article\",\"@id\":\"https:\\\/\\\/heimathub.de\\\/warum-haben-die-leiderer-den-necknamen-schissmelle\\\/#article\",\"isPartOf\":{\"@id\":\"https:\\\/\\\/heimathub.de\\\/warum-haben-die-leiderer-den-necknamen-schissmelle\\\/\"},\"author\":{\"name\":\"Wolfgang Giegerich\",\"@id\":\"https:\\\/\\\/heimathub.de\\\/#\\\/schema\\\/person\\\/51bdf2bac07cd347c83871ed59db3cff\"},\"headline\":\"Warum haben die Leiderer den Necknamen &#8218;Schissmelle&#8216;?\",\"datePublished\":\"2024-09-23T07:01:14+00:00\",\"mainEntityOfPage\":{\"@id\":\"https:\\\/\\\/heimathub.de\\\/warum-haben-die-leiderer-den-necknamen-schissmelle\\\/\"},\"wordCount\":1166,\"commentCount\":1,\"keywords\":[\"Aschaffenburg\",\"Leider\",\"historisches Aschaffenburg\",\"Stadt Aschaffenburg\",\"Stadtteilgeschichte\"],\"articleSection\":[\"Fest- und Feiertage\",\"Brauchtum\",\"Alltag\",\"Arbeitsleben\",\"Freizeit\",\"Politik\",\"Vereinsleben\"],\"inLanguage\":\"de\",\"potentialAction\":[{\"@type\":\"CommentAction\",\"name\":\"Comment\",\"target\":[\"https:\\\/\\\/heimathub.de\\\/warum-haben-die-leiderer-den-necknamen-schissmelle\\\/#respond\"]}]},{\"@type\":\"WebPage\",\"@id\":\"https:\\\/\\\/heimathub.de\\\/warum-haben-die-leiderer-den-necknamen-schissmelle\\\/\",\"url\":\"https:\\\/\\\/heimathub.de\\\/warum-haben-die-leiderer-den-necknamen-schissmelle\\\/\",\"name\":\"Warum haben die Leiderer den Necknamen 'Schissmelle'? - heimat:hub\",\"isPartOf\":{\"@id\":\"https:\\\/\\\/heimathub.de\\\/#website\"},\"datePublished\":\"2024-09-23T07:01:14+00:00\",\"author\":{\"@id\":\"https:\\\/\\\/heimathub.de\\\/#\\\/schema\\\/person\\\/51bdf2bac07cd347c83871ed59db3cff\"},\"breadcrumb\":{\"@id\":\"https:\\\/\\\/heimathub.de\\\/warum-haben-die-leiderer-den-necknamen-schissmelle\\\/#breadcrumb\"},\"inLanguage\":\"de\",\"potentialAction\":[{\"@type\":\"ReadAction\",\"target\":[\"https:\\\/\\\/heimathub.de\\\/warum-haben-die-leiderer-den-necknamen-schissmelle\\\/\"]}]},{\"@type\":\"BreadcrumbList\",\"@id\":\"https:\\\/\\\/heimathub.de\\\/warum-haben-die-leiderer-den-necknamen-schissmelle\\\/#breadcrumb\",\"itemListElement\":[{\"@type\":\"ListItem\",\"position\":1,\"name\":\"Startseite\",\"item\":\"https:\\\/\\\/heimathub.de\\\/\"},{\"@type\":\"ListItem\",\"position\":2,\"name\":\"Journal\",\"item\":\"https:\\\/\\\/heimathub.de\\\/journal\\\/\"},{\"@type\":\"ListItem\",\"position\":3,\"name\":\"Warum haben die Leiderer den Necknamen &#8218;Schissmelle&#8216;?\"}]},{\"@type\":\"WebSite\",\"@id\":\"https:\\\/\\\/heimathub.de\\\/#website\",\"url\":\"https:\\\/\\\/heimathub.de\\\/\",\"name\":\"heimat:hub\",\"description\":\"\",\"potentialAction\":[{\"@type\":\"SearchAction\",\"target\":{\"@type\":\"EntryPoint\",\"urlTemplate\":\"https:\\\/\\\/heimathub.de\\\/?s={search_term_string}\"},\"query-input\":{\"@type\":\"PropertyValueSpecification\",\"valueRequired\":true,\"valueName\":\"search_term_string\"}}],\"inLanguage\":\"de\"},{\"@type\":\"Person\",\"@id\":\"https:\\\/\\\/heimathub.de\\\/#\\\/schema\\\/person\\\/51bdf2bac07cd347c83871ed59db3cff\",\"name\":\"Wolfgang Giegerich\",\"image\":{\"@type\":\"ImageObject\",\"inLanguage\":\"de\",\"@id\":\"https:\\\/\\\/heimathub.de\\\/wp-content\\\/uploads\\\/tml-avatars\\\/05-2.jpg\",\"url\":\"https:\\\/\\\/heimathub.de\\\/wp-content\\\/uploads\\\/tml-avatars\\\/05-2.jpg\",\"contentUrl\":\"https:\\\/\\\/heimathub.de\\\/wp-content\\\/uploads\\\/tml-avatars\\\/05-2.jpg\",\"caption\":\"Wolfgang Giegerich\"},\"url\":\"https:\\\/\\\/heimathub.de\\\/author\\\/wolfgang-giegerich\\\/\"}]}<\/script>\n<!-- \/ Yoast SEO plugin. -->","yoast_head_json":{"title":"Warum haben die Leiderer den Necknamen 'Schissmelle'? - heimat:hub","robots":{"index":"index","follow":"follow","max-snippet":"max-snippet:-1","max-image-preview":"max-image-preview:large","max-video-preview":"max-video-preview:-1"},"canonical":"https:\/\/heimathub.de\/warum-haben-die-leiderer-den-necknamen-schissmelle\/","og_locale":"de_DE","og_type":"article","og_title":"Warum haben die Leiderer den Necknamen 'Schissmelle'? - heimat:hub","og_description":"\u00a0 Es war ein Treffen des Heimathub in Aschaffenburg, nachdem mich Karl-Dieter Jakob, ein alter Bekannter, der in Wenigumstadt ortsgeschichtlich aktiv ist, anschrieb und fragte, ob ich wisse, warum die [&hellip;]","og_url":"https:\/\/heimathub.de\/warum-haben-die-leiderer-den-necknamen-schissmelle\/","og_site_name":"heimat:hub","article_published_time":"2024-09-23T07:01:14+00:00","author":"Wolfgang Giegerich","twitter_card":"summary_large_image","twitter_misc":{"Verfasst von":"Wolfgang Giegerich","Gesch\u00e4tzte Lesezeit":"7\u00a0Minuten"},"schema":{"@context":"https:\/\/schema.org","@graph":[{"@type":"Article","@id":"https:\/\/heimathub.de\/warum-haben-die-leiderer-den-necknamen-schissmelle\/#article","isPartOf":{"@id":"https:\/\/heimathub.de\/warum-haben-die-leiderer-den-necknamen-schissmelle\/"},"author":{"name":"Wolfgang Giegerich","@id":"https:\/\/heimathub.de\/#\/schema\/person\/51bdf2bac07cd347c83871ed59db3cff"},"headline":"Warum haben die Leiderer den Necknamen &#8218;Schissmelle&#8216;?","datePublished":"2024-09-23T07:01:14+00:00","mainEntityOfPage":{"@id":"https:\/\/heimathub.de\/warum-haben-die-leiderer-den-necknamen-schissmelle\/"},"wordCount":1166,"commentCount":1,"keywords":["Aschaffenburg","Leider","historisches Aschaffenburg","Stadt Aschaffenburg","Stadtteilgeschichte"],"articleSection":["Fest- und Feiertage","Brauchtum","Alltag","Arbeitsleben","Freizeit","Politik","Vereinsleben"],"inLanguage":"de","potentialAction":[{"@type":"CommentAction","name":"Comment","target":["https:\/\/heimathub.de\/warum-haben-die-leiderer-den-necknamen-schissmelle\/#respond"]}]},{"@type":"WebPage","@id":"https:\/\/heimathub.de\/warum-haben-die-leiderer-den-necknamen-schissmelle\/","url":"https:\/\/heimathub.de\/warum-haben-die-leiderer-den-necknamen-schissmelle\/","name":"Warum haben die Leiderer den Necknamen 'Schissmelle'? - heimat:hub","isPartOf":{"@id":"https:\/\/heimathub.de\/#website"},"datePublished":"2024-09-23T07:01:14+00:00","author":{"@id":"https:\/\/heimathub.de\/#\/schema\/person\/51bdf2bac07cd347c83871ed59db3cff"},"breadcrumb":{"@id":"https:\/\/heimathub.de\/warum-haben-die-leiderer-den-necknamen-schissmelle\/#breadcrumb"},"inLanguage":"de","potentialAction":[{"@type":"ReadAction","target":["https:\/\/heimathub.de\/warum-haben-die-leiderer-den-necknamen-schissmelle\/"]}]},{"@type":"BreadcrumbList","@id":"https:\/\/heimathub.de\/warum-haben-die-leiderer-den-necknamen-schissmelle\/#breadcrumb","itemListElement":[{"@type":"ListItem","position":1,"name":"Startseite","item":"https:\/\/heimathub.de\/"},{"@type":"ListItem","position":2,"name":"Journal","item":"https:\/\/heimathub.de\/journal\/"},{"@type":"ListItem","position":3,"name":"Warum haben die Leiderer den Necknamen &#8218;Schissmelle&#8216;?"}]},{"@type":"WebSite","@id":"https:\/\/heimathub.de\/#website","url":"https:\/\/heimathub.de\/","name":"heimat:hub","description":"","potentialAction":[{"@type":"SearchAction","target":{"@type":"EntryPoint","urlTemplate":"https:\/\/heimathub.de\/?s={search_term_string}"},"query-input":{"@type":"PropertyValueSpecification","valueRequired":true,"valueName":"search_term_string"}}],"inLanguage":"de"},{"@type":"Person","@id":"https:\/\/heimathub.de\/#\/schema\/person\/51bdf2bac07cd347c83871ed59db3cff","name":"Wolfgang Giegerich","image":{"@type":"ImageObject","inLanguage":"de","@id":"https:\/\/heimathub.de\/wp-content\/uploads\/tml-avatars\/05-2.jpg","url":"https:\/\/heimathub.de\/wp-content\/uploads\/tml-avatars\/05-2.jpg","contentUrl":"https:\/\/heimathub.de\/wp-content\/uploads\/tml-avatars\/05-2.jpg","caption":"Wolfgang Giegerich"},"url":"https:\/\/heimathub.de\/author\/wolfgang-giegerich\/"}]}},"_links":{"self":[{"href":"https:\/\/heimathub.de\/data\/wp\/v2\/posts\/15833","targetHints":{"allow":["GET"]}}],"collection":[{"href":"https:\/\/heimathub.de\/data\/wp\/v2\/posts"}],"about":[{"href":"https:\/\/heimathub.de\/data\/wp\/v2\/types\/post"}],"author":[{"embeddable":true,"href":"https:\/\/heimathub.de\/data\/wp\/v2\/users\/24"}],"replies":[{"embeddable":true,"href":"https:\/\/heimathub.de\/data\/wp\/v2\/comments?post=15833"}],"version-history":[{"count":6,"href":"https:\/\/heimathub.de\/data\/wp\/v2\/posts\/15833\/revisions"}],"predecessor-version":[{"id":15853,"href":"https:\/\/heimathub.de\/data\/wp\/v2\/posts\/15833\/revisions\/15853"}],"wp:attachment":[{"href":"https:\/\/heimathub.de\/data\/wp\/v2\/media?parent=15833"}],"wp:term":[{"taxonomy":"category","embeddable":true,"href":"https:\/\/heimathub.de\/data\/wp\/v2\/categories?post=15833"},{"taxonomy":"post_tag","embeddable":true,"href":"https:\/\/heimathub.de\/data\/wp\/v2\/tags?post=15833"},{"taxonomy":"format","embeddable":true,"href":"https:\/\/heimathub.de\/data\/wp\/v2\/post-format?post=15833"},{"taxonomy":"content","embeddable":true,"href":"https:\/\/heimathub.de\/data\/wp\/v2\/post-content?post=15833"}],"curies":[{"name":"wp","href":"https:\/\/api.w.org\/{rel}","templated":true}]}}