{"id":14503,"date":"2024-06-25T12:34:36","date_gmt":"2024-06-25T10:34:36","guid":{"rendered":"https:\/\/heimathub.de\/?p=14503"},"modified":"2024-06-26T18:14:25","modified_gmt":"2024-06-26T16:14:25","slug":"digital-analoge-ausstellung-zum-aschaffenburger-parlamentarier-jean-stock-1893-1965","status":"publish","type":"post","link":"https:\/\/heimathub.de\/digital-analoge-ausstellung-zum-aschaffenburger-parlamentarier-jean-stock-1893-1965\/","title":{"rendered":"Digital &#8211; analoge Ausstellung zum Aschaffenburger Parlamentarier Jean Stock (1893-1965)"},"content":{"rendered":"<p>Vom 21. bis 31. Mai 2024 wurde im Digitalladen der Stadt Aschaffenburg (Ro\u00dfmarkt 11) eine Ausstellung zum bekannten Aschaffenburger Demokraten und Parlamentarier Jean Stock gezeigt:<\/p>\n<p><a href=\"https:\/\/heimathub.de\/aktuelles\/ausstellung-zum-aschaffenburger-parlamentarier-jean-stock-wird-ab-heute-gezeigt\/\">https:\/\/heimathub.de\/aktuelles\/ausstellung-zum-aschaffenburger-parlamentarier-jean-stock-wird-ab-heute-gezeigt\/<\/a><\/p>\n<p>Als Mitglied und einer der Schriftf\u00fchrer im Parlamentarischen Rat war der Aschaffenburger von 1948 bis 1949 einer der Geburtshelfer der Bundesrepublik. Die analoge Ausstellung zeigte Exponate aus dem Nachlass der Familie Stock, die im Stadt- und Stiftsarchiv Aschaffenburg aufbewahrt werden.<\/p>\n<p><img loading=\"lazy\" decoding=\"async\" class=\"alignnone size-full wp-image-14486\" src=\"https:\/\/heimathub.de\/wp-content\/uploads\/2024\/06\/IMG_20240604_091026-scaled.jpg\" alt=\"\" width=\"2560\" height=\"1915\" srcset=\"https:\/\/heimathub.de\/wp-content\/uploads\/2024\/06\/IMG_20240604_091026-scaled.jpg 2560w, https:\/\/heimathub.de\/wp-content\/uploads\/2024\/06\/IMG_20240604_091026-800x598.jpg 800w, https:\/\/heimathub.de\/wp-content\/uploads\/2024\/06\/IMG_20240604_091026-1024x766.jpg 1024w, https:\/\/heimathub.de\/wp-content\/uploads\/2024\/06\/IMG_20240604_091026-768x574.jpg 768w, https:\/\/heimathub.de\/wp-content\/uploads\/2024\/06\/IMG_20240604_091026-1536x1149.jpg 1536w, https:\/\/heimathub.de\/wp-content\/uploads\/2024\/06\/IMG_20240604_091026-2048x1532.jpg 2048w, https:\/\/heimathub.de\/wp-content\/uploads\/2024\/06\/IMG_20240604_091026-1444x1080.jpg 1444w, https:\/\/heimathub.de\/wp-content\/uploads\/2024\/06\/IMG_20240604_091026-600x449.jpg 600w\" sizes=\"auto, (max-width: 2560px) 100vw, 2560px\" \/><\/p>\n<p>Hier k\u00f6nnen Sie nun die in der analogen Ausstellung gezeigten Exponate digital erleben. Auf diesem Weg k\u00f6nnen Sie sie nach Belieben vergr\u00f6\u00dfern, nun auch die R\u00fcckseiten einsehen und erhalten zudem noch einige Hintergrundinformationen mehr als das im Rahmen der analogen Ausstellung m\u00f6glich war.<\/p>\n<p>Zun\u00e4chst finden Sie zur \u00dcbersicht zwei maschinengeschriebene tabellarische Lebensl\u00e4ufe zur Person, von welchen einer von ihm selbst kurz vor seinem Tod in den fr\u00fchen 1960er Jahren verfasst wurde:<\/p>\n<p><a href=\"https:\/\/heimathub.de\/wp-content\/uploads\/2024\/06\/CV-Jean-Stock-erstellt-von-Jean-Stock.pdf\">CV Jean Stock erstellt von Jean Stock<\/a><\/p>\n<p>Erg\u00e4nzend dazu ein \u00e4hnliches Dokument, das Jean Stocks Sohn Rudi Stock nach dem Tod des Vaters um weitere Informationen erg\u00e4nzt hat.<\/p>\n<p><a href=\"https:\/\/heimathub.de\/wp-content\/uploads\/2024\/06\/CV-Jean-Stock-erstellt-von-Rudi-Stock.pdf\">CV Jean Stock erstellt von Rudi Stock<\/a><\/p>\n<p>Seit 1911 war der gelernte Buchdrucker, der im Rahmen seiner Ausbildung in Aschaffenburg ans\u00e4ssig geworden war, Mitglied der SPD. W\u00e4hrend der Novemberrevolution war er in Aschaffenburg einer der gem\u00e4\u00dfigteren Akteure. W\u00e4hrend der Weimarer Republik war Jean Stock weiterhin aktives Mitglied der SPD und setzte sich f\u00fcr die Aschaffenburger Arbeiterschaft ein. <img loading=\"lazy\" decoding=\"async\" class=\"alignnone size-full wp-image-14444\" src=\"https:\/\/heimathub.de\/wp-content\/uploads\/2024\/06\/02-NL77-13-Parteibuch-2-scaled.jpg\" alt=\"\" width=\"2560\" height=\"1864\" srcset=\"https:\/\/heimathub.de\/wp-content\/uploads\/2024\/06\/02-NL77-13-Parteibuch-2-scaled.jpg 2560w, https:\/\/heimathub.de\/wp-content\/uploads\/2024\/06\/02-NL77-13-Parteibuch-2-800x582.jpg 800w, https:\/\/heimathub.de\/wp-content\/uploads\/2024\/06\/02-NL77-13-Parteibuch-2-1024x745.jpg 1024w, https:\/\/heimathub.de\/wp-content\/uploads\/2024\/06\/02-NL77-13-Parteibuch-2-768x559.jpg 768w, https:\/\/heimathub.de\/wp-content\/uploads\/2024\/06\/02-NL77-13-Parteibuch-2-1536x1118.jpg 1536w, https:\/\/heimathub.de\/wp-content\/uploads\/2024\/06\/02-NL77-13-Parteibuch-2-2048x1491.jpg 2048w, https:\/\/heimathub.de\/wp-content\/uploads\/2024\/06\/02-NL77-13-Parteibuch-2-1484x1080.jpg 1484w, https:\/\/heimathub.de\/wp-content\/uploads\/2024\/06\/02-NL77-13-Parteibuch-2-600x437.jpg 600w\" sizes=\"auto, (max-width: 2560px) 100vw, 2560px\" \/><\/p>\n<p><img loading=\"lazy\" decoding=\"async\" class=\"alignnone size-full wp-image-14442\" src=\"https:\/\/heimathub.de\/wp-content\/uploads\/2024\/06\/03-NL77-13-Parteibuch-3-scaled.jpg\" alt=\"\" width=\"2560\" height=\"1870\" srcset=\"https:\/\/heimathub.de\/wp-content\/uploads\/2024\/06\/03-NL77-13-Parteibuch-3-scaled.jpg 2560w, https:\/\/heimathub.de\/wp-content\/uploads\/2024\/06\/03-NL77-13-Parteibuch-3-800x584.jpg 800w, https:\/\/heimathub.de\/wp-content\/uploads\/2024\/06\/03-NL77-13-Parteibuch-3-1024x748.jpg 1024w, https:\/\/heimathub.de\/wp-content\/uploads\/2024\/06\/03-NL77-13-Parteibuch-3-768x561.jpg 768w, https:\/\/heimathub.de\/wp-content\/uploads\/2024\/06\/03-NL77-13-Parteibuch-3-1536x1122.jpg 1536w, https:\/\/heimathub.de\/wp-content\/uploads\/2024\/06\/03-NL77-13-Parteibuch-3-2048x1496.jpg 2048w, https:\/\/heimathub.de\/wp-content\/uploads\/2024\/06\/03-NL77-13-Parteibuch-3-1479x1080.jpg 1479w, https:\/\/heimathub.de\/wp-content\/uploads\/2024\/06\/03-NL77-13-Parteibuch-3-600x438.jpg 600w\" sizes=\"auto, (max-width: 2560px) 100vw, 2560px\" \/><\/p>\n<p>Jean Stocks letztes Parteibuch aus der Weimarer Republik. Am 2. Juni 1933 wurde die Arbeit der Partei durch die\u00a0 \u00a0NSDAP offiziell unterbunden und verboten. In Aschaffenburg beendete die SPD schon bald nach der Machtergreifung gezwungenerma\u00dfen ihre Aktivit\u00e4t.<\/p>\n<p><img loading=\"lazy\" decoding=\"async\" class=\"alignnone size-full wp-image-14446\" src=\"https:\/\/heimathub.de\/wp-content\/uploads\/2024\/06\/05-Entnommen-aus-NL-77-134-Firmenanteil-scaled.jpg\" alt=\"\" width=\"1810\" height=\"2560\" srcset=\"https:\/\/heimathub.de\/wp-content\/uploads\/2024\/06\/05-Entnommen-aus-NL-77-134-Firmenanteil-scaled.jpg 1810w, https:\/\/heimathub.de\/wp-content\/uploads\/2024\/06\/05-Entnommen-aus-NL-77-134-Firmenanteil-566x800.jpg 566w, https:\/\/heimathub.de\/wp-content\/uploads\/2024\/06\/05-Entnommen-aus-NL-77-134-Firmenanteil-724x1024.jpg 724w, https:\/\/heimathub.de\/wp-content\/uploads\/2024\/06\/05-Entnommen-aus-NL-77-134-Firmenanteil-768x1086.jpg 768w, https:\/\/heimathub.de\/wp-content\/uploads\/2024\/06\/05-Entnommen-aus-NL-77-134-Firmenanteil-1086x1536.jpg 1086w, https:\/\/heimathub.de\/wp-content\/uploads\/2024\/06\/05-Entnommen-aus-NL-77-134-Firmenanteil-1448x2048.jpg 1448w, https:\/\/heimathub.de\/wp-content\/uploads\/2024\/06\/05-Entnommen-aus-NL-77-134-Firmenanteil-764x1080.jpg 764w, https:\/\/heimathub.de\/wp-content\/uploads\/2024\/06\/05-Entnommen-aus-NL-77-134-Firmenanteil-543x768.jpg 543w, https:\/\/heimathub.de\/wp-content\/uploads\/2024\/06\/05-Entnommen-aus-NL-77-134-Firmenanteil-407x576.jpg 407w, https:\/\/heimathub.de\/wp-content\/uploads\/2024\/06\/05-Entnommen-aus-NL-77-134-Firmenanteil-600x849.jpg 600w\" sizes=\"auto, (max-width: 1810px) 100vw, 1810px\" \/><\/p>\n<p>Der &#8222;Gewerkschaftssekret\u00e4r&#8220; Jean Stock erwarb 1922 einen Gesch\u00e4ftsanteil an der &#8222;Aschaffenburger Genossenschaftsdruckerei&#8220;. Nach dem Zweiten Weltkrieg war er es, der das &#8222;Main Echo&#8220; mit ins Leben rief.<\/p>\n<p><img loading=\"lazy\" decoding=\"async\" class=\"alignnone size-full wp-image-14538\" src=\"https:\/\/heimathub.de\/wp-content\/uploads\/2024\/06\/04-NL77-15-Haus-Wilhelminenstrasse-Kopie-scaled.jpg\" alt=\"\" width=\"2154\" height=\"2560\" srcset=\"https:\/\/heimathub.de\/wp-content\/uploads\/2024\/06\/04-NL77-15-Haus-Wilhelminenstrasse-Kopie-scaled.jpg 2154w, https:\/\/heimathub.de\/wp-content\/uploads\/2024\/06\/04-NL77-15-Haus-Wilhelminenstrasse-Kopie-673x800.jpg 673w, https:\/\/heimathub.de\/wp-content\/uploads\/2024\/06\/04-NL77-15-Haus-Wilhelminenstrasse-Kopie-862x1024.jpg 862w, https:\/\/heimathub.de\/wp-content\/uploads\/2024\/06\/04-NL77-15-Haus-Wilhelminenstrasse-Kopie-768x913.jpg 768w, https:\/\/heimathub.de\/wp-content\/uploads\/2024\/06\/04-NL77-15-Haus-Wilhelminenstrasse-Kopie-1293x1536.jpg 1293w, https:\/\/heimathub.de\/wp-content\/uploads\/2024\/06\/04-NL77-15-Haus-Wilhelminenstrasse-Kopie-1723x2048.jpg 1723w, https:\/\/heimathub.de\/wp-content\/uploads\/2024\/06\/04-NL77-15-Haus-Wilhelminenstrasse-Kopie-909x1080.jpg 909w, https:\/\/heimathub.de\/wp-content\/uploads\/2024\/06\/04-NL77-15-Haus-Wilhelminenstrasse-Kopie-646x768.jpg 646w, https:\/\/heimathub.de\/wp-content\/uploads\/2024\/06\/04-NL77-15-Haus-Wilhelminenstrasse-Kopie-485x576.jpg 485w, https:\/\/heimathub.de\/wp-content\/uploads\/2024\/06\/04-NL77-15-Haus-Wilhelminenstrasse-Kopie-600x713.jpg 600w\" sizes=\"auto, (max-width: 2154px) 100vw, 2154px\" \/><\/p>\n<p>Auch privat war die Weimarer Republik f\u00fcr Jean Stock eine Zeit des Aufbruchs. Er heiratete seine Frau Ida und erwarb im Sommer 1922 dieses Haus in der Wilhelminenstra\u00dfe. Hier posieren sie mit Tochter Anneliese (*1920) und Sohn Rudi (*1921) f\u00fcr den Fotografen.<\/p>\n<p><img loading=\"lazy\" decoding=\"async\" class=\"alignnone size-full wp-image-14447\" src=\"https:\/\/heimathub.de\/wp-content\/uploads\/2024\/06\/05a-NL77-21-GeStaPo-Akten-1-rotated.jpg\" alt=\"\" width=\"1653\" height=\"2338\" srcset=\"https:\/\/heimathub.de\/wp-content\/uploads\/2024\/06\/05a-NL77-21-GeStaPo-Akten-1-rotated.jpg 1653w, https:\/\/heimathub.de\/wp-content\/uploads\/2024\/06\/05a-NL77-21-GeStaPo-Akten-1-566x800.jpg 566w, https:\/\/heimathub.de\/wp-content\/uploads\/2024\/06\/05a-NL77-21-GeStaPo-Akten-1-724x1024.jpg 724w, https:\/\/heimathub.de\/wp-content\/uploads\/2024\/06\/05a-NL77-21-GeStaPo-Akten-1-768x1086.jpg 768w, https:\/\/heimathub.de\/wp-content\/uploads\/2024\/06\/05a-NL77-21-GeStaPo-Akten-1-1086x1536.jpg 1086w, https:\/\/heimathub.de\/wp-content\/uploads\/2024\/06\/05a-NL77-21-GeStaPo-Akten-1-1448x2048.jpg 1448w, https:\/\/heimathub.de\/wp-content\/uploads\/2024\/06\/05a-NL77-21-GeStaPo-Akten-1-764x1080.jpg 764w, https:\/\/heimathub.de\/wp-content\/uploads\/2024\/06\/05a-NL77-21-GeStaPo-Akten-1-543x768.jpg 543w, https:\/\/heimathub.de\/wp-content\/uploads\/2024\/06\/05a-NL77-21-GeStaPo-Akten-1-407x576.jpg 407w, https:\/\/heimathub.de\/wp-content\/uploads\/2024\/06\/05a-NL77-21-GeStaPo-Akten-1-600x849.jpg 600w\" sizes=\"auto, (max-width: 1653px) 100vw, 1653px\" \/><\/p>\n<p>Mit der &#8222;Machtergreifung&#8220; begann auch f\u00fcr die Stocks eine Zeit der Entbehrungen und Repressalien. Das Staatsarchiv W\u00fcrzburg verwahrt seine Akte Nummer 15428, die detailliert die Methoden und Strategien der Geheimen Staatspolizei, die gegen seine Familie angewandt wurden. Stock durfte keine Zeitung mehr drucken und behalf sich notd\u00fcrftig mit dem Druck von Sterbebildern und Werbung in einer eigens dazu gegr\u00fcndeten kleinen Druckwerkstatt.<\/p>\n<p><img loading=\"lazy\" decoding=\"async\" class=\"alignnone size-full wp-image-14448\" src=\"https:\/\/heimathub.de\/wp-content\/uploads\/2024\/06\/06-NL77-21-GeStaPo-Akten-2-scaled.jpg\" alt=\"\" width=\"1810\" height=\"2560\" srcset=\"https:\/\/heimathub.de\/wp-content\/uploads\/2024\/06\/06-NL77-21-GeStaPo-Akten-2-scaled.jpg 1810w, https:\/\/heimathub.de\/wp-content\/uploads\/2024\/06\/06-NL77-21-GeStaPo-Akten-2-566x800.jpg 566w, https:\/\/heimathub.de\/wp-content\/uploads\/2024\/06\/06-NL77-21-GeStaPo-Akten-2-724x1024.jpg 724w, https:\/\/heimathub.de\/wp-content\/uploads\/2024\/06\/06-NL77-21-GeStaPo-Akten-2-768x1086.jpg 768w, https:\/\/heimathub.de\/wp-content\/uploads\/2024\/06\/06-NL77-21-GeStaPo-Akten-2-1086x1536.jpg 1086w, https:\/\/heimathub.de\/wp-content\/uploads\/2024\/06\/06-NL77-21-GeStaPo-Akten-2-1448x2048.jpg 1448w, https:\/\/heimathub.de\/wp-content\/uploads\/2024\/06\/06-NL77-21-GeStaPo-Akten-2-764x1080.jpg 764w, https:\/\/heimathub.de\/wp-content\/uploads\/2024\/06\/06-NL77-21-GeStaPo-Akten-2-543x768.jpg 543w, https:\/\/heimathub.de\/wp-content\/uploads\/2024\/06\/06-NL77-21-GeStaPo-Akten-2-407x576.jpg 407w, https:\/\/heimathub.de\/wp-content\/uploads\/2024\/06\/06-NL77-21-GeStaPo-Akten-2-600x848.jpg 600w\" sizes=\"auto, (max-width: 1810px) 100vw, 1810px\" \/><\/p>\n<p>Als politische Ma\u00dfnahme wurde Jean Stock im August 1944 nach dem Hitlerattentat (Stauffenbergattentat) als einer der politisch Verfolgten verhaftet und im Konzentrationslager Dachau interniert.<\/p>\n<p><img loading=\"lazy\" decoding=\"async\" class=\"alignnone size-full wp-image-14449\" src=\"https:\/\/heimathub.de\/wp-content\/uploads\/2024\/06\/07-NL77-21-Entlassschein-Dachau-GeStaPo-Akten-3-scaled.jpg\" alt=\"\" width=\"2560\" height=\"1810\" srcset=\"https:\/\/heimathub.de\/wp-content\/uploads\/2024\/06\/07-NL77-21-Entlassschein-Dachau-GeStaPo-Akten-3-scaled.jpg 2560w, https:\/\/heimathub.de\/wp-content\/uploads\/2024\/06\/07-NL77-21-Entlassschein-Dachau-GeStaPo-Akten-3-800x566.jpg 800w, https:\/\/heimathub.de\/wp-content\/uploads\/2024\/06\/07-NL77-21-Entlassschein-Dachau-GeStaPo-Akten-3-1024x724.jpg 1024w, https:\/\/heimathub.de\/wp-content\/uploads\/2024\/06\/07-NL77-21-Entlassschein-Dachau-GeStaPo-Akten-3-768x543.jpg 768w, https:\/\/heimathub.de\/wp-content\/uploads\/2024\/06\/07-NL77-21-Entlassschein-Dachau-GeStaPo-Akten-3-1536x1086.jpg 1536w, https:\/\/heimathub.de\/wp-content\/uploads\/2024\/06\/07-NL77-21-Entlassschein-Dachau-GeStaPo-Akten-3-2048x1448.jpg 2048w, https:\/\/heimathub.de\/wp-content\/uploads\/2024\/06\/07-NL77-21-Entlassschein-Dachau-GeStaPo-Akten-3-1527x1080.jpg 1527w, https:\/\/heimathub.de\/wp-content\/uploads\/2024\/06\/07-NL77-21-Entlassschein-Dachau-GeStaPo-Akten-3-600x424.jpg 600w\" sizes=\"auto, (max-width: 2560px) 100vw, 2560px\" \/><\/p>\n<p>Knapp zwei Wochen sp\u00e4ter wurde Jean Stock wieder aus den KZ entlassen, laut den Berichten von ihm und weiteren H\u00e4ftlingen aus Aschaffenburg auf Betreiben des ebenfalls aus Aschaffenburg stammenden Lagerkommandanten Eduard Weiter <a href=\"https:\/\/de.wikipedia.org\/wiki\/Eduard_Weiter\">https:\/\/de.wikipedia.org\/wiki\/Eduard_Weiter<\/a>, der w\u00e4hrend der Novemberrevolution auf Seiten Stocks und seiner Kollegen wie Bernhard Junker politisch gek\u00e4mpft hatte und der offenbar seine Mitb\u00fcrger vom Untermain wiedererkannt hatte. Weiters Familie lebte bis Kriegsende wohl in Aschaffenburg.<\/p>\n<p><img loading=\"lazy\" decoding=\"async\" class=\"alignnone size-full wp-image-14452\" src=\"https:\/\/heimathub.de\/wp-content\/uploads\/2024\/06\/11-NL77-02-Bestellung-OB-1945-scaled.jpg\" alt=\"\" width=\"2560\" height=\"1810\" srcset=\"https:\/\/heimathub.de\/wp-content\/uploads\/2024\/06\/11-NL77-02-Bestellung-OB-1945-scaled.jpg 2560w, https:\/\/heimathub.de\/wp-content\/uploads\/2024\/06\/11-NL77-02-Bestellung-OB-1945-800x566.jpg 800w, https:\/\/heimathub.de\/wp-content\/uploads\/2024\/06\/11-NL77-02-Bestellung-OB-1945-1024x724.jpg 1024w, https:\/\/heimathub.de\/wp-content\/uploads\/2024\/06\/11-NL77-02-Bestellung-OB-1945-768x543.jpg 768w, https:\/\/heimathub.de\/wp-content\/uploads\/2024\/06\/11-NL77-02-Bestellung-OB-1945-1536x1086.jpg 1536w, https:\/\/heimathub.de\/wp-content\/uploads\/2024\/06\/11-NL77-02-Bestellung-OB-1945-2048x1448.jpg 2048w, https:\/\/heimathub.de\/wp-content\/uploads\/2024\/06\/11-NL77-02-Bestellung-OB-1945-1527x1080.jpg 1527w, https:\/\/heimathub.de\/wp-content\/uploads\/2024\/06\/11-NL77-02-Bestellung-OB-1945-600x424.jpg 600w\" sizes=\"auto, (max-width: 2560px) 100vw, 2560px\" \/><\/p>\n<p>Am 14. April 1945 ernennt der Stadtkommandant Charles M-. Emerick Jean Stock aufgrund seiner antimilitaristischen Einstellung und seinen Widerstand gegen die NSDAP zum Oberb\u00fcrgermeister von Aschaffenburg. Hier ein pers\u00f6nliches Schreiben Emericks an die amerikanischen Beh\u00f6rden, das Jean Stock erm\u00f6glichte seinen Sohn Rudi Stock in der Gefangenschaft im Lazarett Ende Juni 1945 besuchen.<\/p>\n<p><img loading=\"lazy\" decoding=\"async\" class=\"alignnone size-full wp-image-14450\" src=\"https:\/\/heimathub.de\/wp-content\/uploads\/2024\/06\/09-NL77-06-19460403-Inbetriebnahme-der-Rotation-Main-Echo-1-scaled.jpg\" alt=\"\" width=\"2560\" height=\"1807\" srcset=\"https:\/\/heimathub.de\/wp-content\/uploads\/2024\/06\/09-NL77-06-19460403-Inbetriebnahme-der-Rotation-Main-Echo-1-scaled.jpg 2560w, https:\/\/heimathub.de\/wp-content\/uploads\/2024\/06\/09-NL77-06-19460403-Inbetriebnahme-der-Rotation-Main-Echo-1-800x565.jpg 800w, https:\/\/heimathub.de\/wp-content\/uploads\/2024\/06\/09-NL77-06-19460403-Inbetriebnahme-der-Rotation-Main-Echo-1-1024x723.jpg 1024w, https:\/\/heimathub.de\/wp-content\/uploads\/2024\/06\/09-NL77-06-19460403-Inbetriebnahme-der-Rotation-Main-Echo-1-768x542.jpg 768w, https:\/\/heimathub.de\/wp-content\/uploads\/2024\/06\/09-NL77-06-19460403-Inbetriebnahme-der-Rotation-Main-Echo-1-1536x1084.jpg 1536w, https:\/\/heimathub.de\/wp-content\/uploads\/2024\/06\/09-NL77-06-19460403-Inbetriebnahme-der-Rotation-Main-Echo-1-2048x1446.jpg 2048w, https:\/\/heimathub.de\/wp-content\/uploads\/2024\/06\/09-NL77-06-19460403-Inbetriebnahme-der-Rotation-Main-Echo-1-1530x1080.jpg 1530w, https:\/\/heimathub.de\/wp-content\/uploads\/2024\/06\/09-NL77-06-19460403-Inbetriebnahme-der-Rotation-Main-Echo-1-600x424.jpg 600w\" sizes=\"auto, (max-width: 2560px) 100vw, 2560px\" \/><\/p>\n<p>Beruflicher Neubeginn nach zw\u00f6lf Jahren Repression: Am 03. M\u00e4rz 1946 er\u00f6ffnete das Main Echo, hier bei der feierlichen Inbetriebnahme der Rotationspressen. Im Vordergrund links Jean Stock im Gespr\u00e4ch mit Colonel Bernhard B. McMahon, im Hintergrund die Rotationspresse.<\/p>\n<p><img loading=\"lazy\" decoding=\"async\" class=\"alignnone size-full wp-image-14451\" src=\"https:\/\/heimathub.de\/wp-content\/uploads\/2024\/06\/10-NL77-06-19460403-Inbetriebnahme-der-Rotation-Main-Echo-2-scaled.jpg\" alt=\"\" width=\"2560\" height=\"1889\" srcset=\"https:\/\/heimathub.de\/wp-content\/uploads\/2024\/06\/10-NL77-06-19460403-Inbetriebnahme-der-Rotation-Main-Echo-2-scaled.jpg 2560w, https:\/\/heimathub.de\/wp-content\/uploads\/2024\/06\/10-NL77-06-19460403-Inbetriebnahme-der-Rotation-Main-Echo-2-800x590.jpg 800w, https:\/\/heimathub.de\/wp-content\/uploads\/2024\/06\/10-NL77-06-19460403-Inbetriebnahme-der-Rotation-Main-Echo-2-1024x756.jpg 1024w, https:\/\/heimathub.de\/wp-content\/uploads\/2024\/06\/10-NL77-06-19460403-Inbetriebnahme-der-Rotation-Main-Echo-2-768x567.jpg 768w, https:\/\/heimathub.de\/wp-content\/uploads\/2024\/06\/10-NL77-06-19460403-Inbetriebnahme-der-Rotation-Main-Echo-2-1536x1133.jpg 1536w, https:\/\/heimathub.de\/wp-content\/uploads\/2024\/06\/10-NL77-06-19460403-Inbetriebnahme-der-Rotation-Main-Echo-2-2048x1511.jpg 2048w, https:\/\/heimathub.de\/wp-content\/uploads\/2024\/06\/10-NL77-06-19460403-Inbetriebnahme-der-Rotation-Main-Echo-2-1464x1080.jpg 1464w, https:\/\/heimathub.de\/wp-content\/uploads\/2024\/06\/10-NL77-06-19460403-Inbetriebnahme-der-Rotation-Main-Echo-2-600x443.jpg 600w\" sizes=\"auto, (max-width: 2560px) 100vw, 2560px\" \/><\/p>\n<p>Jean Stock im Auditorium zur Er\u00f6ffnungsrede. Des Weiteren sind zu sehen v.l.n.r.: Colonel Bernhard B. McMahon, Presseoffizier E. Opitz, Stadtkommandant Major Charles Emerick (hinten im Teilprofil zu sehen) und Jean Stock.<\/p>\n<p><img loading=\"lazy\" decoding=\"async\" class=\"alignnone size-full wp-image-14453\" src=\"https:\/\/heimathub.de\/wp-content\/uploads\/2024\/06\/12-NL77-21-Mitteilungsblatt-des-OB-Nummer-1-1-scaled.jpg\" alt=\"\" width=\"1810\" height=\"2560\" srcset=\"https:\/\/heimathub.de\/wp-content\/uploads\/2024\/06\/12-NL77-21-Mitteilungsblatt-des-OB-Nummer-1-1-scaled.jpg 1810w, https:\/\/heimathub.de\/wp-content\/uploads\/2024\/06\/12-NL77-21-Mitteilungsblatt-des-OB-Nummer-1-1-566x800.jpg 566w, https:\/\/heimathub.de\/wp-content\/uploads\/2024\/06\/12-NL77-21-Mitteilungsblatt-des-OB-Nummer-1-1-724x1024.jpg 724w, https:\/\/heimathub.de\/wp-content\/uploads\/2024\/06\/12-NL77-21-Mitteilungsblatt-des-OB-Nummer-1-1-768x1086.jpg 768w, https:\/\/heimathub.de\/wp-content\/uploads\/2024\/06\/12-NL77-21-Mitteilungsblatt-des-OB-Nummer-1-1-1086x1536.jpg 1086w, https:\/\/heimathub.de\/wp-content\/uploads\/2024\/06\/12-NL77-21-Mitteilungsblatt-des-OB-Nummer-1-1-1448x2048.jpg 1448w, https:\/\/heimathub.de\/wp-content\/uploads\/2024\/06\/12-NL77-21-Mitteilungsblatt-des-OB-Nummer-1-1-764x1080.jpg 764w, https:\/\/heimathub.de\/wp-content\/uploads\/2024\/06\/12-NL77-21-Mitteilungsblatt-des-OB-Nummer-1-1-543x768.jpg 543w, https:\/\/heimathub.de\/wp-content\/uploads\/2024\/06\/12-NL77-21-Mitteilungsblatt-des-OB-Nummer-1-1-407x576.jpg 407w, https:\/\/heimathub.de\/wp-content\/uploads\/2024\/06\/12-NL77-21-Mitteilungsblatt-des-OB-Nummer-1-1-600x848.jpg 600w\" sizes=\"auto, (max-width: 1810px) 100vw, 1810px\" \/><\/p>\n<p><img loading=\"lazy\" decoding=\"async\" class=\"alignnone size-full wp-image-14454\" src=\"https:\/\/heimathub.de\/wp-content\/uploads\/2024\/06\/13-NL77-21-Mitteilungsblatt-des-OB-Nummer-1-2-scaled.jpg\" alt=\"\" width=\"1810\" height=\"2560\" srcset=\"https:\/\/heimathub.de\/wp-content\/uploads\/2024\/06\/13-NL77-21-Mitteilungsblatt-des-OB-Nummer-1-2-scaled.jpg 1810w, https:\/\/heimathub.de\/wp-content\/uploads\/2024\/06\/13-NL77-21-Mitteilungsblatt-des-OB-Nummer-1-2-566x800.jpg 566w, https:\/\/heimathub.de\/wp-content\/uploads\/2024\/06\/13-NL77-21-Mitteilungsblatt-des-OB-Nummer-1-2-724x1024.jpg 724w, https:\/\/heimathub.de\/wp-content\/uploads\/2024\/06\/13-NL77-21-Mitteilungsblatt-des-OB-Nummer-1-2-768x1086.jpg 768w, https:\/\/heimathub.de\/wp-content\/uploads\/2024\/06\/13-NL77-21-Mitteilungsblatt-des-OB-Nummer-1-2-1086x1536.jpg 1086w, https:\/\/heimathub.de\/wp-content\/uploads\/2024\/06\/13-NL77-21-Mitteilungsblatt-des-OB-Nummer-1-2-1448x2048.jpg 1448w, https:\/\/heimathub.de\/wp-content\/uploads\/2024\/06\/13-NL77-21-Mitteilungsblatt-des-OB-Nummer-1-2-764x1080.jpg 764w, https:\/\/heimathub.de\/wp-content\/uploads\/2024\/06\/13-NL77-21-Mitteilungsblatt-des-OB-Nummer-1-2-543x768.jpg 543w, https:\/\/heimathub.de\/wp-content\/uploads\/2024\/06\/13-NL77-21-Mitteilungsblatt-des-OB-Nummer-1-2-407x576.jpg 407w, https:\/\/heimathub.de\/wp-content\/uploads\/2024\/06\/13-NL77-21-Mitteilungsblatt-des-OB-Nummer-1-2-600x848.jpg 600w\" sizes=\"auto, (max-width: 1810px) 100vw, 1810px\" \/><\/p>\n<p>Zu den Druckerzeugnissen geh\u00f6rte auch das Mitteilungsblatt des Aschaffenburger Oberb\u00fcrgermeisters, \u00fcber das Verordnungen und Informationen verbreitet wurden. Die erste Ausgabe ist ein hervorragendes Beispiel f\u00fcr Jean Stocks politische Rhetorik.<\/p>\n<p><img loading=\"lazy\" decoding=\"async\" class=\"alignnone size-full wp-image-14455\" src=\"https:\/\/heimathub.de\/wp-content\/uploads\/2024\/06\/14-NL77-136-Mitgliedsausweis-Beyerischer-Landtag-19461216-1-scaled.jpg\" alt=\"\" width=\"2560\" height=\"1862\" srcset=\"https:\/\/heimathub.de\/wp-content\/uploads\/2024\/06\/14-NL77-136-Mitgliedsausweis-Beyerischer-Landtag-19461216-1-scaled.jpg 2560w, https:\/\/heimathub.de\/wp-content\/uploads\/2024\/06\/14-NL77-136-Mitgliedsausweis-Beyerischer-Landtag-19461216-1-800x582.jpg 800w, https:\/\/heimathub.de\/wp-content\/uploads\/2024\/06\/14-NL77-136-Mitgliedsausweis-Beyerischer-Landtag-19461216-1-1024x745.jpg 1024w, https:\/\/heimathub.de\/wp-content\/uploads\/2024\/06\/14-NL77-136-Mitgliedsausweis-Beyerischer-Landtag-19461216-1-768x559.jpg 768w, https:\/\/heimathub.de\/wp-content\/uploads\/2024\/06\/14-NL77-136-Mitgliedsausweis-Beyerischer-Landtag-19461216-1-1536x1117.jpg 1536w, https:\/\/heimathub.de\/wp-content\/uploads\/2024\/06\/14-NL77-136-Mitgliedsausweis-Beyerischer-Landtag-19461216-1-2048x1490.jpg 2048w, https:\/\/heimathub.de\/wp-content\/uploads\/2024\/06\/14-NL77-136-Mitgliedsausweis-Beyerischer-Landtag-19461216-1-1485x1080.jpg 1485w, https:\/\/heimathub.de\/wp-content\/uploads\/2024\/06\/14-NL77-136-Mitgliedsausweis-Beyerischer-Landtag-19461216-1-600x436.jpg 600w\" sizes=\"auto, (max-width: 2560px) 100vw, 2560px\" \/><\/p>\n<p><img loading=\"lazy\" decoding=\"async\" class=\"alignnone size-full wp-image-14456\" src=\"https:\/\/heimathub.de\/wp-content\/uploads\/2024\/06\/15-NL77-136-Mitgliedsausweis-Beyerischer-Landtag-19461216-2-scaled.jpg\" alt=\"\" width=\"2560\" height=\"1877\" srcset=\"https:\/\/heimathub.de\/wp-content\/uploads\/2024\/06\/15-NL77-136-Mitgliedsausweis-Beyerischer-Landtag-19461216-2-scaled.jpg 2560w, https:\/\/heimathub.de\/wp-content\/uploads\/2024\/06\/15-NL77-136-Mitgliedsausweis-Beyerischer-Landtag-19461216-2-800x587.jpg 800w, https:\/\/heimathub.de\/wp-content\/uploads\/2024\/06\/15-NL77-136-Mitgliedsausweis-Beyerischer-Landtag-19461216-2-1024x751.jpg 1024w, https:\/\/heimathub.de\/wp-content\/uploads\/2024\/06\/15-NL77-136-Mitgliedsausweis-Beyerischer-Landtag-19461216-2-768x563.jpg 768w, https:\/\/heimathub.de\/wp-content\/uploads\/2024\/06\/15-NL77-136-Mitgliedsausweis-Beyerischer-Landtag-19461216-2-1536x1126.jpg 1536w, https:\/\/heimathub.de\/wp-content\/uploads\/2024\/06\/15-NL77-136-Mitgliedsausweis-Beyerischer-Landtag-19461216-2-2048x1501.jpg 2048w, https:\/\/heimathub.de\/wp-content\/uploads\/2024\/06\/15-NL77-136-Mitgliedsausweis-Beyerischer-Landtag-19461216-2-1473x1080.jpg 1473w, https:\/\/heimathub.de\/wp-content\/uploads\/2024\/06\/15-NL77-136-Mitgliedsausweis-Beyerischer-Landtag-19461216-2-600x440.jpg 600w\" sizes=\"auto, (max-width: 2560px) 100vw, 2560px\" \/><\/p>\n<p>Als vorbildlicher und \u00fcberzeugter Demokrat wird Jean Stock zum Landrat und Regierungspr\u00e4sident von Unterfranken berufen, so dass Vinzenz Schwind als Oberb\u00fcrgermeister seine Nachfolge antritt. Im Bayerischen Landtag arbeitet er an der Konstituierung der Bayerischen Verfassung mit. Bereits bei den ersten Verfassungsdebatten erweist er sich als ein engagierter Verfechter einer wehrhaften Demokratie, die er vor allem von Rechts bedroht sieht. Hier sein Mitgliedsausweis aus dieser Zeit.<\/p>\n<p><img loading=\"lazy\" decoding=\"async\" class=\"alignnone size-full wp-image-14458\" src=\"https:\/\/heimathub.de\/wp-content\/uploads\/2024\/06\/17-NL77-23-Parlamentarischer-Rat-2-Bayerische-Staatskanzlei-scaled.jpg\" alt=\"\" width=\"1810\" height=\"2560\" srcset=\"https:\/\/heimathub.de\/wp-content\/uploads\/2024\/06\/17-NL77-23-Parlamentarischer-Rat-2-Bayerische-Staatskanzlei-scaled.jpg 1810w, https:\/\/heimathub.de\/wp-content\/uploads\/2024\/06\/17-NL77-23-Parlamentarischer-Rat-2-Bayerische-Staatskanzlei-566x800.jpg 566w, https:\/\/heimathub.de\/wp-content\/uploads\/2024\/06\/17-NL77-23-Parlamentarischer-Rat-2-Bayerische-Staatskanzlei-724x1024.jpg 724w, https:\/\/heimathub.de\/wp-content\/uploads\/2024\/06\/17-NL77-23-Parlamentarischer-Rat-2-Bayerische-Staatskanzlei-768x1086.jpg 768w, https:\/\/heimathub.de\/wp-content\/uploads\/2024\/06\/17-NL77-23-Parlamentarischer-Rat-2-Bayerische-Staatskanzlei-1086x1536.jpg 1086w, https:\/\/heimathub.de\/wp-content\/uploads\/2024\/06\/17-NL77-23-Parlamentarischer-Rat-2-Bayerische-Staatskanzlei-1448x2048.jpg 1448w, https:\/\/heimathub.de\/wp-content\/uploads\/2024\/06\/17-NL77-23-Parlamentarischer-Rat-2-Bayerische-Staatskanzlei-764x1080.jpg 764w, https:\/\/heimathub.de\/wp-content\/uploads\/2024\/06\/17-NL77-23-Parlamentarischer-Rat-2-Bayerische-Staatskanzlei-543x768.jpg 543w, https:\/\/heimathub.de\/wp-content\/uploads\/2024\/06\/17-NL77-23-Parlamentarischer-Rat-2-Bayerische-Staatskanzlei-407x576.jpg 407w, https:\/\/heimathub.de\/wp-content\/uploads\/2024\/06\/17-NL77-23-Parlamentarischer-Rat-2-Bayerische-Staatskanzlei-600x848.jpg 600w\" sizes=\"auto, (max-width: 1810px) 100vw, 1810px\" \/><\/p>\n<p>Nach anf\u00e4nglicher Zur\u00fcckhaltung Bayerns an einer l\u00e4nder\u00fcbergreifenden Verfassung mitzuarbeiten, ergeht Ende August 1948 doch schlie\u00dflich an Jean Stock und seine parlamentarischen Kollegen die Abordnung als Mitglieder des &#8222;Parlamentarischen Rates&#8220; in Bonn eine Verfassung (Grundgesetz) f\u00fcr die zu gr\u00fcndende Republik zu erarbeiten. Stock war f\u00fcr diese Aufgabe aufgrund seiner Erfahrung in Bayern pr\u00e4destiniert.<\/p>\n<p><img loading=\"lazy\" decoding=\"async\" class=\"alignnone size-full wp-image-14460\" src=\"https:\/\/heimathub.de\/wp-content\/uploads\/2024\/06\/19-NL77-146-Parlamentarischer-Rat-4-Adenauer-Stock-1-scaled.jpg\" alt=\"\" width=\"1810\" height=\"2560\" srcset=\"https:\/\/heimathub.de\/wp-content\/uploads\/2024\/06\/19-NL77-146-Parlamentarischer-Rat-4-Adenauer-Stock-1-scaled.jpg 1810w, https:\/\/heimathub.de\/wp-content\/uploads\/2024\/06\/19-NL77-146-Parlamentarischer-Rat-4-Adenauer-Stock-1-566x800.jpg 566w, https:\/\/heimathub.de\/wp-content\/uploads\/2024\/06\/19-NL77-146-Parlamentarischer-Rat-4-Adenauer-Stock-1-724x1024.jpg 724w, https:\/\/heimathub.de\/wp-content\/uploads\/2024\/06\/19-NL77-146-Parlamentarischer-Rat-4-Adenauer-Stock-1-768x1086.jpg 768w, https:\/\/heimathub.de\/wp-content\/uploads\/2024\/06\/19-NL77-146-Parlamentarischer-Rat-4-Adenauer-Stock-1-1086x1536.jpg 1086w, https:\/\/heimathub.de\/wp-content\/uploads\/2024\/06\/19-NL77-146-Parlamentarischer-Rat-4-Adenauer-Stock-1-1448x2048.jpg 1448w, https:\/\/heimathub.de\/wp-content\/uploads\/2024\/06\/19-NL77-146-Parlamentarischer-Rat-4-Adenauer-Stock-1-764x1080.jpg 764w, https:\/\/heimathub.de\/wp-content\/uploads\/2024\/06\/19-NL77-146-Parlamentarischer-Rat-4-Adenauer-Stock-1-543x768.jpg 543w, https:\/\/heimathub.de\/wp-content\/uploads\/2024\/06\/19-NL77-146-Parlamentarischer-Rat-4-Adenauer-Stock-1-407x576.jpg 407w, https:\/\/heimathub.de\/wp-content\/uploads\/2024\/06\/19-NL77-146-Parlamentarischer-Rat-4-Adenauer-Stock-1-600x848.jpg 600w\" sizes=\"auto, (max-width: 1810px) 100vw, 1810px\" \/><\/p>\n<p><img loading=\"lazy\" decoding=\"async\" class=\"alignnone size-full wp-image-14461\" src=\"https:\/\/heimathub.de\/wp-content\/uploads\/2024\/06\/20-NL77-146-Parlamentarischer-Rat-5-Adenauer-Stock-2-scaled.jpg\" alt=\"\" width=\"1810\" height=\"2560\" srcset=\"https:\/\/heimathub.de\/wp-content\/uploads\/2024\/06\/20-NL77-146-Parlamentarischer-Rat-5-Adenauer-Stock-2-scaled.jpg 1810w, https:\/\/heimathub.de\/wp-content\/uploads\/2024\/06\/20-NL77-146-Parlamentarischer-Rat-5-Adenauer-Stock-2-566x800.jpg 566w, https:\/\/heimathub.de\/wp-content\/uploads\/2024\/06\/20-NL77-146-Parlamentarischer-Rat-5-Adenauer-Stock-2-724x1024.jpg 724w, https:\/\/heimathub.de\/wp-content\/uploads\/2024\/06\/20-NL77-146-Parlamentarischer-Rat-5-Adenauer-Stock-2-768x1086.jpg 768w, https:\/\/heimathub.de\/wp-content\/uploads\/2024\/06\/20-NL77-146-Parlamentarischer-Rat-5-Adenauer-Stock-2-1086x1536.jpg 1086w, https:\/\/heimathub.de\/wp-content\/uploads\/2024\/06\/20-NL77-146-Parlamentarischer-Rat-5-Adenauer-Stock-2-1448x2048.jpg 1448w, https:\/\/heimathub.de\/wp-content\/uploads\/2024\/06\/20-NL77-146-Parlamentarischer-Rat-5-Adenauer-Stock-2-764x1080.jpg 764w, https:\/\/heimathub.de\/wp-content\/uploads\/2024\/06\/20-NL77-146-Parlamentarischer-Rat-5-Adenauer-Stock-2-543x768.jpg 543w, https:\/\/heimathub.de\/wp-content\/uploads\/2024\/06\/20-NL77-146-Parlamentarischer-Rat-5-Adenauer-Stock-2-407x576.jpg 407w, https:\/\/heimathub.de\/wp-content\/uploads\/2024\/06\/20-NL77-146-Parlamentarischer-Rat-5-Adenauer-Stock-2-600x848.jpg 600w\" sizes=\"auto, (max-width: 1810px) 100vw, 1810px\" \/><\/p>\n<p>Eine Mitschrift eines Wortgefechts, ausgetragen zwischen Konrad Adenauer und Jean Stock. Wie aus dem Dokument ersichtlich wird, lag Jean Stock w\u00e4hrend seiner Arbeit am Grundgesetz sein besonderer Fokus auf dem k\u00fcnftigen Wahlrecht und der Zusammensetzung der Kammern. Als Schriftf\u00fchrer war Stock Garant f\u00fcr den basisdemokratischen Ablauf der Diskussionen und Entscheidungen im Parlamentarischen Rat.<\/p>\n<p><img loading=\"lazy\" decoding=\"async\" class=\"alignnone size-full wp-image-14459\" src=\"https:\/\/heimathub.de\/wp-content\/uploads\/2024\/06\/18-NL77-23-Parlamentarischer-Rat-3-Entwurf-Praeambel-scaled.jpg\" alt=\"\" width=\"1810\" height=\"2560\" srcset=\"https:\/\/heimathub.de\/wp-content\/uploads\/2024\/06\/18-NL77-23-Parlamentarischer-Rat-3-Entwurf-Praeambel-scaled.jpg 1810w, https:\/\/heimathub.de\/wp-content\/uploads\/2024\/06\/18-NL77-23-Parlamentarischer-Rat-3-Entwurf-Praeambel-566x800.jpg 566w, https:\/\/heimathub.de\/wp-content\/uploads\/2024\/06\/18-NL77-23-Parlamentarischer-Rat-3-Entwurf-Praeambel-724x1024.jpg 724w, https:\/\/heimathub.de\/wp-content\/uploads\/2024\/06\/18-NL77-23-Parlamentarischer-Rat-3-Entwurf-Praeambel-768x1086.jpg 768w, https:\/\/heimathub.de\/wp-content\/uploads\/2024\/06\/18-NL77-23-Parlamentarischer-Rat-3-Entwurf-Praeambel-1086x1536.jpg 1086w, https:\/\/heimathub.de\/wp-content\/uploads\/2024\/06\/18-NL77-23-Parlamentarischer-Rat-3-Entwurf-Praeambel-1448x2048.jpg 1448w, https:\/\/heimathub.de\/wp-content\/uploads\/2024\/06\/18-NL77-23-Parlamentarischer-Rat-3-Entwurf-Praeambel-764x1080.jpg 764w, https:\/\/heimathub.de\/wp-content\/uploads\/2024\/06\/18-NL77-23-Parlamentarischer-Rat-3-Entwurf-Praeambel-543x768.jpg 543w, https:\/\/heimathub.de\/wp-content\/uploads\/2024\/06\/18-NL77-23-Parlamentarischer-Rat-3-Entwurf-Praeambel-407x576.jpg 407w, https:\/\/heimathub.de\/wp-content\/uploads\/2024\/06\/18-NL77-23-Parlamentarischer-Rat-3-Entwurf-Praeambel-600x848.jpg 600w\" sizes=\"auto, (max-width: 1810px) 100vw, 1810px\" \/><\/p>\n<p>Im Parlamentarischen Rat ist Jean Stock zun\u00e4chst Schriftf\u00fchrer und Mitglied im \u00c4ltestenrat und im Ausschuss f\u00fcr Wahlrechtsfragen. Seit Oktober 1948 arbeitet er im Hauptausschuss mit. Eines der ersten Dokumente, das er mit erarbeitet hat, ist dieser Pr\u00e4ambel-Entwurf vom 12. Oktober 1948. Bei der Annahme des Grundgesetzes am 8. Mai 1949 ist Jean Stock derjenige, der jedes einzelne Mitglied zum Votum aufruft und es vermerkt.<\/p>\n<p><img loading=\"lazy\" decoding=\"async\" class=\"alignnone size-full wp-image-14464\" src=\"https:\/\/heimathub.de\/wp-content\/uploads\/2024\/06\/21-NL77-26-Wahlwerbung-1958-1-2-scaled.jpg\" alt=\"\" width=\"2560\" height=\"1807\" srcset=\"https:\/\/heimathub.de\/wp-content\/uploads\/2024\/06\/21-NL77-26-Wahlwerbung-1958-1-2-scaled.jpg 2560w, https:\/\/heimathub.de\/wp-content\/uploads\/2024\/06\/21-NL77-26-Wahlwerbung-1958-1-2-800x565.jpg 800w, https:\/\/heimathub.de\/wp-content\/uploads\/2024\/06\/21-NL77-26-Wahlwerbung-1958-1-2-1024x723.jpg 1024w, https:\/\/heimathub.de\/wp-content\/uploads\/2024\/06\/21-NL77-26-Wahlwerbung-1958-1-2-768x542.jpg 768w, https:\/\/heimathub.de\/wp-content\/uploads\/2024\/06\/21-NL77-26-Wahlwerbung-1958-1-2-1536x1084.jpg 1536w\" sizes=\"auto, (max-width: 2560px) 100vw, 2560px\" \/><\/p>\n<p><img loading=\"lazy\" decoding=\"async\" class=\"alignnone wp-image-14465\" src=\"https:\/\/heimathub.de\/wp-content\/uploads\/2024\/06\/22-NL77-26-Wahlwerbung-1958-2-scaled.jpg\" alt=\"\" width=\"2560\" height=\"1807\" srcset=\"https:\/\/heimathub.de\/wp-content\/uploads\/2024\/06\/22-NL77-26-Wahlwerbung-1958-2-scaled.jpg 2560w, https:\/\/heimathub.de\/wp-content\/uploads\/2024\/06\/22-NL77-26-Wahlwerbung-1958-2-800x565.jpg 800w, https:\/\/heimathub.de\/wp-content\/uploads\/2024\/06\/22-NL77-26-Wahlwerbung-1958-2-1024x723.jpg 1024w, https:\/\/heimathub.de\/wp-content\/uploads\/2024\/06\/22-NL77-26-Wahlwerbung-1958-2-768x542.jpg 768w, https:\/\/heimathub.de\/wp-content\/uploads\/2024\/06\/22-NL77-26-Wahlwerbung-1958-2-1536x1084.jpg 1536w, https:\/\/heimathub.de\/wp-content\/uploads\/2024\/06\/22-NL77-26-Wahlwerbung-1958-2-2048x1446.jpg 2048w, https:\/\/heimathub.de\/wp-content\/uploads\/2024\/06\/22-NL77-26-Wahlwerbung-1958-2-1530x1080.jpg 1530w, https:\/\/heimathub.de\/wp-content\/uploads\/2024\/06\/22-NL77-26-Wahlwerbung-1958-2-600x424.jpg 600w\" sizes=\"auto, (max-width: 2560px) 100vw, 2560px\" \/><\/p>\n<p>Nach seiner Arbeit im Parlamentarischen Rat arbeitete Jean Stock in den 1950er Jahren unerm\u00fcdlich f\u00fcr die Kommunalpolitik in Aschaffenburg und weiterhin in M\u00fcnchen. Ein Faltblatt zur Wahl 1958 l\u00e4sst erkennen, dass er die lokalpolitischen Ziele pr\u00e4zise in den Blick nahm.<\/p>\n<p><img loading=\"lazy\" decoding=\"async\" class=\"alignnone size-full wp-image-14471\" src=\"https:\/\/heimathub.de\/wp-content\/uploads\/2024\/06\/24-NL77-26-Wahlwerbung-1958-4.jpg\" alt=\"\" width=\"1789\" height=\"2480\" srcset=\"https:\/\/heimathub.de\/wp-content\/uploads\/2024\/06\/24-NL77-26-Wahlwerbung-1958-4.jpg 1789w, https:\/\/heimathub.de\/wp-content\/uploads\/2024\/06\/24-NL77-26-Wahlwerbung-1958-4-577x800.jpg 577w, https:\/\/heimathub.de\/wp-content\/uploads\/2024\/06\/24-NL77-26-Wahlwerbung-1958-4-739x1024.jpg 739w, https:\/\/heimathub.de\/wp-content\/uploads\/2024\/06\/24-NL77-26-Wahlwerbung-1958-4-768x1065.jpg 768w, https:\/\/heimathub.de\/wp-content\/uploads\/2024\/06\/24-NL77-26-Wahlwerbung-1958-4-1108x1536.jpg 1108w, https:\/\/heimathub.de\/wp-content\/uploads\/2024\/06\/24-NL77-26-Wahlwerbung-1958-4-1477x2048.jpg 1477w, https:\/\/heimathub.de\/wp-content\/uploads\/2024\/06\/24-NL77-26-Wahlwerbung-1958-4-779x1080.jpg 779w, https:\/\/heimathub.de\/wp-content\/uploads\/2024\/06\/24-NL77-26-Wahlwerbung-1958-4-554x768.jpg 554w, https:\/\/heimathub.de\/wp-content\/uploads\/2024\/06\/24-NL77-26-Wahlwerbung-1958-4-416x576.jpg 416w, https:\/\/heimathub.de\/wp-content\/uploads\/2024\/06\/24-NL77-26-Wahlwerbung-1958-4-600x832.jpg 600w\" sizes=\"auto, (max-width: 1789px) 100vw, 1789px\" \/><\/p>\n<p>Eine W\u00e4hlerschaft, die aufgrund seines Engagements f\u00fcr die lokalen Turn- und Sportvereine besonders anzusprechen war, waren die Aschaffenburger &#8222;Sportler&#8220;.<\/p>\n<p><img loading=\"lazy\" decoding=\"async\" class=\"alignnone size-full wp-image-14475\" src=\"https:\/\/heimathub.de\/wp-content\/uploads\/2024\/06\/26-NL-77-21-Verdienstkreuz-Zeitungsbericht-scaled.jpg\" alt=\"\" width=\"1859\" height=\"2560\" srcset=\"https:\/\/heimathub.de\/wp-content\/uploads\/2024\/06\/26-NL-77-21-Verdienstkreuz-Zeitungsbericht-scaled.jpg 1859w, https:\/\/heimathub.de\/wp-content\/uploads\/2024\/06\/26-NL-77-21-Verdienstkreuz-Zeitungsbericht-581x800.jpg 581w, https:\/\/heimathub.de\/wp-content\/uploads\/2024\/06\/26-NL-77-21-Verdienstkreuz-Zeitungsbericht-744x1024.jpg 744w, https:\/\/heimathub.de\/wp-content\/uploads\/2024\/06\/26-NL-77-21-Verdienstkreuz-Zeitungsbericht-768x1058.jpg 768w, https:\/\/heimathub.de\/wp-content\/uploads\/2024\/06\/26-NL-77-21-Verdienstkreuz-Zeitungsbericht-1115x1536.jpg 1115w, https:\/\/heimathub.de\/wp-content\/uploads\/2024\/06\/26-NL-77-21-Verdienstkreuz-Zeitungsbericht-1487x2048.jpg 1487w, https:\/\/heimathub.de\/wp-content\/uploads\/2024\/06\/26-NL-77-21-Verdienstkreuz-Zeitungsbericht-784x1080.jpg 784w, https:\/\/heimathub.de\/wp-content\/uploads\/2024\/06\/26-NL-77-21-Verdienstkreuz-Zeitungsbericht-558x768.jpg 558w, https:\/\/heimathub.de\/wp-content\/uploads\/2024\/06\/26-NL-77-21-Verdienstkreuz-Zeitungsbericht-418x576.jpg 418w, https:\/\/heimathub.de\/wp-content\/uploads\/2024\/06\/26-NL-77-21-Verdienstkreuz-Zeitungsbericht-600x826.jpg 600w\" sizes=\"auto, (max-width: 1859px) 100vw, 1859px\" \/><\/p>\n<p>H\u00f6hepunkt einer Karriere: Im April 1958 wird Jean Stock f\u00fcr seine Verdienste f\u00fcr den Staat das Bundesverdienstkreuz verliehen.<\/p>\n<p><img loading=\"lazy\" decoding=\"async\" class=\"alignnone size-full wp-image-14474\" src=\"https:\/\/heimathub.de\/wp-content\/uploads\/2024\/06\/25-NL77-24-Foto-Verleihung-Verdienstkreuz-scaled.jpg\" alt=\"\" width=\"1823\" height=\"2560\" srcset=\"https:\/\/heimathub.de\/wp-content\/uploads\/2024\/06\/25-NL77-24-Foto-Verleihung-Verdienstkreuz-scaled.jpg 1823w, https:\/\/heimathub.de\/wp-content\/uploads\/2024\/06\/25-NL77-24-Foto-Verleihung-Verdienstkreuz-570x800.jpg 570w, https:\/\/heimathub.de\/wp-content\/uploads\/2024\/06\/25-NL77-24-Foto-Verleihung-Verdienstkreuz-729x1024.jpg 729w, https:\/\/heimathub.de\/wp-content\/uploads\/2024\/06\/25-NL77-24-Foto-Verleihung-Verdienstkreuz-768x1078.jpg 768w, https:\/\/heimathub.de\/wp-content\/uploads\/2024\/06\/25-NL77-24-Foto-Verleihung-Verdienstkreuz-1094x1536.jpg 1094w, https:\/\/heimathub.de\/wp-content\/uploads\/2024\/06\/25-NL77-24-Foto-Verleihung-Verdienstkreuz-1459x2048.jpg 1459w, https:\/\/heimathub.de\/wp-content\/uploads\/2024\/06\/25-NL77-24-Foto-Verleihung-Verdienstkreuz-769x1080.jpg 769w, https:\/\/heimathub.de\/wp-content\/uploads\/2024\/06\/25-NL77-24-Foto-Verleihung-Verdienstkreuz-547x768.jpg 547w, https:\/\/heimathub.de\/wp-content\/uploads\/2024\/06\/25-NL77-24-Foto-Verleihung-Verdienstkreuz-410x576.jpg 410w, https:\/\/heimathub.de\/wp-content\/uploads\/2024\/06\/25-NL77-24-Foto-Verleihung-Verdienstkreuz-600x842.jpg 600w\" sizes=\"auto, (max-width: 1823px) 100vw, 1823px\" \/><\/p>\n<p>Jean Stock als sichtbar zufriedener Tr\u00e4ger des Bundesverdienstkreuzes 1957.<\/p>\n<p><img loading=\"lazy\" decoding=\"async\" class=\"alignnone size-full wp-image-14477\" src=\"https:\/\/heimathub.de\/wp-content\/uploads\/2024\/06\/27-NL77-137-Verleihungsurkunde-Verdienstkreuz-1957-scaled.jpg\" alt=\"\" width=\"1779\" height=\"2560\" srcset=\"https:\/\/heimathub.de\/wp-content\/uploads\/2024\/06\/27-NL77-137-Verleihungsurkunde-Verdienstkreuz-1957-scaled.jpg 1779w, https:\/\/heimathub.de\/wp-content\/uploads\/2024\/06\/27-NL77-137-Verleihungsurkunde-Verdienstkreuz-1957-556x800.jpg 556w, https:\/\/heimathub.de\/wp-content\/uploads\/2024\/06\/27-NL77-137-Verleihungsurkunde-Verdienstkreuz-1957-712x1024.jpg 712w, https:\/\/heimathub.de\/wp-content\/uploads\/2024\/06\/27-NL77-137-Verleihungsurkunde-Verdienstkreuz-1957-768x1105.jpg 768w, https:\/\/heimathub.de\/wp-content\/uploads\/2024\/06\/27-NL77-137-Verleihungsurkunde-Verdienstkreuz-1957-1068x1536.jpg 1068w, https:\/\/heimathub.de\/wp-content\/uploads\/2024\/06\/27-NL77-137-Verleihungsurkunde-Verdienstkreuz-1957-1423x2048.jpg 1423w, https:\/\/heimathub.de\/wp-content\/uploads\/2024\/06\/27-NL77-137-Verleihungsurkunde-Verdienstkreuz-1957-751x1080.jpg 751w, https:\/\/heimathub.de\/wp-content\/uploads\/2024\/06\/27-NL77-137-Verleihungsurkunde-Verdienstkreuz-1957-534x768.jpg 534w, https:\/\/heimathub.de\/wp-content\/uploads\/2024\/06\/27-NL77-137-Verleihungsurkunde-Verdienstkreuz-1957-400x576.jpg 400w, https:\/\/heimathub.de\/wp-content\/uploads\/2024\/06\/27-NL77-137-Verleihungsurkunde-Verdienstkreuz-1957-600x863.jpg 600w\" sizes=\"auto, (max-width: 1779px) 100vw, 1779px\" \/><\/p>\n<p><img loading=\"lazy\" decoding=\"async\" class=\"alignnone size-full wp-image-14478\" src=\"https:\/\/heimathub.de\/wp-content\/uploads\/2024\/06\/28-NL77-137-Verleihungsurkunde-Verdienstkreuz-1957-2-scaled.jpg\" alt=\"\" width=\"1851\" height=\"2560\" srcset=\"https:\/\/heimathub.de\/wp-content\/uploads\/2024\/06\/28-NL77-137-Verleihungsurkunde-Verdienstkreuz-1957-2-scaled.jpg 1851w, https:\/\/heimathub.de\/wp-content\/uploads\/2024\/06\/28-NL77-137-Verleihungsurkunde-Verdienstkreuz-1957-2-578x800.jpg 578w, https:\/\/heimathub.de\/wp-content\/uploads\/2024\/06\/28-NL77-137-Verleihungsurkunde-Verdienstkreuz-1957-2-740x1024.jpg 740w, https:\/\/heimathub.de\/wp-content\/uploads\/2024\/06\/28-NL77-137-Verleihungsurkunde-Verdienstkreuz-1957-2-768x1062.jpg 768w, https:\/\/heimathub.de\/wp-content\/uploads\/2024\/06\/28-NL77-137-Verleihungsurkunde-Verdienstkreuz-1957-2-1111x1536.jpg 1111w, https:\/\/heimathub.de\/wp-content\/uploads\/2024\/06\/28-NL77-137-Verleihungsurkunde-Verdienstkreuz-1957-2-1481x2048.jpg 1481w, https:\/\/heimathub.de\/wp-content\/uploads\/2024\/06\/28-NL77-137-Verleihungsurkunde-Verdienstkreuz-1957-2-781x1080.jpg 781w, https:\/\/heimathub.de\/wp-content\/uploads\/2024\/06\/28-NL77-137-Verleihungsurkunde-Verdienstkreuz-1957-2-555x768.jpg 555w, https:\/\/heimathub.de\/wp-content\/uploads\/2024\/06\/28-NL77-137-Verleihungsurkunde-Verdienstkreuz-1957-2-416x576.jpg 416w, https:\/\/heimathub.de\/wp-content\/uploads\/2024\/06\/28-NL77-137-Verleihungsurkunde-Verdienstkreuz-1957-2-600x830.jpg 600w\" sizes=\"auto, (max-width: 1851px) 100vw, 1851px\" \/><\/p>\n<p>Verleihungsurkunde an Jean Stock, unterzeichnet von Bundespr\u00e4sident Theodor Heuss, mit dem er zuvor im Parlamentarischen Rat zusammengearbeitet hatte.<\/p>\n<p><img loading=\"lazy\" decoding=\"async\" class=\"alignnone size-full wp-image-14479\" src=\"https:\/\/heimathub.de\/wp-content\/uploads\/2024\/06\/28a-NL-77-168-1-scaled.jpg\" alt=\"\" width=\"2560\" height=\"1915\" srcset=\"https:\/\/heimathub.de\/wp-content\/uploads\/2024\/06\/28a-NL-77-168-1-scaled.jpg 2560w, https:\/\/heimathub.de\/wp-content\/uploads\/2024\/06\/28a-NL-77-168-1-800x598.jpg 800w, https:\/\/heimathub.de\/wp-content\/uploads\/2024\/06\/28a-NL-77-168-1-1024x766.jpg 1024w, https:\/\/heimathub.de\/wp-content\/uploads\/2024\/06\/28a-NL-77-168-1-768x574.jpg 768w, https:\/\/heimathub.de\/wp-content\/uploads\/2024\/06\/28a-NL-77-168-1-1536x1149.jpg 1536w, https:\/\/heimathub.de\/wp-content\/uploads\/2024\/06\/28a-NL-77-168-1-2048x1532.jpg 2048w, https:\/\/heimathub.de\/wp-content\/uploads\/2024\/06\/28a-NL-77-168-1-1444x1080.jpg 1444w, https:\/\/heimathub.de\/wp-content\/uploads\/2024\/06\/28a-NL-77-168-1-600x449.jpg 600w\" sizes=\"auto, (max-width: 2560px) 100vw, 2560px\" \/> <img loading=\"lazy\" decoding=\"async\" class=\"alignnone size-full wp-image-14480\" src=\"https:\/\/heimathub.de\/wp-content\/uploads\/2024\/06\/28b-NL-77-168-2-scaled.jpg\" alt=\"\" width=\"1915\" height=\"2560\" srcset=\"https:\/\/heimathub.de\/wp-content\/uploads\/2024\/06\/28b-NL-77-168-2-scaled.jpg 1915w, https:\/\/heimathub.de\/wp-content\/uploads\/2024\/06\/28b-NL-77-168-2-598x800.jpg 598w, https:\/\/heimathub.de\/wp-content\/uploads\/2024\/06\/28b-NL-77-168-2-766x1024.jpg 766w, https:\/\/heimathub.de\/wp-content\/uploads\/2024\/06\/28b-NL-77-168-2-768x1027.jpg 768w, https:\/\/heimathub.de\/wp-content\/uploads\/2024\/06\/28b-NL-77-168-2-1149x1536.jpg 1149w, https:\/\/heimathub.de\/wp-content\/uploads\/2024\/06\/28b-NL-77-168-2-1532x2048.jpg 1532w, https:\/\/heimathub.de\/wp-content\/uploads\/2024\/06\/28b-NL-77-168-2-808x1080.jpg 808w, https:\/\/heimathub.de\/wp-content\/uploads\/2024\/06\/28b-NL-77-168-2-574x768.jpg 574w, https:\/\/heimathub.de\/wp-content\/uploads\/2024\/06\/28b-NL-77-168-2-431x576.jpg 431w, https:\/\/heimathub.de\/wp-content\/uploads\/2024\/06\/28b-NL-77-168-2-600x802.jpg 600w\" sizes=\"auto, (max-width: 1915px) 100vw, 1915px\" \/>Das Verdienstkreuz aus dem Nachlass der Familie Stock.<\/p>\n<p><img loading=\"lazy\" decoding=\"async\" class=\"alignnone size-full wp-image-14483\" src=\"https:\/\/heimathub.de\/wp-content\/uploads\/2024\/06\/29-NL77-Wuerdigung-Main-Echo-scaled.jpg\" alt=\"\" width=\"1763\" height=\"2560\" srcset=\"https:\/\/heimathub.de\/wp-content\/uploads\/2024\/06\/29-NL77-Wuerdigung-Main-Echo-scaled.jpg 1763w, https:\/\/heimathub.de\/wp-content\/uploads\/2024\/06\/29-NL77-Wuerdigung-Main-Echo-551x800.jpg 551w, https:\/\/heimathub.de\/wp-content\/uploads\/2024\/06\/29-NL77-Wuerdigung-Main-Echo-705x1024.jpg 705w, https:\/\/heimathub.de\/wp-content\/uploads\/2024\/06\/29-NL77-Wuerdigung-Main-Echo-768x1115.jpg 768w, https:\/\/heimathub.de\/wp-content\/uploads\/2024\/06\/29-NL77-Wuerdigung-Main-Echo-1058x1536.jpg 1058w, https:\/\/heimathub.de\/wp-content\/uploads\/2024\/06\/29-NL77-Wuerdigung-Main-Echo-1410x2048.jpg 1410w, https:\/\/heimathub.de\/wp-content\/uploads\/2024\/06\/29-NL77-Wuerdigung-Main-Echo-744x1080.jpg 744w, https:\/\/heimathub.de\/wp-content\/uploads\/2024\/06\/29-NL77-Wuerdigung-Main-Echo-529x768.jpg 529w, https:\/\/heimathub.de\/wp-content\/uploads\/2024\/06\/29-NL77-Wuerdigung-Main-Echo-397x576.jpg 397w, https:\/\/heimathub.de\/wp-content\/uploads\/2024\/06\/29-NL77-Wuerdigung-Main-Echo-600x871.jpg 600w\" sizes=\"auto, (max-width: 1763px) 100vw, 1763px\" \/><\/p>\n<p>Nach Jean Stocks Tod am 13. Januar 1965 schaltete das von ihm gegr\u00fcndete Main Echo diesen Nachruf von Ernst Pfeifer, dessen Schlusswort Stocks Verm\u00e4chtnis pointiert zusammenfasst.<\/p>\n<p>Im Nachgang zum diesj\u00e4hrigen 75sten Jubil\u00e4um des Grundgesetztes wird \u00fcber Jean Stock im Rahmen der Veranstaltungsreihe &#8222;Rhein-Main liest das Grundgesetz&#8220; (<a href=\"https:\/\/www.krfrm.de\/project\/75-jahre-grundgesetz\/\">https:\/\/www.krfrm.de\/project\/75-jahre-grundgesetz\/)<\/a> auch an der Aschaffenburger VHS am 01. Oktober 2024 um 19 Uhr ein Vortrag von Julius Goldmann zu Jean Stock stattfinden. N\u00e4here Informationen finden Sie hier:<\/p>\n<p><a href=\"https:\/\/www.krfrm.de\/events\/jean-stock-ein-aschaffenburger-demokrat-gestaltet-das-grundgesetz-mit\/\">Vortrag \u2013 Jean Stock: Ein Aschaffenburger Demokrat gestaltet das Grundgesetz mit &#8211; KulturRegion FrankfurtRheinMain (krfrm.de)<\/a><\/p>\n<p>&nbsp;<\/p>\n<p>&nbsp;<\/p>\n<p>&nbsp;<\/p>\n","protected":false},"excerpt":{"rendered":"<p>Vom 21. bis 31. Mai 2024 wurde im Digitalladen der Stadt Aschaffenburg (Ro\u00dfmarkt 11) eine Ausstellung zum bekannten Aschaffenburger Demokraten und Parlamentarier Jean Stock gezeigt: https:\/\/heimathub.de\/aktuelles\/ausstellung-zum-aschaffenburger-parlamentarier-jean-stock-wird-ab-heute-gezeigt\/ Als Mitglied und einer [&hellip;]<\/p>\n","protected":false},"author":90,"featured_media":14073,"comment_status":"open","ping_status":"open","sticky":false,"template":"","format":"standard","meta":{"_acf_changed":false,"_price":"","_stock":"","_tribe_ticket_header":"","_tribe_default_ticket_provider":"","_tribe_ticket_capacity":"0","_ticket_start_date":"","_ticket_end_date":"","_tribe_ticket_show_description":"","_tribe_ticket_show_not_going":false,"_tribe_ticket_use_global_stock":"","_tribe_ticket_global_stock_level":"","_global_stock_mode":"","_global_stock_cap":"","_tribe_rsvp_for_event":"","_tribe_ticket_going_count":"","_tribe_ticket_not_going_count":"","_tribe_tickets_list":"[]","_tribe_ticket_has_attendee_info_fields":false,"footnotes":""},"categories":[959,960,965,987,14,18],"tags":[1052,1057,1327,1328,1329,1330,1331],"post-format":[],"post-content":[50,47],"class_list":["post-14503","post","type-post","status-publish","format-standard","has-post-thumbnail","hentry","category-geschichte","category-leben","category-kultur","category-persoenliches","category-familie","category-politik","tag-verfassung","tag-jean-stock","tag-digitale-ausstellung","tag-grundgesetz","tag-parlamentarier","tag-bayerischer-landtag","tag-75-jahre-grundgesetz","content-image","content-text"],"acf":[],"yoast_head":"<!-- This site is optimized with the Yoast SEO plugin v27.4 - https:\/\/yoast.com\/product\/yoast-seo-wordpress\/ -->\n<title>Digital - analoge Ausstellung zum Aschaffenburger Parlamentarier Jean Stock (1893-1965) - heimat:hub<\/title>\n<meta name=\"robots\" content=\"index, follow, max-snippet:-1, max-image-preview:large, max-video-preview:-1\" \/>\n<link rel=\"canonical\" href=\"https:\/\/heimathub.de\/digital-analoge-ausstellung-zum-aschaffenburger-parlamentarier-jean-stock-1893-1965\/\" \/>\n<meta property=\"og:locale\" content=\"de_DE\" \/>\n<meta property=\"og:type\" content=\"article\" \/>\n<meta property=\"og:title\" content=\"Digital - analoge Ausstellung zum Aschaffenburger Parlamentarier Jean Stock (1893-1965) - heimat:hub\" \/>\n<meta property=\"og:description\" content=\"Vom 21. bis 31. Mai 2024 wurde im Digitalladen der Stadt Aschaffenburg (Ro\u00dfmarkt 11) eine Ausstellung zum bekannten Aschaffenburger Demokraten und Parlamentarier Jean Stock gezeigt: https:\/\/heimathub.de\/aktuelles\/ausstellung-zum-aschaffenburger-parlamentarier-jean-stock-wird-ab-heute-gezeigt\/ Als Mitglied und einer [&hellip;]\" \/>\n<meta property=\"og:url\" content=\"https:\/\/heimathub.de\/digital-analoge-ausstellung-zum-aschaffenburger-parlamentarier-jean-stock-1893-1965\/\" \/>\n<meta property=\"og:site_name\" content=\"heimat:hub\" \/>\n<meta property=\"article:published_time\" content=\"2024-06-25T10:34:36+00:00\" \/>\n<meta property=\"article:modified_time\" content=\"2024-06-26T16:14:25+00:00\" \/>\n<meta property=\"og:image\" content=\"https:\/\/heimathub.de\/wp-content\/uploads\/2024\/05\/StockJean-SSAA.jpg\" \/>\n\t<meta property=\"og:image:width\" content=\"1474\" \/>\n\t<meta property=\"og:image:height\" content=\"2087\" \/>\n\t<meta property=\"og:image:type\" content=\"image\/jpeg\" \/>\n<meta name=\"author\" content=\"Julius Goldmann\" \/>\n<meta name=\"twitter:card\" content=\"summary_large_image\" \/>\n<meta name=\"twitter:label1\" content=\"Verfasst von\" \/>\n\t<meta name=\"twitter:data1\" content=\"Julius Goldmann\" \/>\n\t<meta name=\"twitter:label2\" content=\"Gesch\u00e4tzte Lesezeit\" \/>\n\t<meta name=\"twitter:data2\" content=\"12\u00a0Minuten\" \/>\n<script type=\"application\/ld+json\" class=\"yoast-schema-graph\">{\"@context\":\"https:\\\/\\\/schema.org\",\"@graph\":[{\"@type\":\"Article\",\"@id\":\"https:\\\/\\\/heimathub.de\\\/digital-analoge-ausstellung-zum-aschaffenburger-parlamentarier-jean-stock-1893-1965\\\/#article\",\"isPartOf\":{\"@id\":\"https:\\\/\\\/heimathub.de\\\/digital-analoge-ausstellung-zum-aschaffenburger-parlamentarier-jean-stock-1893-1965\\\/\"},\"author\":{\"name\":\"Julius Goldmann\",\"@id\":\"https:\\\/\\\/heimathub.de\\\/#\\\/schema\\\/person\\\/d176e22ace0b0ca185fb73eafefecb25\"},\"headline\":\"Digital &#8211; analoge Ausstellung zum Aschaffenburger Parlamentarier Jean Stock (1893-1965)\",\"datePublished\":\"2024-06-25T10:34:36+00:00\",\"dateModified\":\"2024-06-26T16:14:25+00:00\",\"mainEntityOfPage\":{\"@id\":\"https:\\\/\\\/heimathub.de\\\/digital-analoge-ausstellung-zum-aschaffenburger-parlamentarier-jean-stock-1893-1965\\\/\"},\"wordCount\":1141,\"commentCount\":0,\"image\":{\"@id\":\"https:\\\/\\\/heimathub.de\\\/digital-analoge-ausstellung-zum-aschaffenburger-parlamentarier-jean-stock-1893-1965\\\/#primaryimage\"},\"thumbnailUrl\":\"https:\\\/\\\/heimathub.de\\\/wp-content\\\/uploads\\\/2024\\\/05\\\/StockJean-SSAA.jpg\",\"keywords\":[\"Verfassung\",\"Jean Stock\",\"Digitale Ausstellung\",\"Grundgesetz\",\"Parlamentarier\",\"Bayerischer Landtag\",\"75 Jahre Grundgesetz\"],\"articleSection\":[\"Geschichte\",\"Leben\",\"Kultur\",\"Pers\u00f6nliches\",\"Familie\",\"Politik\"],\"inLanguage\":\"de\",\"potentialAction\":[{\"@type\":\"CommentAction\",\"name\":\"Comment\",\"target\":[\"https:\\\/\\\/heimathub.de\\\/digital-analoge-ausstellung-zum-aschaffenburger-parlamentarier-jean-stock-1893-1965\\\/#respond\"]}]},{\"@type\":\"WebPage\",\"@id\":\"https:\\\/\\\/heimathub.de\\\/digital-analoge-ausstellung-zum-aschaffenburger-parlamentarier-jean-stock-1893-1965\\\/\",\"url\":\"https:\\\/\\\/heimathub.de\\\/digital-analoge-ausstellung-zum-aschaffenburger-parlamentarier-jean-stock-1893-1965\\\/\",\"name\":\"Digital - analoge Ausstellung zum Aschaffenburger Parlamentarier Jean Stock (1893-1965) - heimat:hub\",\"isPartOf\":{\"@id\":\"https:\\\/\\\/heimathub.de\\\/#website\"},\"primaryImageOfPage\":{\"@id\":\"https:\\\/\\\/heimathub.de\\\/digital-analoge-ausstellung-zum-aschaffenburger-parlamentarier-jean-stock-1893-1965\\\/#primaryimage\"},\"image\":{\"@id\":\"https:\\\/\\\/heimathub.de\\\/digital-analoge-ausstellung-zum-aschaffenburger-parlamentarier-jean-stock-1893-1965\\\/#primaryimage\"},\"thumbnailUrl\":\"https:\\\/\\\/heimathub.de\\\/wp-content\\\/uploads\\\/2024\\\/05\\\/StockJean-SSAA.jpg\",\"datePublished\":\"2024-06-25T10:34:36+00:00\",\"dateModified\":\"2024-06-26T16:14:25+00:00\",\"author\":{\"@id\":\"https:\\\/\\\/heimathub.de\\\/#\\\/schema\\\/person\\\/d176e22ace0b0ca185fb73eafefecb25\"},\"breadcrumb\":{\"@id\":\"https:\\\/\\\/heimathub.de\\\/digital-analoge-ausstellung-zum-aschaffenburger-parlamentarier-jean-stock-1893-1965\\\/#breadcrumb\"},\"inLanguage\":\"de\",\"potentialAction\":[{\"@type\":\"ReadAction\",\"target\":[\"https:\\\/\\\/heimathub.de\\\/digital-analoge-ausstellung-zum-aschaffenburger-parlamentarier-jean-stock-1893-1965\\\/\"]}]},{\"@type\":\"ImageObject\",\"inLanguage\":\"de\",\"@id\":\"https:\\\/\\\/heimathub.de\\\/digital-analoge-ausstellung-zum-aschaffenburger-parlamentarier-jean-stock-1893-1965\\\/#primaryimage\",\"url\":\"https:\\\/\\\/heimathub.de\\\/wp-content\\\/uploads\\\/2024\\\/05\\\/StockJean-SSAA.jpg\",\"contentUrl\":\"https:\\\/\\\/heimathub.de\\\/wp-content\\\/uploads\\\/2024\\\/05\\\/StockJean-SSAA.jpg\",\"width\":1474,\"height\":2087},{\"@type\":\"BreadcrumbList\",\"@id\":\"https:\\\/\\\/heimathub.de\\\/digital-analoge-ausstellung-zum-aschaffenburger-parlamentarier-jean-stock-1893-1965\\\/#breadcrumb\",\"itemListElement\":[{\"@type\":\"ListItem\",\"position\":1,\"name\":\"Startseite\",\"item\":\"https:\\\/\\\/heimathub.de\\\/\"},{\"@type\":\"ListItem\",\"position\":2,\"name\":\"Journal\",\"item\":\"https:\\\/\\\/heimathub.de\\\/journal\\\/\"},{\"@type\":\"ListItem\",\"position\":3,\"name\":\"Digital &#8211; analoge Ausstellung zum Aschaffenburger Parlamentarier Jean Stock (1893-1965)\"}]},{\"@type\":\"WebSite\",\"@id\":\"https:\\\/\\\/heimathub.de\\\/#website\",\"url\":\"https:\\\/\\\/heimathub.de\\\/\",\"name\":\"heimat:hub\",\"description\":\"\",\"potentialAction\":[{\"@type\":\"SearchAction\",\"target\":{\"@type\":\"EntryPoint\",\"urlTemplate\":\"https:\\\/\\\/heimathub.de\\\/?s={search_term_string}\"},\"query-input\":{\"@type\":\"PropertyValueSpecification\",\"valueRequired\":true,\"valueName\":\"search_term_string\"}}],\"inLanguage\":\"de\"},{\"@type\":\"Person\",\"@id\":\"https:\\\/\\\/heimathub.de\\\/#\\\/schema\\\/person\\\/d176e22ace0b0ca185fb73eafefecb25\",\"name\":\"Julius Goldmann\",\"image\":{\"@type\":\"ImageObject\",\"inLanguage\":\"de\",\"@id\":\"https:\\\/\\\/heimathub.de\\\/wp-content\\\/uploads\\\/tml-avatars\\\/IMG_20240213_151124.jpg\",\"url\":\"https:\\\/\\\/heimathub.de\\\/wp-content\\\/uploads\\\/tml-avatars\\\/IMG_20240213_151124.jpg\",\"contentUrl\":\"https:\\\/\\\/heimathub.de\\\/wp-content\\\/uploads\\\/tml-avatars\\\/IMG_20240213_151124.jpg\",\"caption\":\"Julius Goldmann\"},\"url\":\"https:\\\/\\\/heimathub.de\\\/author\\\/gemuenden_admin\\\/\"}]}<\/script>\n<!-- \/ Yoast SEO plugin. -->","yoast_head_json":{"title":"Digital - analoge Ausstellung zum Aschaffenburger Parlamentarier Jean Stock (1893-1965) - heimat:hub","robots":{"index":"index","follow":"follow","max-snippet":"max-snippet:-1","max-image-preview":"max-image-preview:large","max-video-preview":"max-video-preview:-1"},"canonical":"https:\/\/heimathub.de\/digital-analoge-ausstellung-zum-aschaffenburger-parlamentarier-jean-stock-1893-1965\/","og_locale":"de_DE","og_type":"article","og_title":"Digital - analoge Ausstellung zum Aschaffenburger Parlamentarier Jean Stock (1893-1965) - heimat:hub","og_description":"Vom 21. bis 31. Mai 2024 wurde im Digitalladen der Stadt Aschaffenburg (Ro\u00dfmarkt 11) eine Ausstellung zum bekannten Aschaffenburger Demokraten und Parlamentarier Jean Stock gezeigt: https:\/\/heimathub.de\/aktuelles\/ausstellung-zum-aschaffenburger-parlamentarier-jean-stock-wird-ab-heute-gezeigt\/ Als Mitglied und einer [&hellip;]","og_url":"https:\/\/heimathub.de\/digital-analoge-ausstellung-zum-aschaffenburger-parlamentarier-jean-stock-1893-1965\/","og_site_name":"heimat:hub","article_published_time":"2024-06-25T10:34:36+00:00","article_modified_time":"2024-06-26T16:14:25+00:00","og_image":[{"width":1474,"height":2087,"url":"https:\/\/heimathub.de\/wp-content\/uploads\/2024\/05\/StockJean-SSAA.jpg","type":"image\/jpeg"}],"author":"Julius Goldmann","twitter_card":"summary_large_image","twitter_misc":{"Verfasst von":"Julius Goldmann","Gesch\u00e4tzte Lesezeit":"12\u00a0Minuten"},"schema":{"@context":"https:\/\/schema.org","@graph":[{"@type":"Article","@id":"https:\/\/heimathub.de\/digital-analoge-ausstellung-zum-aschaffenburger-parlamentarier-jean-stock-1893-1965\/#article","isPartOf":{"@id":"https:\/\/heimathub.de\/digital-analoge-ausstellung-zum-aschaffenburger-parlamentarier-jean-stock-1893-1965\/"},"author":{"name":"Julius Goldmann","@id":"https:\/\/heimathub.de\/#\/schema\/person\/d176e22ace0b0ca185fb73eafefecb25"},"headline":"Digital &#8211; analoge Ausstellung zum Aschaffenburger Parlamentarier Jean Stock (1893-1965)","datePublished":"2024-06-25T10:34:36+00:00","dateModified":"2024-06-26T16:14:25+00:00","mainEntityOfPage":{"@id":"https:\/\/heimathub.de\/digital-analoge-ausstellung-zum-aschaffenburger-parlamentarier-jean-stock-1893-1965\/"},"wordCount":1141,"commentCount":0,"image":{"@id":"https:\/\/heimathub.de\/digital-analoge-ausstellung-zum-aschaffenburger-parlamentarier-jean-stock-1893-1965\/#primaryimage"},"thumbnailUrl":"https:\/\/heimathub.de\/wp-content\/uploads\/2024\/05\/StockJean-SSAA.jpg","keywords":["Verfassung","Jean Stock","Digitale Ausstellung","Grundgesetz","Parlamentarier","Bayerischer Landtag","75 Jahre Grundgesetz"],"articleSection":["Geschichte","Leben","Kultur","Pers\u00f6nliches","Familie","Politik"],"inLanguage":"de","potentialAction":[{"@type":"CommentAction","name":"Comment","target":["https:\/\/heimathub.de\/digital-analoge-ausstellung-zum-aschaffenburger-parlamentarier-jean-stock-1893-1965\/#respond"]}]},{"@type":"WebPage","@id":"https:\/\/heimathub.de\/digital-analoge-ausstellung-zum-aschaffenburger-parlamentarier-jean-stock-1893-1965\/","url":"https:\/\/heimathub.de\/digital-analoge-ausstellung-zum-aschaffenburger-parlamentarier-jean-stock-1893-1965\/","name":"Digital - analoge Ausstellung zum Aschaffenburger Parlamentarier Jean Stock (1893-1965) - heimat:hub","isPartOf":{"@id":"https:\/\/heimathub.de\/#website"},"primaryImageOfPage":{"@id":"https:\/\/heimathub.de\/digital-analoge-ausstellung-zum-aschaffenburger-parlamentarier-jean-stock-1893-1965\/#primaryimage"},"image":{"@id":"https:\/\/heimathub.de\/digital-analoge-ausstellung-zum-aschaffenburger-parlamentarier-jean-stock-1893-1965\/#primaryimage"},"thumbnailUrl":"https:\/\/heimathub.de\/wp-content\/uploads\/2024\/05\/StockJean-SSAA.jpg","datePublished":"2024-06-25T10:34:36+00:00","dateModified":"2024-06-26T16:14:25+00:00","author":{"@id":"https:\/\/heimathub.de\/#\/schema\/person\/d176e22ace0b0ca185fb73eafefecb25"},"breadcrumb":{"@id":"https:\/\/heimathub.de\/digital-analoge-ausstellung-zum-aschaffenburger-parlamentarier-jean-stock-1893-1965\/#breadcrumb"},"inLanguage":"de","potentialAction":[{"@type":"ReadAction","target":["https:\/\/heimathub.de\/digital-analoge-ausstellung-zum-aschaffenburger-parlamentarier-jean-stock-1893-1965\/"]}]},{"@type":"ImageObject","inLanguage":"de","@id":"https:\/\/heimathub.de\/digital-analoge-ausstellung-zum-aschaffenburger-parlamentarier-jean-stock-1893-1965\/#primaryimage","url":"https:\/\/heimathub.de\/wp-content\/uploads\/2024\/05\/StockJean-SSAA.jpg","contentUrl":"https:\/\/heimathub.de\/wp-content\/uploads\/2024\/05\/StockJean-SSAA.jpg","width":1474,"height":2087},{"@type":"BreadcrumbList","@id":"https:\/\/heimathub.de\/digital-analoge-ausstellung-zum-aschaffenburger-parlamentarier-jean-stock-1893-1965\/#breadcrumb","itemListElement":[{"@type":"ListItem","position":1,"name":"Startseite","item":"https:\/\/heimathub.de\/"},{"@type":"ListItem","position":2,"name":"Journal","item":"https:\/\/heimathub.de\/journal\/"},{"@type":"ListItem","position":3,"name":"Digital &#8211; analoge Ausstellung zum Aschaffenburger Parlamentarier Jean Stock (1893-1965)"}]},{"@type":"WebSite","@id":"https:\/\/heimathub.de\/#website","url":"https:\/\/heimathub.de\/","name":"heimat:hub","description":"","potentialAction":[{"@type":"SearchAction","target":{"@type":"EntryPoint","urlTemplate":"https:\/\/heimathub.de\/?s={search_term_string}"},"query-input":{"@type":"PropertyValueSpecification","valueRequired":true,"valueName":"search_term_string"}}],"inLanguage":"de"},{"@type":"Person","@id":"https:\/\/heimathub.de\/#\/schema\/person\/d176e22ace0b0ca185fb73eafefecb25","name":"Julius Goldmann","image":{"@type":"ImageObject","inLanguage":"de","@id":"https:\/\/heimathub.de\/wp-content\/uploads\/tml-avatars\/IMG_20240213_151124.jpg","url":"https:\/\/heimathub.de\/wp-content\/uploads\/tml-avatars\/IMG_20240213_151124.jpg","contentUrl":"https:\/\/heimathub.de\/wp-content\/uploads\/tml-avatars\/IMG_20240213_151124.jpg","caption":"Julius Goldmann"},"url":"https:\/\/heimathub.de\/author\/gemuenden_admin\/"}]}},"_links":{"self":[{"href":"https:\/\/heimathub.de\/data\/wp\/v2\/posts\/14503","targetHints":{"allow":["GET"]}}],"collection":[{"href":"https:\/\/heimathub.de\/data\/wp\/v2\/posts"}],"about":[{"href":"https:\/\/heimathub.de\/data\/wp\/v2\/types\/post"}],"author":[{"embeddable":true,"href":"https:\/\/heimathub.de\/data\/wp\/v2\/users\/90"}],"replies":[{"embeddable":true,"href":"https:\/\/heimathub.de\/data\/wp\/v2\/comments?post=14503"}],"version-history":[{"count":33,"href":"https:\/\/heimathub.de\/data\/wp\/v2\/posts\/14503\/revisions"}],"predecessor-version":[{"id":14580,"href":"https:\/\/heimathub.de\/data\/wp\/v2\/posts\/14503\/revisions\/14580"}],"wp:featuredmedia":[{"embeddable":true,"href":"https:\/\/heimathub.de\/data\/wp\/v2\/media\/14073"}],"wp:attachment":[{"href":"https:\/\/heimathub.de\/data\/wp\/v2\/media?parent=14503"}],"wp:term":[{"taxonomy":"category","embeddable":true,"href":"https:\/\/heimathub.de\/data\/wp\/v2\/categories?post=14503"},{"taxonomy":"post_tag","embeddable":true,"href":"https:\/\/heimathub.de\/data\/wp\/v2\/tags?post=14503"},{"taxonomy":"format","embeddable":true,"href":"https:\/\/heimathub.de\/data\/wp\/v2\/post-format?post=14503"},{"taxonomy":"content","embeddable":true,"href":"https:\/\/heimathub.de\/data\/wp\/v2\/post-content?post=14503"}],"curies":[{"name":"wp","href":"https:\/\/api.w.org\/{rel}","templated":true}]}}