{"id":13961,"date":"2024-05-17T07:30:16","date_gmt":"2024-05-17T05:30:16","guid":{"rendered":"https:\/\/heimathub.de\/?p=13961"},"modified":"2026-03-31T12:21:25","modified_gmt":"2026-03-31T10:21:25","slug":"nilkheimer-geschichte-1998-bis-heute","status":"publish","type":"post","link":"https:\/\/heimathub.de\/nilkheimer-geschichte-1998-bis-heute\/","title":{"rendered":"Nilkheimer Geschichte \u2013 1998 bis heute"},"content":{"rendered":"<p>In vielen Nilkheimer Haushalten und im Stadt- und Stiftsarchiv der Stadt Aschaffenburg steht ein Buch im Regal mit dem Titel: \u201eNilkheim \u2013 von der christlichen Ursiedlung zum Stadtteil\u201c, zusammengestellt vom Arbeitskreis Nilkheimer Geschichte.<a href=\"#_ftn1\" name=\"_ftnref1\">[1]<\/a> Das Buch beschreibt die Geschichte des jungen Stadtteils Nilkheim in Wort und Bild und ist im Rahmen der Reihe der Fotodokumentationen f\u00fcr die einzelnen Stadtteile erschienen.<\/p>\n<h1>834 &#8211; 1997<\/h1>\n<p>Das Buch beginnt mit den arch\u00e4ologischen Funden in Nilkheim zu Beginn der Jungsteinzeit, der fr\u00fchesten Erw\u00e4hnung in schriftlichen Quellen um das Jahr 834 und einer Chronologie durch die Jahrhunderte vom 6. Jahrtausend vor Christus bis ins Jahr 1997. Dann folgt der ausf\u00fchrliche und sehenswerte Bildteil mit verschiedenen thematischen Schwerpunkten und textlichen Erg\u00e4nzungen und Beschreibungen der einzelnen Bilder.<\/p>\n<p>Seit 1997 sind \u00fcber 25 Jahre vergangen, wenig ist dokumentiert. Der Stadtteil Nilkheim ist gewachsen, viele Personen in hervorgehobenen Positionen in Schule, Kirche, Wirtschaft, Vereinsleben und Politik haben sich ge\u00e4ndert. Deshalb soll in den nachfolgenden Aufzeichnungen anhand von Berichten aus den Zeitungen <a href=\"http:\/\/www.Main-Echo.de\">Main-Echo<\/a>, <a href=\"http:\/\/www.faz.de\">FAZ<\/a>, aus dem Internet und anderen Quellen, m\u00f6glichst erg\u00e4nzt durch individuelle Erinnerungen, diese L\u00fccke gef\u00fcllt werden.<\/p>\n<p>Wer dazu einen Beitrag liefern kann, bitte mit Quellenangabe, m\u00f6ge diesen an folgende Mailadresse schicken: <a href=\"mailto:Nilkheim2024@web.de\">Nilkheim2024@web.de<\/a> . Ich melde mich dann. Wolfgang Giegerich<\/p>\n<p><a href=\"#_ftnref1\" name=\"_ftn1\">[1]<\/a> Stadt- und Stiftsarchiv Aschaffenburg (Hg.), Nilkheim \u2013 Von der christlichen Ursiedlung zum Stadtteil, zusammengestellt vom Arbeitskreis Nilkheimer Geschichte, Aschaffenburg 1997.<\/p>\n<h1>1998<\/h1>\n<p>Ohne Schulneubau ist keine ordentliche Sch\u00fclerbef\u00f6rderung m\u00f6glich. Zwei Klassen sind in Nilkheimer Schule im Keller untergebracht (ME, 03.03.1998)(Bild 2)<\/p>\n<p>Die Staatsanwaltschaft Aschaffenburg hat gegen einen 16 Jahre alten Metzgerlehrling aus einer Landkreisgemeinde Haftbefehl wegen Mordes und gef\u00e4hrlicher K\u00f6rperverletzung erlassen. Der junge Mann hat ein Gest\u00e4ndnis abgelegt. Er hatte sein Opfer\u00a0 in der Nacht zum Sonntag nach einem Streit beim Pfarrfest im Stadtteil Nilkheim get\u00f6tet (F.A.Z. \u00a0vom 07.07.1998)<\/p>\n<p>Caritas-Ehrenzeichen f\u00fcr Mechthild Grimm als Dank f\u00fcr 21 Jahre weltliche Krankenschwester, von 1977 bis 1992 in Nilkheim (ME., 21.07.1998)<\/p>\n<h1>1999<\/h1>\n<p>Einweihung des Geschwister-Scholl-Brunnen (ME, 06.04.1999). Oberb\u00fcrgermeister Dr. Willi Reiland erinnert an die st\u00e4ndige Aufgabe aller B\u00fcrger, die Demokratie zu verteidigen. (Bild 3)<\/p>\n<p>B\u00fcrgerhaus Nilkheim genehmigt: Neubau ohne Parkpl\u00e4tze (ME., 24.09.1999).<\/p>\n<h1>2000<\/h1>\n<p>Osterbrunnen zerst\u00f6rt (ME, 25.04.2000). Vandalismus im alten Stadtteilzentrum.<\/p>\n<p>Kammermusik-Matinee der Musikschule in Nilkheim (ME., 17.05.2000).<\/p>\n<p>Richtfest B\u00fcrgerhaus Nilkheim (ME., 18.05.2000).<\/p>\n<p>Am Spielplatz R\u00fcsterweg wird gesoffen und gedealt. (ME, 25.07.2000). Ortsbegehung mit Oberb\u00fcrgermeister Klaus Herzog.<\/p>\n<p>Behinderte Kegler setzen auf den olympischen Gedanken \u2013 Interessengemeinschaft Nilkheimer Kaufleute sponsort Freizeit-Kegelgruppe (ME., 09.10.2000).<\/p>\n<p>Josef \u201eSepp\u201c Parzeller, langj\u00e4hriger Stadtrat und engagiert in vielen Vereinen stirbt am 10. November (ME., 13.11.2000).<\/p>\n<h1>2001<\/h1>\n<p>Jugendtreff Nilkheim erh\u00e4lt EU-F\u00f6rderung (ME, 26.10.2001). Aufgabe ist stadtteilbezogene Jugendarbeit und Integration von Jugendlichen, vor allem aus Aussiedlerfamilien.<\/p>\n<p>Neues Stadtteilzentrum als Ort der Begegnung \u2013 Mehrzweckhalle mit B\u00fchne und neuer Jugendtreff \u2013 Stadt investiert gut 5,8 Millionen Euro (FAZ, 30.10.2001) (Bild 4).<\/p>\n<h1>2002<\/h1>\n<p>Stadtratswahl in Aschaffenburg: Nilkheim hat jetzt sechs Stadtr\u00e4te: Wolfgang Giegerich, Anne Lenz-B\u00f6hlau (beide SPD), Rosi Ruf (Gr\u00fcne), Gabriele Bokr, Brigitte Gans und Rainer Kunkel (alle CSU) (Aschaffenburger Anzeiger im ME, 12.04.2002).<\/p>\n<p>Dr. Schwarz, Hausarzt in Nilkheim, feiert 50j\u00e4hriges Praxis-Jubil\u00e4um. Schon sein Vater praktizierte im Stadtteil. (ME, 24.12.2002).<\/p>\n<h1>2003<\/h1>\n<p>Bronzetafeln mit Kriegsopfer-Namen f\u00fcr das Ehrenmal an der Kilianskirche (ME., 21.03.2003) (Bild 5).<\/p>\n<p>B\u00fcrgerversammlung: Verkehrsprobleme \u2013 hausgemachte Raserei und wildes Parken (ME und FAZ, 02.04.2002). Verwaltung: Kontrollen allein bringen keine Abhilfe.<\/p>\n<h1>2004<\/h1>\n<p>Gewalt in Nilkheim \u2013 B\u00fcrger klagen \u00fcber Bedrohung (ME, 09.01.2004); Schwierige Eingliederung der Sp\u00e4taussiedler (FAZ 11.02.2004); Laut Polizei Differenz zwischen Fakten und Wahrnehmung (ME, 13.02.2004); Projekt der Stadt zur Eingliederung von jugendlichen Aussiedlern (ME, 21.02.2004).<\/p>\n<p>Die Stadt Aschaffenburg wird im Fr\u00fchsommer dieses Jahres eine Planungswerkstatt zur Siedlungserweiterung Nilkheim durchf\u00fchren. In dieser Planungswerkstatt sollen B\u00fcrger mit Vertretern aus Vereinen, sozialer und kirchlicher Gruppen, der Politik und der Verwaltung Ideen und Perspektiven f\u00fcr die Wohngebietsplanung erarbeiten. Die mehrt\u00e4gige Veranstaltung findet statt am 18. Juni, 26. Juni und 9. Juli (Einladungsschreiben des Stadtplanungsamtes) (Bild Grunds\u00e4tze der Siedlungserweiterung).<\/p>\n<p>In Nilkheim soll ein Kulturweg entstehen (ME., 28.10.2004).<\/p>\n<p>Vereinsring Nilkheim: Von der Stadt entt\u00e4uscht wegen fehlender Gestaltung des alten Stadtteilzentrums (ME., 06.11.2005) (Bild 6).<\/p>\n<p>Aschaffenburger Spielkreis trifft sich regelm\u00e4\u00dfig im B\u00fcrgerzentrum St. Jakobus (ME., 18.11.2004).<\/p>\n<h1>2005<\/h1>\n<p>Zeitzeugen berichten \u00fcber die letzten Kriegstage an der Gro\u00dfostheimer Stra\u00dfe \u2013 Arbeitsgemeinschaft Nilkheimer Geschichte \u00fcber Nilkheim und das Kriegsende (ME.,05.04.2005).<\/p>\n<p>Altes Kirchlein in neuem Glanz \u2013 Staudt-Br\u00fcder stiften Tafel \u2013 Fest an der Nilkheimer Kapelle (ME., 02.06.2005) (Bild 7)<\/p>\n<h1>2006<\/h1>\n<p>Er\u00f6ffnung des 11 Kilometer langen Kulturwegs Nilkheim am 15. Oktober (ME., 14.10.2006) (Bild 8).<\/p>\n<p>Bolzplatz kleiner Auweg (ME, 19.12.2006). Erst versprochen und danach zweites Tor wegen Beschwerden der Anwohner wieder entfernt.<\/p>\n<h1>2007<\/h1>\n<p>Stadt baut Bolzplatz (ME, 28.02.2007).<\/p>\n<h1>2008<\/h1>\n<p>Mergenbaum-Blatt, die Stadtteil-Zeitung f\u00fcr Nilkheim, unterst\u00fctzt Schule und Kinderchor mit einer Spende von 1000 Euro (ME, 11.02.2008).<\/p>\n<p>Stadtratswahl in Aschaffenburg: Nilkheim weiter mit sechs Stadtr\u00e4ten: Wolfgang Giegerich, Anne Lenz-B\u00f6hlau (beide SPD), Rosi Ruf (Gr\u00fcne), Gabriele Bokr, Brigitte Gans und Rainer Kunkel (alle CSU) (ME, 03.03. 2002).<\/p>\n<p>B\u00fcrgerversammlung \u2013 Nilkheimer fordern Fu\u00dfg\u00e4nger-Steg \u00fcber den Main \u2013 800 Unterschriften f\u00fcr Main-Br\u00fccke (ME., 10.05.2008).<\/p>\n<h1>2009<\/h1>\n<p>Schlaflos in Nilkheim \u2013 n\u00e4chtliche G\u00fcterz\u00fcge rollen am Rand des Stadtteils vom Hafen zum Hauptbahnhof (ME, 02.07.2008) (Bild 9).<\/p>\n<p>Kicken f\u00fcr einen guten Zweck, Hilfsorganisationen spendeten f\u00fcr Kinderklinik (ME., 08.09.2009).<\/p>\n<h1>2010<\/h1>\n<p>Befragung in Nilkheim: Wie sch\u00f6n ist der Stadtteil? (ME, 28.04.2010).<\/p>\n<p>Abschlusskolloquium zu st\u00e4dtebaulichen Ideenwettbewerb \u201eWohnen in Nilkheim\u201c in der Stadt Aschaffenburg am 17.09.2010. Dabei sollen die Wettbewerbsteilnehmer ihre Rahmenpl\u00e4ne mit Vertiefungsbereich und den st\u00e4dtebaulichen Kennzahlen n\u00e4her konkretisieren, die Einbindung in die Stadtstruktur erl\u00e4utern, ihre st\u00e4dtebauliche Leitidee sowie die Strukturskizzen zur Verkehrserschlie\u00dfung, zur Baumassen- und Nutzungsverteilung und zu den Gr\u00fcnfl\u00e4chen vorstellen. (Einladungsschreiben des Stadtplanungsamts vom 07.09.2010)<\/p>\n<p>Denkmal zum 100j\u00e4hrigen Bestehen der Nilkheimer Eisenbahnbr\u00fccke enth\u00fcllt \u2013 Symbol der industriellen Stadtgeschichte (ME., 20.09.2010) (Bild 10).<\/p>\n<p>Ein Preisgericht, bestehend aus Fachleuten wie Architekten, Stadtplanern, Professoren und Vertretern von Politik und Verwaltung, vergibt am 01.10.2020 den 1. Preis unter f\u00fcnf Bewerbungen zu einem st\u00e4dtebaulichen Wettbewerb an das B\u00fcro Schellenberg und B\u00e4umler Architekten Gmbh Dresden. In der Preisgerichtsbeurteilung hei\u00dft es: \u201eDer Beitrag zeigt insgesamt sehr gute L\u00f6sungen f\u00fcr eine nachhaltige Entwicklung des Stadtteils Nilkheim.\u201c (Wettbewerbe aktuell, Auszug aus der Monatszeitschrift, Freiburg, 10\/2010).<\/p>\n<h1>2011<\/h1>\n<p>Hochwasser. Sportplatz und fr\u00fcherer Hangar am alten Nilkheimer Flugplatz werden \u00fcberschwemmt (13.01.2011, <a href=\"http:\/\/www.main-echo.de\">www.main-echo.de<\/a>)<\/p>\n<p>Diskussionen um Bahnverbindung \u00fcber Nilkheim nach Gro\u00dfostheim.<\/p>\n<h1>2012<\/h1>\n<p>Wo sind in Nilkheim noch Briefk\u00e4sten? (ME, 21.01.2012).<\/p>\n<p>Ausstellung von 550 Sterbebildchen durch die Arbeitsgemeinschaft Nilkheimer Geschichte \u2013 Dokumente der Entwicklung Nilkheims (ME., 03.03.2012).<\/p>\n<p>Mergenbaum-Blatt spendet 3.000 Euro f\u00fcr Bildung (ME, 29.12.2012).<\/p>\n<h1>2013<\/h1>\n<p>SPD-Ortsverein k\u00e4mpft f\u00fcr Verkehrsberuhigung am Geschwister-Scholl-Platz (ME, 09.04.2013).<\/p>\n<p>Fliegerbombe wird im Industrie-Gebiet Nilkheim gefunden \u2013 14 Firmen werden evakuiert (ME, 30.08.2013).<\/p>\n<p>Forderung zur Belebung des Geschwister-Scholl-Platzes (ME, 12.09.2013) (Bild 6).<\/p>\n<h1>2014<\/h1>\n<p>Stadtratswahl in Aschaffenburg: Nilkheim hat unver\u00e4ndert sechs Stadtr\u00e4te: Wolfgang Giegerich, Anne Lenz-B\u00f6hlau (beide SPD), Rosi Ruf (Gr\u00fcne), Gabriele Bokr, Brigitte Gans und Rainer Kunkel (alle CSU) (ME, 16.03.2014).<\/p>\n<p>Kommz: Am Wochenende geht das Nilkheimer Parkfest in Aschaffenburg in die 40. Runde \u2013 Hunderte Ehrenamtliche helfen mit beim Open Air ( <a href=\"https:\/\/www.kommz.de\/chronik\/kommz-14\">https:\/\/www.kommz.de\/chronik\/kommz-14<\/a> , ME. 30.04.2014).<\/p>\n<h1>2015<\/h1>\n<p>Nach 33 Jahren Wechsel an der Spitze des Vereinsrings \u2013 Anne Lenz-B\u00f6hlau folgt auf Karl-Heinz Eiter (ME, 09.01.2015), Eiter zum Ehrenvorsitzenden des Vereinsrings ernannt.<\/p>\n<p>CSU ist mit Infrastruktur in Nilkheim unzufrieden (ME, 03.07.2015).<\/p>\n<h2>2016<\/h2>\n<p>Ernst-Streun-Platz wird eingeweiht (ME, 03.02.2016, 17.02.2016).<\/p>\n<p>Bekommt Nilkheim einen regelm\u00e4\u00dfigen Seniorentreff? (ME, 26.02.2016).<\/p>\n<p>Agenda-Preis f\u00fcr Kinderkleider-Basar (ME, 27.06.2016).<\/p>\n<p>Der vergessene Bunker \u2013 Restaurierung des Bauwerks am Nilkheimer Bahnhof (ME., 14.09.20016) (Bild 11).<\/p>\n<h1>2017<\/h1>\n<p>Verschiedene Stadtr\u00e4te, das Stadt- und Stiftsarchiv und die Arbeitsgemeinschaft Nilkheimer Geschichte schl\u00e4gt verschiedene Stra\u00dfennamen f\u00fcr das Neubaugebiet Anwandeweg vor. Der Stadtrat beschlie\u00dft mit gro\u00dfer Mehrheit (16.01.2017, www.ris.aschaffenburg.de)<\/p>\n<p>Messerattacke auf einen Spazierg\u00e4nger am 21. November 2017 im Aschaffenburger Stadt\u00adteil Nilkheim (22.11.2017, www.main-echo.de)<\/p>\n<h1>2018<\/h1>\n<p>30 Jahre Nilkheimer Kinderkleiderbasar (ME., 16.02.2018).<\/p>\n<p>Deutliche Erleichterung durch Absenkung der Stra\u00dfen\u00fcberg\u00e4nge (ME, 25.05.2018).<\/p>\n<h1>2019<\/h1>\n<p>Reha-Zentrum Balance erweitert (ME, 15.05.2019).<\/p>\n<p>Parkdauer am Geschwister-Scholl-Platz auf vier Stunden erweitert (ME, 13.07.2019).<\/p>\n<p>Jugendtreff kann umziehen in das B\u00fcrgerhaus (ME, 23.10.2019).<\/p>\n<p>13,4 Millionen Zuschuss f\u00fcr das F\u00f6rderzentrum Sehen (ME, 29.11.2019)(Bild 12).<\/p>\n<h1>2020<\/h1>\n<p>Stadtratswahl in Aschaffenburg: Nilkheim bleibt bei sechs Stadtr\u00e4ten: Wolfgang Giegerich, Anne Lenz-B\u00f6hlau\u00a0 (beide SPD), Rosi Ruf (Gr\u00fcne), Jochen Grimm, Brigitte Gans und Rainer Kunkel (alle CSU) (ME, M\u00e4rz 2020).<\/p>\n<p>Parken ohne Zeitlimit am Parkplatz Geschwister-Scholl-Platz (ME, 23.04.2020)<\/p>\n<p>Vergabe der Tr\u00e4gerschaft f\u00fcr die Kita am Anwandeweg mit drei Kindergartengruppen und drei Krippengruppen an die evangelische Kirchengemeinde St. Lukas (14.09.2020, <a href=\"http:\/\/www.ris.aschaffenburg.de\">www.ris.aschaffenburg.de<\/a>) (Bild 13)<\/p>\n<h1>2021<\/h1>\n<p>Nilkheim wird als m\u00f6glicher Standort eines Neubaus der Brentanoschule diskutiert. (20.04.2021, <a href=\"http:\/\/www.ris.Aschaffenburg.de\">www.ris.Aschaffenburg.de<\/a> )<\/p>\n<p>Vergabe zum Bau eines Pumptrack gegen\u00fcber der Kindertagesst\u00e4tte im Neubaugebiet Anwandeweg (19.07.2021, www.ris.aschaffenburg.de)<\/p>\n<p>Stadtbau saniert und baut in Nilkheim und Leider, etwa im Tannenweg oder im Fichtenweg. 660 Wohnungen hat die Stadtbau in Nilkheim und Leider (15.09.2021, <a href=\"http:\/\/www.main-echo.de\">www.main-echo.de<\/a>)(Bild 14)<\/p>\n<p>Die Mindestkriterien f\u00fcr den Bau einer Bachgaubahn werden nach Einsch\u00e4tzung von Gutachtern nicht erreicht. Damit ist eine f\u00f6rderungsunterst\u00fctzte Reaktivierung dieser Strecke derzeit nicht m\u00f6glich. (10.11.2021, <a href=\"http:\/\/www.ris.aschaffenburg.de\">www.ris.aschaffenburg.de<\/a>)<\/p>\n<p>Das Flugfeld in Nilkheim wird ab M\u00e4rz 2022 als Ausgleichsma\u00dfnahme zum Ringschluss Ost entsiegelt (23.09.2021, <a href=\"http:\/\/www.main-echo.de\">www.main-echo.de<\/a>)<\/p>\n<h1>2022<\/h1>\n<p>Der Stadtrat diskutiert die \u00c4nderung des Bebauungsplan Anwandeweg, um die Realisierung einer Seniorenpflegeeinrichtung und eines Lebensmittelmarktes voranzubringen (18.01.2022, <a href=\"http:\/\/www.ris.aschaffenburg.de\">www.ris.aschaffenburg.de<\/a>),<\/p>\n<p>B\u00fcrgerfest zur Einweihung des Baugebiets Anwandeweg in Nilkheim (18.07.2022, www.main-echo.de)<\/p>\n<h1>2023<\/h1>\n<p>Im Finale der Hallenkreismeisterschaft im Fu\u00dfball setzt sich Nilkheim im Sechs-Meter-Schie\u00dfen gegen Wiesen durch (15.02.2023, www.main-echo.de)<\/p>\n<p>Der Stadtrat beschlie\u00dft, den Mainradweg zwischen Mainaschaff und Niedernberg in drei Abschnitten zu verbreitern und zu sanieren. Von der Willigisbr\u00fccke bis Niedernberg sollen etwa 5 Kilometer linksmainisch auf eine Breite von etwa 3,5 Meter gebracht werden. (18.07.2023, <a href=\"http:\/\/www.ris.aschaffenburg.de\">www.ris.aschaffenburg.de<\/a>)<\/p>\n<p>Stadtr\u00e4te aus Nilkheim und Leider stellen Antrag zur verkehrsgerechten Gestaltung des Rad- und Fu\u00dfwegs entlang dem Auweg zwischen Leider und Nilkheim. Der Antrag erh\u00e4lt eine Mehrheit im Planungs- und Verkehrssenat der Stadt Aschaffenburg, wird aber bei den Haushaltsberatungen 2024 nicht ber\u00fccksichtigt. (05.12.2023, <a href=\"http:\/\/www.ris.aschaffenburg.de\">www.ris.aschaffenburg.de<\/a>)(Bild 15.1 und 15.2)<\/p>\n<h1>2024<\/h1>\n<p>Weiterer Schritt zum Vollsortimenter &#8211; Bebauungsplan-\u00c4nderung soll Fl\u00e4che f\u00fcr Lebensmittelmarkt in Nilkheim schaffen &#8211; Stadt h\u00e4lt an Senioren und Pflegeeinrichtung fest (ME, 31.01.2024)<\/p>\n<p>Bezug der Wohnanlage der Stadtbau Aschaffenburg mit 124 \u00f6ffentlich gef\u00f6rderten Wohnungen kurz vor Abschluss (04.03.2024, www.main-echo.de)(Bild 16)<\/p>\n<p>Spatenstich f\u00fcr 56 Wohnungen des Vereins \u201eWohnidee\u201c (ME, 06.05.2024)<\/p>\n<p>Kulturweg Nilkheim erh\u00e4lt eine Chronik-Tafel am Geschwister-Scholl-Platz, finanziert vom Mergenbaum-Verein in Aufl\u00f6sung. (24.05.2024) (Bild 17)<\/p>\n<p>VfR Nilkheim wird ungeschlagen Meister der Fu\u00dfball-A-Klasse Aschaffenburg (ME, 06.05.2024) &#8211; VfR Nilkheim feiert 75j\u00e4hriges Bestehen mit Public Viewing und Festveranstaltung. (<a href=\"https:\/\/www.vfr-nilkheim.de\/news-blog\/details\/75-jahre-vfr-nilkheim-wir-laden-euch-ein-zur-jubilaeumsfeier\">www.vfr-nilkheim.de<\/a>)<\/p>\n<p>Die ber\u00fchmte Street-Art K\u00fcnstlerin Hera gestaltete ein Wandbild &#8222;Fuchs- und Rabenm\u00e4dchen&#8220; auf der Giebelseite eines Wohnblocks an der Gro\u00dfostheimer Stra\u00dfe (Bild 19). Initiiert hat dieses Kunstprojekt die Stadtbau anl\u00e4sslich ihres 75j\u00e4hrigen Jubil\u00e4ums. Die Botschaft: &#8222;Im Kern sind wir doch alle Br\u00fcder und Schwestern.&#8220;(ME, 08.10.2024)(Bild 18)<\/p>\n<p>Bundesverdienstkreuz f\u00fcr Dr. Ulrich Markmiller (der in Nilkheim wohnt) &#8211; Aschaffenburger HNO-Arzt im Dauereinsatz in Eritrea (ME, 02.12.2024)<\/p>\n<h1>2025<\/h1>\n<p>Der kleine Platz an der Ecke Buchenweg\/Ulmenweg in Nilkheim wird umgestaltet (ME, 03.03.2025) &#8211; Rasen statt Waschbeton (Bild 19)<\/p>\n<p>Am 26. April starb Stadtrat Rainer Kunkel. Seit 1984 vertrat er den Stadtteil Nilkheim und die CSU im Kommunalparlament. Er war in verschiedenen Vereinen wie der Stadtgarde, den Wanderfreunden und dem Vereinsring ehrenamtlich aktiv. (ME online, 30.04.2025)<\/p>\n<p>Weil ein LKW auf der Ebert-Br\u00fccke \u00d6l verloren hatte, staute sich der Autoverkehr bis in die einzelnen Stra\u00dfen in Nilkheim. Es ging weder vor noch zur\u00fcck. (ME online, 09.05.2025, Bild 20)<\/p>\n<p>Robert Eidenschink erh\u00e4lt das Bundesverdienstkreuz f\u00fcr 20 Jahre Einsatz in der Sonetschko-Kinderheimhilfe. Er sammelte \u00fcber 1,5 Millionen Euro f\u00fcr Kinder in der Ukraine. Seit 25 Jahren spielt er die Orgel in der Pius-Kirche (ME online, 27.05.2025)<\/p>\n<p>Erster Anlauf f\u00fcr Nilkheimer Stadtteilzentrum gescheitert. Nilkheim soll ein Zentrum bekommen, mit Lebensmittel-Vollsortimenter, Gastronomie und einer Seniorenpflege- und -wohnanlage. Das Vergabeverfahren zur Neuen Mitte Nilkheim wurde aufgehoben, da in der ersten Stufe der Ausschreibung nur eine Bewerbung eingegangen ist, die jedoch nicht den Anforderungen entsprach. Das Vergabeverfahren soll mit angepassten Rahmenbedingungen erneut er\u00f6ffnet werden. (ME online 10.07.2025, Bild 21 )<\/p>\n<p>Nilkheimer Sommerfestival, veranstaltet vom Tierschutzverein\u00a0 &#8211; Gelungene Premiere auf dem Geschwister-Scholl-Platz &#8211; rund 1000 Besucher (ME online 14.07.2025)<\/p>\n<p>Am 5. August starb Brigitte Gans. 34 Jah\u00adre ge\u00adh\u00f6r\u00adte sie dem Aschaf\u00adfen\u00adbur\u00adger Stadt\u00adrat und vertrat dort auch Nilkheimer Anliegen. In der CSU war sie \u00fcber vie\u00adle Jahr\u00adzehn\u00adte in f\u00fch\u00adr\u00aden\u00adden Po\u00adsi\u00adtio\u00adnen t\u00e4\u00adtig und zeigte gesellschaftliches Engagement auch jenseits der Politik (ME online 16.08.2025)<\/p>\n<p>Fu\u00dfg\u00e4nger bekommen mehr Platz am Auweg (ME online 22.10.2025) So beschrieb das Main-Echo die Umgestaltung der Auwegs, der k\u00fcrzesten Verbindung zwischen den Stadtteilen Nilkheim und Leider. Die Kommunalpolitik hatte einen vern\u00fcnftigen Ausbau des Fu\u00dfwegs gefordert. Die Verwaltung hat den Auweg zu einer Radfahrstra\u00dfe umgestaltet, indem Seitenr\u00e4nder und Fahrradpiktogramme aufgemalt wurden. Der Weg f\u00fcr Fu\u00dfg\u00e4nger, Kinderwagen, Rollatoren, Rollst\u00fchle wurde belassen. Lediglich das Gras an der Seite hat man etwas abgeschnitten. Viele Nilkheimer halten das f\u00fcr Augenwischerei. (Bild 22)<\/p>\n<p>&nbsp;<\/p>\n<h1>2026<\/h1>\n<p>Die Wanderfreunde Sch\u00f6nbusch Aschaffenburg-Nilkheim vereinbaren eine Kooperation mit den Black Pipers (Dudelsack), dem Verein Gutherzig (Wohlt\u00e4tigkeitsverein) und dem Kommz e.V. (Kulturverein) zur Nutzung des Wanderheims am ehemaligen Fluggel\u00e4nde am Main. Vielleicht\u00a0 ein Modell auch f\u00fcr andere Vereine in Aschaffenburg. (Bild 23)<\/p>\n<p>Im Stadtrat wird der notwendige Neubau der Eisenbahnbr\u00fccke \u00fcber die Gro\u00dfostheimer Stra\u00dfe diskutiert (ME online vom 14.02.2026). Die Br\u00fccke ist 115 Jahre alt und dient dem G\u00fctertransport aus dem Hafen. An der nur 3,60 Meter hohen Durchfahrt bleiben oft LKWs h\u00e4ngen (Bild 24). Die Knackpunkte: Wer zahlt die voraussichtlichen Kosten von etwa 12 Millionen Euro, die Stadt oder der Hafen? Was ist mit dem Versprechen aus der Vergangenheit, den LKW-Verkehr zu reduzieren? Die Entscheidung wurde vertagt. 2027 soll die neue Br\u00fccke gebaut werden. Dann soll die Gro\u00dfostheimer Stra\u00dfe f\u00fcr ein Jahr gesperrt werden.<\/p>\n<p>Stadtratswahl am 8. M\u00e4rz in Aschaffenburg: Nilkheim hat nur noch drei Stadtr\u00e4te: Rosi Ruf und Elisas Weckwerth (Gr\u00fcne), sowie Jochen Grimm (CSU), (ME, M\u00e4rz 2026).<\/p>\n<p>&nbsp;<\/p>\n","protected":false},"excerpt":{"rendered":"<p>In vielen Nilkheimer Haushalten und im Stadt- und Stiftsarchiv der Stadt Aschaffenburg steht ein Buch im Regal mit dem Titel: \u201eNilkheim \u2013 von der christlichen Ursiedlung zum Stadtteil\u201c, zusammengestellt vom [&hellip;]<\/p>\n","protected":false},"author":24,"featured_media":0,"comment_status":"open","ping_status":"open","sticky":false,"template":"","format":"standard","meta":{"_acf_changed":false,"_price":"","_stock":"","_tribe_ticket_header":"","_tribe_default_ticket_provider":"","_tribe_ticket_capacity":"0","_ticket_start_date":"","_ticket_end_date":"","_tribe_ticket_show_description":"","_tribe_ticket_show_not_going":false,"_tribe_ticket_use_global_stock":"","_tribe_ticket_global_stock_level":"","_global_stock_mode":"","_global_stock_cap":"","_tribe_rsvp_for_event":"","_tribe_ticket_going_count":"","_tribe_ticket_not_going_count":"","_tribe_tickets_list":"[]","_tribe_ticket_has_attendee_info_fields":false,"footnotes":""},"categories":[871,1,8,15,17,18],"tags":[],"post-format":[],"post-content":[50,47],"class_list":["post-13961","post","type-post","status-publish","format-standard","hentry","category-fest-und-feiertage","category-alltag","category-arbeitsleben","category-freizeit","category-kunst-und-kultur","category-politik","content-image","content-text"],"acf":[],"yoast_head":"<!-- This site is optimized with the Yoast SEO plugin v27.4 - https:\/\/yoast.com\/product\/yoast-seo-wordpress\/ -->\n<title>Nilkheimer Geschichte \u2013 1998 bis heute - heimat:hub<\/title>\n<meta name=\"robots\" content=\"index, follow, max-snippet:-1, max-image-preview:large, max-video-preview:-1\" \/>\n<link rel=\"canonical\" href=\"https:\/\/heimathub.de\/nilkheimer-geschichte-1998-bis-heute\/\" \/>\n<meta property=\"og:locale\" content=\"de_DE\" \/>\n<meta property=\"og:type\" content=\"article\" \/>\n<meta property=\"og:title\" content=\"Nilkheimer Geschichte \u2013 1998 bis heute - heimat:hub\" \/>\n<meta property=\"og:description\" content=\"In vielen Nilkheimer Haushalten und im Stadt- und Stiftsarchiv der Stadt Aschaffenburg steht ein Buch im Regal mit dem Titel: \u201eNilkheim \u2013 von der christlichen Ursiedlung zum Stadtteil\u201c, zusammengestellt vom [&hellip;]\" \/>\n<meta property=\"og:url\" content=\"https:\/\/heimathub.de\/nilkheimer-geschichte-1998-bis-heute\/\" \/>\n<meta property=\"og:site_name\" content=\"heimat:hub\" \/>\n<meta property=\"article:published_time\" content=\"2024-05-17T05:30:16+00:00\" \/>\n<meta property=\"article:modified_time\" content=\"2026-03-31T10:21:25+00:00\" \/>\n<meta name=\"author\" content=\"Wolfgang Giegerich\" \/>\n<meta name=\"twitter:card\" content=\"summary_large_image\" \/>\n<meta name=\"twitter:label1\" content=\"Verfasst von\" \/>\n\t<meta name=\"twitter:data1\" content=\"Wolfgang Giegerich\" \/>\n\t<meta name=\"twitter:label2\" content=\"Gesch\u00e4tzte Lesezeit\" \/>\n\t<meta name=\"twitter:data2\" content=\"12\u00a0Minuten\" \/>\n<script type=\"application\/ld+json\" class=\"yoast-schema-graph\">{\"@context\":\"https:\\\/\\\/schema.org\",\"@graph\":[{\"@type\":\"Article\",\"@id\":\"https:\\\/\\\/heimathub.de\\\/nilkheimer-geschichte-1998-bis-heute\\\/#article\",\"isPartOf\":{\"@id\":\"https:\\\/\\\/heimathub.de\\\/nilkheimer-geschichte-1998-bis-heute\\\/\"},\"author\":{\"name\":\"Wolfgang Giegerich\",\"@id\":\"https:\\\/\\\/heimathub.de\\\/#\\\/schema\\\/person\\\/51bdf2bac07cd347c83871ed59db3cff\"},\"headline\":\"Nilkheimer Geschichte \u2013 1998 bis heute\",\"datePublished\":\"2024-05-17T05:30:16+00:00\",\"dateModified\":\"2026-03-31T10:21:25+00:00\",\"mainEntityOfPage\":{\"@id\":\"https:\\\/\\\/heimathub.de\\\/nilkheimer-geschichte-1998-bis-heute\\\/\"},\"wordCount\":2252,\"commentCount\":0,\"articleSection\":[\"Fest- und Feiertage\",\"Alltag\",\"Arbeitsleben\",\"Freizeit\",\"Kunst und Kultur\",\"Politik\"],\"inLanguage\":\"de\",\"potentialAction\":[{\"@type\":\"CommentAction\",\"name\":\"Comment\",\"target\":[\"https:\\\/\\\/heimathub.de\\\/nilkheimer-geschichte-1998-bis-heute\\\/#respond\"]}]},{\"@type\":\"WebPage\",\"@id\":\"https:\\\/\\\/heimathub.de\\\/nilkheimer-geschichte-1998-bis-heute\\\/\",\"url\":\"https:\\\/\\\/heimathub.de\\\/nilkheimer-geschichte-1998-bis-heute\\\/\",\"name\":\"Nilkheimer Geschichte \u2013 1998 bis heute - heimat:hub\",\"isPartOf\":{\"@id\":\"https:\\\/\\\/heimathub.de\\\/#website\"},\"datePublished\":\"2024-05-17T05:30:16+00:00\",\"dateModified\":\"2026-03-31T10:21:25+00:00\",\"author\":{\"@id\":\"https:\\\/\\\/heimathub.de\\\/#\\\/schema\\\/person\\\/51bdf2bac07cd347c83871ed59db3cff\"},\"breadcrumb\":{\"@id\":\"https:\\\/\\\/heimathub.de\\\/nilkheimer-geschichte-1998-bis-heute\\\/#breadcrumb\"},\"inLanguage\":\"de\",\"potentialAction\":[{\"@type\":\"ReadAction\",\"target\":[\"https:\\\/\\\/heimathub.de\\\/nilkheimer-geschichte-1998-bis-heute\\\/\"]}]},{\"@type\":\"BreadcrumbList\",\"@id\":\"https:\\\/\\\/heimathub.de\\\/nilkheimer-geschichte-1998-bis-heute\\\/#breadcrumb\",\"itemListElement\":[{\"@type\":\"ListItem\",\"position\":1,\"name\":\"Startseite\",\"item\":\"https:\\\/\\\/heimathub.de\\\/\"},{\"@type\":\"ListItem\",\"position\":2,\"name\":\"Journal\",\"item\":\"https:\\\/\\\/heimathub.de\\\/journal\\\/\"},{\"@type\":\"ListItem\",\"position\":3,\"name\":\"Nilkheimer Geschichte \u2013 1998 bis heute\"}]},{\"@type\":\"WebSite\",\"@id\":\"https:\\\/\\\/heimathub.de\\\/#website\",\"url\":\"https:\\\/\\\/heimathub.de\\\/\",\"name\":\"heimat:hub\",\"description\":\"\",\"potentialAction\":[{\"@type\":\"SearchAction\",\"target\":{\"@type\":\"EntryPoint\",\"urlTemplate\":\"https:\\\/\\\/heimathub.de\\\/?s={search_term_string}\"},\"query-input\":{\"@type\":\"PropertyValueSpecification\",\"valueRequired\":true,\"valueName\":\"search_term_string\"}}],\"inLanguage\":\"de\"},{\"@type\":\"Person\",\"@id\":\"https:\\\/\\\/heimathub.de\\\/#\\\/schema\\\/person\\\/51bdf2bac07cd347c83871ed59db3cff\",\"name\":\"Wolfgang Giegerich\",\"image\":{\"@type\":\"ImageObject\",\"inLanguage\":\"de\",\"@id\":\"https:\\\/\\\/heimathub.de\\\/wp-content\\\/uploads\\\/tml-avatars\\\/05-2.jpg\",\"url\":\"https:\\\/\\\/heimathub.de\\\/wp-content\\\/uploads\\\/tml-avatars\\\/05-2.jpg\",\"contentUrl\":\"https:\\\/\\\/heimathub.de\\\/wp-content\\\/uploads\\\/tml-avatars\\\/05-2.jpg\",\"caption\":\"Wolfgang Giegerich\"},\"url\":\"https:\\\/\\\/heimathub.de\\\/author\\\/wolfgang-giegerich\\\/\"}]}<\/script>\n<!-- \/ Yoast SEO plugin. -->","yoast_head_json":{"title":"Nilkheimer Geschichte \u2013 1998 bis heute - heimat:hub","robots":{"index":"index","follow":"follow","max-snippet":"max-snippet:-1","max-image-preview":"max-image-preview:large","max-video-preview":"max-video-preview:-1"},"canonical":"https:\/\/heimathub.de\/nilkheimer-geschichte-1998-bis-heute\/","og_locale":"de_DE","og_type":"article","og_title":"Nilkheimer Geschichte \u2013 1998 bis heute - heimat:hub","og_description":"In vielen Nilkheimer Haushalten und im Stadt- und Stiftsarchiv der Stadt Aschaffenburg steht ein Buch im Regal mit dem Titel: \u201eNilkheim \u2013 von der christlichen Ursiedlung zum Stadtteil\u201c, zusammengestellt vom [&hellip;]","og_url":"https:\/\/heimathub.de\/nilkheimer-geschichte-1998-bis-heute\/","og_site_name":"heimat:hub","article_published_time":"2024-05-17T05:30:16+00:00","article_modified_time":"2026-03-31T10:21:25+00:00","author":"Wolfgang Giegerich","twitter_card":"summary_large_image","twitter_misc":{"Verfasst von":"Wolfgang Giegerich","Gesch\u00e4tzte Lesezeit":"12\u00a0Minuten"},"schema":{"@context":"https:\/\/schema.org","@graph":[{"@type":"Article","@id":"https:\/\/heimathub.de\/nilkheimer-geschichte-1998-bis-heute\/#article","isPartOf":{"@id":"https:\/\/heimathub.de\/nilkheimer-geschichte-1998-bis-heute\/"},"author":{"name":"Wolfgang Giegerich","@id":"https:\/\/heimathub.de\/#\/schema\/person\/51bdf2bac07cd347c83871ed59db3cff"},"headline":"Nilkheimer Geschichte \u2013 1998 bis heute","datePublished":"2024-05-17T05:30:16+00:00","dateModified":"2026-03-31T10:21:25+00:00","mainEntityOfPage":{"@id":"https:\/\/heimathub.de\/nilkheimer-geschichte-1998-bis-heute\/"},"wordCount":2252,"commentCount":0,"articleSection":["Fest- und Feiertage","Alltag","Arbeitsleben","Freizeit","Kunst und Kultur","Politik"],"inLanguage":"de","potentialAction":[{"@type":"CommentAction","name":"Comment","target":["https:\/\/heimathub.de\/nilkheimer-geschichte-1998-bis-heute\/#respond"]}]},{"@type":"WebPage","@id":"https:\/\/heimathub.de\/nilkheimer-geschichte-1998-bis-heute\/","url":"https:\/\/heimathub.de\/nilkheimer-geschichte-1998-bis-heute\/","name":"Nilkheimer Geschichte \u2013 1998 bis heute - heimat:hub","isPartOf":{"@id":"https:\/\/heimathub.de\/#website"},"datePublished":"2024-05-17T05:30:16+00:00","dateModified":"2026-03-31T10:21:25+00:00","author":{"@id":"https:\/\/heimathub.de\/#\/schema\/person\/51bdf2bac07cd347c83871ed59db3cff"},"breadcrumb":{"@id":"https:\/\/heimathub.de\/nilkheimer-geschichte-1998-bis-heute\/#breadcrumb"},"inLanguage":"de","potentialAction":[{"@type":"ReadAction","target":["https:\/\/heimathub.de\/nilkheimer-geschichte-1998-bis-heute\/"]}]},{"@type":"BreadcrumbList","@id":"https:\/\/heimathub.de\/nilkheimer-geschichte-1998-bis-heute\/#breadcrumb","itemListElement":[{"@type":"ListItem","position":1,"name":"Startseite","item":"https:\/\/heimathub.de\/"},{"@type":"ListItem","position":2,"name":"Journal","item":"https:\/\/heimathub.de\/journal\/"},{"@type":"ListItem","position":3,"name":"Nilkheimer Geschichte \u2013 1998 bis heute"}]},{"@type":"WebSite","@id":"https:\/\/heimathub.de\/#website","url":"https:\/\/heimathub.de\/","name":"heimat:hub","description":"","potentialAction":[{"@type":"SearchAction","target":{"@type":"EntryPoint","urlTemplate":"https:\/\/heimathub.de\/?s={search_term_string}"},"query-input":{"@type":"PropertyValueSpecification","valueRequired":true,"valueName":"search_term_string"}}],"inLanguage":"de"},{"@type":"Person","@id":"https:\/\/heimathub.de\/#\/schema\/person\/51bdf2bac07cd347c83871ed59db3cff","name":"Wolfgang Giegerich","image":{"@type":"ImageObject","inLanguage":"de","@id":"https:\/\/heimathub.de\/wp-content\/uploads\/tml-avatars\/05-2.jpg","url":"https:\/\/heimathub.de\/wp-content\/uploads\/tml-avatars\/05-2.jpg","contentUrl":"https:\/\/heimathub.de\/wp-content\/uploads\/tml-avatars\/05-2.jpg","caption":"Wolfgang Giegerich"},"url":"https:\/\/heimathub.de\/author\/wolfgang-giegerich\/"}]}},"_links":{"self":[{"href":"https:\/\/heimathub.de\/data\/wp\/v2\/posts\/13961","targetHints":{"allow":["GET"]}}],"collection":[{"href":"https:\/\/heimathub.de\/data\/wp\/v2\/posts"}],"about":[{"href":"https:\/\/heimathub.de\/data\/wp\/v2\/types\/post"}],"author":[{"embeddable":true,"href":"https:\/\/heimathub.de\/data\/wp\/v2\/users\/24"}],"replies":[{"embeddable":true,"href":"https:\/\/heimathub.de\/data\/wp\/v2\/comments?post=13961"}],"version-history":[{"count":20,"href":"https:\/\/heimathub.de\/data\/wp\/v2\/posts\/13961\/revisions"}],"predecessor-version":[{"id":21774,"href":"https:\/\/heimathub.de\/data\/wp\/v2\/posts\/13961\/revisions\/21774"}],"wp:attachment":[{"href":"https:\/\/heimathub.de\/data\/wp\/v2\/media?parent=13961"}],"wp:term":[{"taxonomy":"category","embeddable":true,"href":"https:\/\/heimathub.de\/data\/wp\/v2\/categories?post=13961"},{"taxonomy":"post_tag","embeddable":true,"href":"https:\/\/heimathub.de\/data\/wp\/v2\/tags?post=13961"},{"taxonomy":"format","embeddable":true,"href":"https:\/\/heimathub.de\/data\/wp\/v2\/post-format?post=13961"},{"taxonomy":"content","embeddable":true,"href":"https:\/\/heimathub.de\/data\/wp\/v2\/post-content?post=13961"}],"curies":[{"name":"wp","href":"https:\/\/api.w.org\/{rel}","templated":true}]}}