{"id":13731,"date":"2024-04-30T16:22:06","date_gmt":"2024-04-30T14:22:06","guid":{"rendered":"https:\/\/heimathub.de\/?p=13731"},"modified":"2024-05-02T21:12:18","modified_gmt":"2024-05-02T19:12:18","slug":"das-schloss-in-der-suenfte","status":"publish","type":"post","link":"https:\/\/heimathub.de\/das-schloss-in-der-suenfte\/","title":{"rendered":"Das Schlo\u00df in der S\u00fcnfte"},"content":{"rendered":"<p><strong>Das &#8222;Schlo\u00df in der S\u00fcnfte&#8220; <\/strong>&#8211; von Leo Weismantel.<\/p>\n<p><em>Wenn der Autofahrer \u00fcber Gem\u00fcnden am Main ins Tal der Sinn einbiegt, st\u00f6\u00dft er hinter dem Dorf Obersinn in den Reitgrund, ein Wiesental von besonderer Anmut. In diesem Grunde, an einer Stelle, an der eine Br\u00fccke \u00fcber die Wasser der Sinn auf die Westseite f\u00fchrt, wurde am 30. August 1964 ein gro\u00dfes Denkmal errichtet, in dessen Stein in knappen Versen die Sage vom &#8222;Schlo\u00df in der S\u00fcnfte&#8220; erz\u00e4hlt wird.<\/em><\/p>\n<p><em>Nun denn, als Kind war ich Zeuge der letzten Spinnstuben, im Speicher meines Elternhauses stand noch der Webstuhl vom ,,Herrle\u201c, dies war einer meiner Gro\u00dfv\u00e4ter. An solchen Abenden, die dann w\u00e4hrend meiner Kinderjahre versanken, h\u00f6rte ich als einer der Letzten von der Sage dieses Schlosses in der S\u00fcnfte.<\/em><\/p>\n<p><em>Da wurde erz\u00e4hlt:<\/em><\/p>\n<p><em>In alter Zeit, als das Tal noch voller S\u00fcmpfe und Seen war, im Tal, aber auch in den W\u00e4ldern, stand in der \u201eS\u00fcnfte\u201c ein Schloss, es stand mitten im See auf einem Felsengrund, der aus den Wassern herausragte. Die D\u00f6rfer rundum waren drei Jungfrauen zins- und steuerpflichtig. Die drei Jungfrauen lebten in Saus und Braus, zogen aus edlen St\u00e4nden Liebhaber herbei und f\u00fchrten in Schlemmerei und Zechgelagen ein S\u00fcndenleben zwischen all den D\u00f6rfern der Armen und Hungernden.<\/em><\/p>\n<p><em>Als sie eines Tages wieder ein solches Lasterfest feierten, es war eine gro\u00dfe Hungersnot im Lande, kam das Volk von Obersinn, die Alten, Greise und Greisinnen, M\u00e4nner und Frauen, junge Burschen und M\u00e4dchen und Kinder zu jenem See, in dessen Mitte das Schlo\u00df in der S\u00fcnfte stand.<\/em><\/p>\n<p><em>Da standen sie rundum, ausgemergelt, bleich und zitternd vor Hunger, aus dem Schlo\u00df aber drang die Musik der Geiger und Fl\u00f6ten und Posaunen, das Gestampfe und der Jubel der Tanzenden.<\/em><\/p>\n<p><em>Und schlie\u00dflich kamen die drei s\u00fcndhaften Jungfrauen mit ihren T\u00e4nzern auf einen Balkon, der \u00fcber den Wassern des Sees hing, sie sahen die Armen, die Hungernden, lachten und erg\u00f6tzten sich an diesem Anblick des Elends und lie\u00dfen dann K\u00f6rbe wei\u00dfer Brote herbeitragen und warfen die Brote hinaus in den See und riefen den Hungernden zu: \u201eFangt! Fangt! Wenn Ihr Hunger habt, lauft \u00fcber die Wasser des Sees und fangt auf das Brot!\u201c<\/em><\/p>\n<p><em>Die Hungernden aber standen starr vor Entsetzen, sie sahen die Brote, sie sahen den Frevel, sie standen da wie erstarrt.<\/em><\/p>\n<p><em>Da nun geschah es, dass aus der Tiefe des Waldes eine fremde Bettlerin kam, pl\u00f6tzlich stand sie am Ufer des Sees, dann schritt sie in das Wasser und die Wellen trugen sie und alle, die das sahen, erschraken, dass sie bei diesem Schauspiel, das jetzt geschah, kaum zu atmen wagten.<\/em><\/p>\n<p><em>Die m\u00e4rchenhafte Bettlerin fing die Brote auf, las die Brote auf, die auf dem Wasser schwammen und warf sie den Hungernden, die am Ufer standen, zu.<\/em><\/p>\n<p><em>Die s\u00fcndhaften drei Jungfrauen, obwohl vor Schrecken und Entsetzen starr, warfen immerzu das Brot in den See, die Bettlerin fing die Brote auf und stillte den Hunger der Armen. Und als der Hunger der Armen gestillt war, ging die Bettlerin in die Mitte des Sees, hob ihre Hand drohend gegen das Schlo\u00df der Frevler, da fielen die Lumpen, in die sie geh\u00fcllt war, von ihrem Leib, das Aussehen der alten Bettlerin verwandelte sich, da wurde sichtbar:<\/em><\/p>\n<p><em>In \u00fcberirdischer Herrlichkeit zeigte sie sich jetzt in ihrer wahren Gestalt: es war die m\u00fctterliche K\u00f6nigin des Himmels und der Erde, sie drohte Frevlern, die das Gottesgeschenk des Brotes gesch\u00e4ndet hatten, sie erhob sich \u00fcber die Erde, ein Donner rollte vom Himmel, in dem die Heilige sich erhob, die Erde begann zu beben, das Volk von Obersinn floh vor Schrecken in den Wald und die noch einmal zur\u00fcckblickten, sahen, wie der Fels, auf dem das Schlo\u00df in der S\u00fcnfte stand, sich spaltete, das Schlo\u00df mit den drei Jungfrauen und ihren Spie\u00dfgesellen in die Tiefe eines Abgrundes versank und die Wasser die tiefe Schlucht f\u00fcllten und Wolkenbr\u00fcche des Himmels die Grube dieses furchtbaren Grabes schlossen.<\/em><\/p>\n<p>Text: Prof. Dr. Leo Weismantel, bearbeitet von Alfred Andres<\/p>\n<p>Fotos: Alfred Andres<\/p>\n","protected":false},"excerpt":{"rendered":"<p>Das &#8222;Schlo\u00df in der S\u00fcnfte&#8220; &#8211; von Leo Weismantel. Wenn der Autofahrer \u00fcber Gem\u00fcnden am Main ins Tal der Sinn einbiegt, st\u00f6\u00dft er hinter dem Dorf Obersinn in den Reitgrund, [&hellip;]<\/p>\n","protected":false},"author":113,"featured_media":13730,"comment_status":"open","ping_status":"open","sticky":false,"template":"","format":"standard","meta":{"_acf_changed":false,"_price":"","_stock":"","_tribe_ticket_header":"","_tribe_default_ticket_provider":"","_tribe_ticket_capacity":"0","_ticket_start_date":"","_ticket_end_date":"","_tribe_ticket_show_description":"","_tribe_ticket_show_not_going":false,"_tribe_ticket_use_global_stock":"","_tribe_ticket_global_stock_level":"","_global_stock_mode":"","_global_stock_cap":"","_tribe_rsvp_for_event":"","_tribe_ticket_going_count":"","_tribe_ticket_not_going_count":"","_tribe_tickets_list":"[]","_tribe_ticket_has_attendee_info_fields":false,"footnotes":""},"categories":[965,10,17],"tags":[860,943,951,981,1281,224],"post-format":[],"post-content":[50,47],"class_list":["post-13731","post","type-post","status-publish","format-standard","has-post-thumbnail","hentry","category-kultur","category-denkmal","category-kunst-und-kultur","tag-obersinn","tag-leo-weismantel","tag-sagen","tag-schloss","tag-sage","tag-denkmal","content-image","content-text"],"acf":[],"yoast_head":"<!-- This site is optimized with the Yoast SEO plugin v27.5 - https:\/\/yoast.com\/product\/yoast-seo-wordpress\/ -->\n<title>Das Schlo\u00df in der S\u00fcnfte - heimat:hub<\/title>\n<meta name=\"robots\" content=\"index, follow, max-snippet:-1, max-image-preview:large, max-video-preview:-1\" \/>\n<link rel=\"canonical\" href=\"https:\/\/heimathub.de\/das-schloss-in-der-suenfte\/\" \/>\n<meta property=\"og:locale\" content=\"de_DE\" \/>\n<meta property=\"og:type\" content=\"article\" \/>\n<meta property=\"og:title\" content=\"Das Schlo\u00df in der S\u00fcnfte - heimat:hub\" \/>\n<meta property=\"og:description\" content=\"Das &#8222;Schlo\u00df in der S\u00fcnfte&#8220; &#8211; von Leo Weismantel. Wenn der Autofahrer \u00fcber Gem\u00fcnden am Main ins Tal der Sinn einbiegt, st\u00f6\u00dft er hinter dem Dorf Obersinn in den Reitgrund, [&hellip;]\" \/>\n<meta property=\"og:url\" content=\"https:\/\/heimathub.de\/das-schloss-in-der-suenfte\/\" \/>\n<meta property=\"og:site_name\" content=\"heimat:hub\" \/>\n<meta property=\"article:published_time\" content=\"2024-04-30T14:22:06+00:00\" \/>\n<meta property=\"article:modified_time\" content=\"2024-05-02T19:12:18+00:00\" \/>\n<meta property=\"og:image\" content=\"https:\/\/heimathub.de\/wp-content\/uploads\/2024\/04\/Denkmal.jpg\" \/>\n\t<meta property=\"og:image:width\" content=\"1704\" \/>\n\t<meta property=\"og:image:height\" content=\"2272\" \/>\n\t<meta property=\"og:image:type\" content=\"image\/jpeg\" \/>\n<meta name=\"author\" content=\"idru49\" \/>\n<meta name=\"twitter:card\" content=\"summary_large_image\" \/>\n<meta name=\"twitter:label1\" content=\"Verfasst von\" \/>\n\t<meta name=\"twitter:data1\" content=\"idru49\" \/>\n\t<meta name=\"twitter:label2\" content=\"Gesch\u00e4tzte Lesezeit\" \/>\n\t<meta name=\"twitter:data2\" content=\"4\u00a0Minuten\" \/>\n<script type=\"application\/ld+json\" class=\"yoast-schema-graph\">{\"@context\":\"https:\\\/\\\/schema.org\",\"@graph\":[{\"@type\":\"Article\",\"@id\":\"https:\\\/\\\/heimathub.de\\\/das-schloss-in-der-suenfte\\\/#article\",\"isPartOf\":{\"@id\":\"https:\\\/\\\/heimathub.de\\\/das-schloss-in-der-suenfte\\\/\"},\"author\":{\"name\":\"idru49\",\"@id\":\"https:\\\/\\\/heimathub.de\\\/#\\\/schema\\\/person\\\/700e07f3f1c11abd053517cabd118d1f\"},\"headline\":\"Das Schlo\u00df in der S\u00fcnfte\",\"datePublished\":\"2024-04-30T14:22:06+00:00\",\"dateModified\":\"2024-05-02T19:12:18+00:00\",\"mainEntityOfPage\":{\"@id\":\"https:\\\/\\\/heimathub.de\\\/das-schloss-in-der-suenfte\\\/\"},\"wordCount\":703,\"commentCount\":0,\"image\":{\"@id\":\"https:\\\/\\\/heimathub.de\\\/das-schloss-in-der-suenfte\\\/#primaryimage\"},\"thumbnailUrl\":\"https:\\\/\\\/heimathub.de\\\/wp-content\\\/uploads\\\/2024\\\/04\\\/Denkmal.jpg\",\"keywords\":[\"Obersinn\",\"Leo Weismantel\",\"Sagen\",\"Schloss\",\"Sage\",\"Denkmal\"],\"articleSection\":[\"Kultur\",\"Denkmal\",\"Kunst und Kultur\"],\"inLanguage\":\"de\",\"potentialAction\":[{\"@type\":\"CommentAction\",\"name\":\"Comment\",\"target\":[\"https:\\\/\\\/heimathub.de\\\/das-schloss-in-der-suenfte\\\/#respond\"]}]},{\"@type\":\"WebPage\",\"@id\":\"https:\\\/\\\/heimathub.de\\\/das-schloss-in-der-suenfte\\\/\",\"url\":\"https:\\\/\\\/heimathub.de\\\/das-schloss-in-der-suenfte\\\/\",\"name\":\"Das Schlo\u00df in der S\u00fcnfte - heimat:hub\",\"isPartOf\":{\"@id\":\"https:\\\/\\\/heimathub.de\\\/#website\"},\"primaryImageOfPage\":{\"@id\":\"https:\\\/\\\/heimathub.de\\\/das-schloss-in-der-suenfte\\\/#primaryimage\"},\"image\":{\"@id\":\"https:\\\/\\\/heimathub.de\\\/das-schloss-in-der-suenfte\\\/#primaryimage\"},\"thumbnailUrl\":\"https:\\\/\\\/heimathub.de\\\/wp-content\\\/uploads\\\/2024\\\/04\\\/Denkmal.jpg\",\"datePublished\":\"2024-04-30T14:22:06+00:00\",\"dateModified\":\"2024-05-02T19:12:18+00:00\",\"author\":{\"@id\":\"https:\\\/\\\/heimathub.de\\\/#\\\/schema\\\/person\\\/700e07f3f1c11abd053517cabd118d1f\"},\"breadcrumb\":{\"@id\":\"https:\\\/\\\/heimathub.de\\\/das-schloss-in-der-suenfte\\\/#breadcrumb\"},\"inLanguage\":\"de\",\"potentialAction\":[{\"@type\":\"ReadAction\",\"target\":[\"https:\\\/\\\/heimathub.de\\\/das-schloss-in-der-suenfte\\\/\"]}]},{\"@type\":\"ImageObject\",\"inLanguage\":\"de\",\"@id\":\"https:\\\/\\\/heimathub.de\\\/das-schloss-in-der-suenfte\\\/#primaryimage\",\"url\":\"https:\\\/\\\/heimathub.de\\\/wp-content\\\/uploads\\\/2024\\\/04\\\/Denkmal.jpg\",\"contentUrl\":\"https:\\\/\\\/heimathub.de\\\/wp-content\\\/uploads\\\/2024\\\/04\\\/Denkmal.jpg\",\"width\":1704,\"height\":2272,\"caption\":\"Denkmal im Reitgrund Obersinn\"},{\"@type\":\"BreadcrumbList\",\"@id\":\"https:\\\/\\\/heimathub.de\\\/das-schloss-in-der-suenfte\\\/#breadcrumb\",\"itemListElement\":[{\"@type\":\"ListItem\",\"position\":1,\"name\":\"Startseite\",\"item\":\"https:\\\/\\\/heimathub.de\\\/\"},{\"@type\":\"ListItem\",\"position\":2,\"name\":\"Journal\",\"item\":\"https:\\\/\\\/heimathub.de\\\/journal\\\/\"},{\"@type\":\"ListItem\",\"position\":3,\"name\":\"Das Schlo\u00df in der S\u00fcnfte\"}]},{\"@type\":\"WebSite\",\"@id\":\"https:\\\/\\\/heimathub.de\\\/#website\",\"url\":\"https:\\\/\\\/heimathub.de\\\/\",\"name\":\"heimat:hub\",\"description\":\"\",\"potentialAction\":[{\"@type\":\"SearchAction\",\"target\":{\"@type\":\"EntryPoint\",\"urlTemplate\":\"https:\\\/\\\/heimathub.de\\\/?s={search_term_string}\"},\"query-input\":{\"@type\":\"PropertyValueSpecification\",\"valueRequired\":true,\"valueName\":\"search_term_string\"}}],\"inLanguage\":\"de\"},{\"@type\":\"Person\",\"@id\":\"https:\\\/\\\/heimathub.de\\\/#\\\/schema\\\/person\\\/700e07f3f1c11abd053517cabd118d1f\",\"name\":\"idru49\",\"image\":{\"@type\":\"ImageObject\",\"inLanguage\":\"de\",\"@id\":\"https:\\\/\\\/heimathub.de\\\/wp-content\\\/uploads\\\/tml-avatars\\\/dsc_0661_obersinn.jpg\",\"url\":\"https:\\\/\\\/heimathub.de\\\/wp-content\\\/uploads\\\/tml-avatars\\\/dsc_0661_obersinn.jpg\",\"contentUrl\":\"https:\\\/\\\/heimathub.de\\\/wp-content\\\/uploads\\\/tml-avatars\\\/dsc_0661_obersinn.jpg\",\"caption\":\"idru49\"},\"url\":\"https:\\\/\\\/heimathub.de\\\/author\\\/idru49\\\/\"}]}<\/script>\n<!-- \/ Yoast SEO plugin. -->","yoast_head_json":{"title":"Das Schlo\u00df in der S\u00fcnfte - heimat:hub","robots":{"index":"index","follow":"follow","max-snippet":"max-snippet:-1","max-image-preview":"max-image-preview:large","max-video-preview":"max-video-preview:-1"},"canonical":"https:\/\/heimathub.de\/das-schloss-in-der-suenfte\/","og_locale":"de_DE","og_type":"article","og_title":"Das Schlo\u00df in der S\u00fcnfte - heimat:hub","og_description":"Das &#8222;Schlo\u00df in der S\u00fcnfte&#8220; &#8211; von Leo Weismantel. Wenn der Autofahrer \u00fcber Gem\u00fcnden am Main ins Tal der Sinn einbiegt, st\u00f6\u00dft er hinter dem Dorf Obersinn in den Reitgrund, [&hellip;]","og_url":"https:\/\/heimathub.de\/das-schloss-in-der-suenfte\/","og_site_name":"heimat:hub","article_published_time":"2024-04-30T14:22:06+00:00","article_modified_time":"2024-05-02T19:12:18+00:00","og_image":[{"width":1704,"height":2272,"url":"https:\/\/heimathub.de\/wp-content\/uploads\/2024\/04\/Denkmal.jpg","type":"image\/jpeg"}],"author":"idru49","twitter_card":"summary_large_image","twitter_misc":{"Verfasst von":"idru49","Gesch\u00e4tzte Lesezeit":"4\u00a0Minuten"},"schema":{"@context":"https:\/\/schema.org","@graph":[{"@type":"Article","@id":"https:\/\/heimathub.de\/das-schloss-in-der-suenfte\/#article","isPartOf":{"@id":"https:\/\/heimathub.de\/das-schloss-in-der-suenfte\/"},"author":{"name":"idru49","@id":"https:\/\/heimathub.de\/#\/schema\/person\/700e07f3f1c11abd053517cabd118d1f"},"headline":"Das Schlo\u00df in der S\u00fcnfte","datePublished":"2024-04-30T14:22:06+00:00","dateModified":"2024-05-02T19:12:18+00:00","mainEntityOfPage":{"@id":"https:\/\/heimathub.de\/das-schloss-in-der-suenfte\/"},"wordCount":703,"commentCount":0,"image":{"@id":"https:\/\/heimathub.de\/das-schloss-in-der-suenfte\/#primaryimage"},"thumbnailUrl":"https:\/\/heimathub.de\/wp-content\/uploads\/2024\/04\/Denkmal.jpg","keywords":["Obersinn","Leo Weismantel","Sagen","Schloss","Sage","Denkmal"],"articleSection":["Kultur","Denkmal","Kunst und Kultur"],"inLanguage":"de","potentialAction":[{"@type":"CommentAction","name":"Comment","target":["https:\/\/heimathub.de\/das-schloss-in-der-suenfte\/#respond"]}]},{"@type":"WebPage","@id":"https:\/\/heimathub.de\/das-schloss-in-der-suenfte\/","url":"https:\/\/heimathub.de\/das-schloss-in-der-suenfte\/","name":"Das Schlo\u00df in der S\u00fcnfte - heimat:hub","isPartOf":{"@id":"https:\/\/heimathub.de\/#website"},"primaryImageOfPage":{"@id":"https:\/\/heimathub.de\/das-schloss-in-der-suenfte\/#primaryimage"},"image":{"@id":"https:\/\/heimathub.de\/das-schloss-in-der-suenfte\/#primaryimage"},"thumbnailUrl":"https:\/\/heimathub.de\/wp-content\/uploads\/2024\/04\/Denkmal.jpg","datePublished":"2024-04-30T14:22:06+00:00","dateModified":"2024-05-02T19:12:18+00:00","author":{"@id":"https:\/\/heimathub.de\/#\/schema\/person\/700e07f3f1c11abd053517cabd118d1f"},"breadcrumb":{"@id":"https:\/\/heimathub.de\/das-schloss-in-der-suenfte\/#breadcrumb"},"inLanguage":"de","potentialAction":[{"@type":"ReadAction","target":["https:\/\/heimathub.de\/das-schloss-in-der-suenfte\/"]}]},{"@type":"ImageObject","inLanguage":"de","@id":"https:\/\/heimathub.de\/das-schloss-in-der-suenfte\/#primaryimage","url":"https:\/\/heimathub.de\/wp-content\/uploads\/2024\/04\/Denkmal.jpg","contentUrl":"https:\/\/heimathub.de\/wp-content\/uploads\/2024\/04\/Denkmal.jpg","width":1704,"height":2272,"caption":"Denkmal im Reitgrund Obersinn"},{"@type":"BreadcrumbList","@id":"https:\/\/heimathub.de\/das-schloss-in-der-suenfte\/#breadcrumb","itemListElement":[{"@type":"ListItem","position":1,"name":"Startseite","item":"https:\/\/heimathub.de\/"},{"@type":"ListItem","position":2,"name":"Journal","item":"https:\/\/heimathub.de\/journal\/"},{"@type":"ListItem","position":3,"name":"Das Schlo\u00df in der S\u00fcnfte"}]},{"@type":"WebSite","@id":"https:\/\/heimathub.de\/#website","url":"https:\/\/heimathub.de\/","name":"heimat:hub","description":"","potentialAction":[{"@type":"SearchAction","target":{"@type":"EntryPoint","urlTemplate":"https:\/\/heimathub.de\/?s={search_term_string}"},"query-input":{"@type":"PropertyValueSpecification","valueRequired":true,"valueName":"search_term_string"}}],"inLanguage":"de"},{"@type":"Person","@id":"https:\/\/heimathub.de\/#\/schema\/person\/700e07f3f1c11abd053517cabd118d1f","name":"idru49","image":{"@type":"ImageObject","inLanguage":"de","@id":"https:\/\/heimathub.de\/wp-content\/uploads\/tml-avatars\/dsc_0661_obersinn.jpg","url":"https:\/\/heimathub.de\/wp-content\/uploads\/tml-avatars\/dsc_0661_obersinn.jpg","contentUrl":"https:\/\/heimathub.de\/wp-content\/uploads\/tml-avatars\/dsc_0661_obersinn.jpg","caption":"idru49"},"url":"https:\/\/heimathub.de\/author\/idru49\/"}]}},"_links":{"self":[{"href":"https:\/\/heimathub.de\/data\/wp\/v2\/posts\/13731","targetHints":{"allow":["GET"]}}],"collection":[{"href":"https:\/\/heimathub.de\/data\/wp\/v2\/posts"}],"about":[{"href":"https:\/\/heimathub.de\/data\/wp\/v2\/types\/post"}],"author":[{"embeddable":true,"href":"https:\/\/heimathub.de\/data\/wp\/v2\/users\/113"}],"replies":[{"embeddable":true,"href":"https:\/\/heimathub.de\/data\/wp\/v2\/comments?post=13731"}],"version-history":[{"count":5,"href":"https:\/\/heimathub.de\/data\/wp\/v2\/posts\/13731\/revisions"}],"predecessor-version":[{"id":13897,"href":"https:\/\/heimathub.de\/data\/wp\/v2\/posts\/13731\/revisions\/13897"}],"wp:featuredmedia":[{"embeddable":true,"href":"https:\/\/heimathub.de\/data\/wp\/v2\/media\/13730"}],"wp:attachment":[{"href":"https:\/\/heimathub.de\/data\/wp\/v2\/media?parent=13731"}],"wp:term":[{"taxonomy":"category","embeddable":true,"href":"https:\/\/heimathub.de\/data\/wp\/v2\/categories?post=13731"},{"taxonomy":"post_tag","embeddable":true,"href":"https:\/\/heimathub.de\/data\/wp\/v2\/tags?post=13731"},{"taxonomy":"format","embeddable":true,"href":"https:\/\/heimathub.de\/data\/wp\/v2\/post-format?post=13731"},{"taxonomy":"content","embeddable":true,"href":"https:\/\/heimathub.de\/data\/wp\/v2\/post-content?post=13731"}],"curies":[{"name":"wp","href":"https:\/\/api.w.org\/{rel}","templated":true}]}}