{"id":13453,"date":"2020-08-10T11:06:34","date_gmt":"2020-08-10T09:06:34","guid":{"rendered":"https:\/\/heimathub.de\/kindheit-in-aschaffenburg-zwischen-schule-und-krieg\/"},"modified":"2024-04-04T15:23:48","modified_gmt":"2024-04-04T13:23:48","slug":"kindheit-in-aschaffenburg-zwischen-schule-und-krieg","status":"publish","type":"post","link":"https:\/\/heimathub.de\/kindheit-in-aschaffenburg-zwischen-schule-und-krieg\/","title":{"rendered":"Kindheit in Aschaffenburg &#8211; Zwischen Schule und Krieg"},"content":{"rendered":"<p>Kindheit in Aschaffenburg \u2013 was bedeutet das? Woran erinnern sich die Aschaffenburger*innen, wenn sie an ihre Kindertage zur\u00fcckdenken? Welche Orte, Personen und Ereignisse sind bis heute in der Erinnerung pr\u00e4sent? Diesen Fragen ist die Ausstellung \u201eKinder- und Jugendzeit in Aschaffenburg\u201c im Jahr 2010 nachgegangen.<\/p>\n<p>Einige der eingereichten Erz\u00e4hlungen und Bilder werden nun hier erneut pr\u00e4sentiert.<\/p>\n<p>&nbsp;<\/p>\n<p>In diesem Beitrag erz\u00e4hlt Elisabeth Morhard (1934-2020) aus ihrer Kindheit.<\/p>\n<p>Im Juli 1934 wurde ich in Aschaffenburg geboren und wohnte mit meinen Eltern und meiner gr\u00f6\u00dferen Schwester in einem 4-Familienhaus in der Hettingerstra\u00dfe. Ab meinem vierten Lebensjahr besuchte ich den Kindergarten in der Schweinheimer Stra\u00dfe; in die Volksschule kam ich im Herbst 1941, zwei Jahre nach Kriegsbeginn. Bedingt durch die Kriegsverh\u00e4ltnisse waren die Schulklassen wechselweise in verschiedenen Geb\u00e4uden untergebracht. Zur Ersten Heiligen Kommunion ging ich am Ostermontag 1944 in der Stiftskirche. Mein Kommunionkleid n\u00e4hte mir meine Mutter aus noch vorhandenem Stoff, meine Schuhe wurden von meinem Gro\u00dfvater, der Schuhmachermeister war, aus Leinentuch angefertigt.<\/p>\n<p>Sch\u00f6ne Spielpl\u00e4tze wie heute oder M\u00f6glichkeiten zur Begegnung mit Freundinnen gab es nach meiner Erinnerung nicht. Wir trafen uns Zuhause oder in den H\u00f6fen der Wohnh\u00e4user zum Spielen. Auch Spielsachen waren rar: Ich besa\u00df immerhin eine Puppe und einen Teddyb\u00e4ren und durfte den Puppenwagen meiner Schwester benutzen.<\/p>\n<p>Mit Schrecken denke ich noch an die Bomben, die im November 1943 auf Schweinheimer Gel\u00e4nde fielen. Gro\u00dfe Angst stand ich aus, als eine Luftmine in n\u00e4chster N\u00e4he, n\u00e4mlich am 30. September 1944, am Brentanoplatz niederging. Wir hielten uns mit den \u00fcbrigen Hausbewohnern in dem einfachen Keller unseres Wohnhauses auf, der eigentlich keinen Schutz bieten konnte. Die W\u00e4nde br\u00f6ckelten von der Ersch\u00fctterung ab und alle standen Todesangst aus. Das Schlimmste f\u00fcr mich war die Gasmaske aufzusetzen, doch es musste sein. Ende 1944 h\u00e4uften sich die Bombenangriffe auf unsere Stadt immer mehr, so dass meine Eltern beschlossen, zu meinen Gro\u00dfeltern nach Wenigumstadt im Bachgau zu ziehen. Dort wohnten wir zwar r\u00e4umlich sehr beengt, doch wir f\u00fchlten uns auf dem Land etwas sicherer. Hier ging ich weiter zur Volksschule, wo allerdings drei Jahrg\u00e4nge in einer Klasse \u2013 Jungen und M\u00e4dchen \u2013 unterrichtet wurden. Bald hatte ich neue Freundinnen gefunden und ich f\u00fchlte mich recht wohl.<\/p>\n<p>1948 trat ich dann in die \u201eDreiklassige Mittelschule f\u00fcr M\u00e4dchen des Instituts der Englischen Fr\u00e4ulein\u201c, heute Maria-Ward-Schule, \u00fcber. Der Schulwechsel bedeutete f\u00fcr mich, dass ich Fahrsch\u00fclerin wurde. Da vom Ort aus keine passenden Busse verkehrten, war ich wie auch die Berufst\u00e4tigen gezwungen, in aller Fr\u00fche zum dortigen Bahnhof zu laufen, der von unserem Wohnhaus zwei Kilometer entfernt lag. Das hie\u00df, t\u00e4glich den einzigen Bummelzug aus H\u00f6chst\/Odenwald um 6 Uhr fr\u00fch zu erreichen. Das galt im Sommer wie auch an kalten Wintertagen, bei Wind und Wetter, auch h\u00e4ufig bei Schnee und Eis. Zudem war die Bekleidung kurz nach dem Krieg immer noch sehr d\u00fcrftig; warme Anoraks oder Stiefel wie heute besa\u00df man nicht. Bei Glatteis musste ich alte Wollsocken \u00fcber die Schuhe ziehen, um etwas Halt auf der langen Chaussee zu haben.<\/p>\n<p>Meine nicht unbeschwerte Kinder- und Jugendzeit endete, als ich 17-j\u00e4hrig, 1951, meine erste Arbeitsstelle als Verwaltungsangestellte im Arbeitsamt antrat.<\/p>\n<p>&nbsp;<\/p>\n","protected":false},"excerpt":{"rendered":"<p>Kindheit in Aschaffenburg \u2013 was bedeutet das? Woran erinnern sich die Aschaffenburger*innen, wenn sie an ihre Kindertage zur\u00fcckdenken? Welche Orte, Personen und Ereignisse sind bis heute in der Erinnerung pr\u00e4sent? [&hellip;]<\/p>\n","protected":false},"author":123,"featured_media":0,"comment_status":"open","ping_status":"open","sticky":false,"template":"","format":"standard","meta":{"_acf_changed":false,"_price":"","_stock":"","_tribe_ticket_header":"","_tribe_default_ticket_provider":"","_tribe_ticket_capacity":"0","_ticket_start_date":"","_ticket_end_date":"","_tribe_ticket_show_description":"","_tribe_ticket_show_not_going":false,"_tribe_ticket_use_global_stock":"","_tribe_ticket_global_stock_level":"","_global_stock_mode":"","_global_stock_cap":"","_tribe_rsvp_for_event":"","_tribe_ticket_going_count":"","_tribe_ticket_not_going_count":"","_tribe_tickets_list":"[]","_tribe_ticket_has_attendee_info_fields":false,"footnotes":""},"categories":[960,987,959],"tags":[1260,201,289,1032,1040],"post-format":[],"post-content":[50],"class_list":["post-13453","post","type-post","status-publish","format-standard","hentry","category-leben","category-persoenliches","category-geschichte","tag-kommunion","tag-krieg","tag-erinnerung","tag-kindheit","tag-schule","content-image"],"acf":[],"yoast_head":"<!-- This site is optimized with the Yoast SEO plugin v27.4 - https:\/\/yoast.com\/product\/yoast-seo-wordpress\/ -->\n<title>Kindheit in Aschaffenburg &#8211; Zwischen Schule und Krieg - heimat:hub<\/title>\n<meta name=\"robots\" content=\"index, follow, max-snippet:-1, max-image-preview:large, max-video-preview:-1\" \/>\n<link rel=\"canonical\" href=\"https:\/\/heimathub.de\/kindheit-in-aschaffenburg-zwischen-schule-und-krieg\/\" \/>\n<meta property=\"og:locale\" content=\"de_DE\" \/>\n<meta property=\"og:type\" content=\"article\" \/>\n<meta property=\"og:title\" content=\"Kindheit in Aschaffenburg &#8211; Zwischen Schule und Krieg - heimat:hub\" \/>\n<meta property=\"og:description\" content=\"Kindheit in Aschaffenburg \u2013 was bedeutet das? Woran erinnern sich die Aschaffenburger*innen, wenn sie an ihre Kindertage zur\u00fcckdenken? Welche Orte, Personen und Ereignisse sind bis heute in der Erinnerung pr\u00e4sent? [&hellip;]\" \/>\n<meta property=\"og:url\" content=\"https:\/\/heimathub.de\/kindheit-in-aschaffenburg-zwischen-schule-und-krieg\/\" \/>\n<meta property=\"og:site_name\" content=\"heimat:hub\" \/>\n<meta property=\"article:published_time\" content=\"2020-08-10T09:06:34+00:00\" \/>\n<meta property=\"article:modified_time\" content=\"2024-04-04T13:23:48+00:00\" \/>\n<meta name=\"author\" content=\"server\" \/>\n<meta name=\"twitter:card\" content=\"summary_large_image\" \/>\n<meta name=\"twitter:label1\" content=\"Verfasst von\" \/>\n\t<meta name=\"twitter:data1\" content=\"server\" \/>\n\t<meta name=\"twitter:label2\" content=\"Gesch\u00e4tzte Lesezeit\" \/>\n\t<meta name=\"twitter:data2\" content=\"3\u00a0Minuten\" \/>\n<script type=\"application\/ld+json\" class=\"yoast-schema-graph\">{\"@context\":\"https:\\\/\\\/schema.org\",\"@graph\":[{\"@type\":\"Article\",\"@id\":\"https:\\\/\\\/heimathub.de\\\/kindheit-in-aschaffenburg-zwischen-schule-und-krieg\\\/#article\",\"isPartOf\":{\"@id\":\"https:\\\/\\\/heimathub.de\\\/kindheit-in-aschaffenburg-zwischen-schule-und-krieg\\\/\"},\"author\":{\"name\":\"server\",\"@id\":\"https:\\\/\\\/heimathub.de\\\/#\\\/schema\\\/person\\\/d826aa09cb17988a4c9cce11f0f8087e\"},\"headline\":\"Kindheit in Aschaffenburg &#8211; Zwischen Schule und Krieg\",\"datePublished\":\"2020-08-10T09:06:34+00:00\",\"dateModified\":\"2024-04-04T13:23:48+00:00\",\"mainEntityOfPage\":{\"@id\":\"https:\\\/\\\/heimathub.de\\\/kindheit-in-aschaffenburg-zwischen-schule-und-krieg\\\/\"},\"wordCount\":551,\"commentCount\":0,\"keywords\":[\"Kommunion\",\"Krieg\",\"Erinnerung\",\"Kindheit\",\"Schule\"],\"articleSection\":[\"Leben\",\"Pers\u00f6nliches\",\"Geschichte\"],\"inLanguage\":\"de\",\"potentialAction\":[{\"@type\":\"CommentAction\",\"name\":\"Comment\",\"target\":[\"https:\\\/\\\/heimathub.de\\\/kindheit-in-aschaffenburg-zwischen-schule-und-krieg\\\/#respond\"]}]},{\"@type\":\"WebPage\",\"@id\":\"https:\\\/\\\/heimathub.de\\\/kindheit-in-aschaffenburg-zwischen-schule-und-krieg\\\/\",\"url\":\"https:\\\/\\\/heimathub.de\\\/kindheit-in-aschaffenburg-zwischen-schule-und-krieg\\\/\",\"name\":\"Kindheit in Aschaffenburg &#8211; Zwischen Schule und Krieg - heimat:hub\",\"isPartOf\":{\"@id\":\"https:\\\/\\\/heimathub.de\\\/#website\"},\"datePublished\":\"2020-08-10T09:06:34+00:00\",\"dateModified\":\"2024-04-04T13:23:48+00:00\",\"author\":{\"@id\":\"https:\\\/\\\/heimathub.de\\\/#\\\/schema\\\/person\\\/d826aa09cb17988a4c9cce11f0f8087e\"},\"breadcrumb\":{\"@id\":\"https:\\\/\\\/heimathub.de\\\/kindheit-in-aschaffenburg-zwischen-schule-und-krieg\\\/#breadcrumb\"},\"inLanguage\":\"de\",\"potentialAction\":[{\"@type\":\"ReadAction\",\"target\":[\"https:\\\/\\\/heimathub.de\\\/kindheit-in-aschaffenburg-zwischen-schule-und-krieg\\\/\"]}]},{\"@type\":\"BreadcrumbList\",\"@id\":\"https:\\\/\\\/heimathub.de\\\/kindheit-in-aschaffenburg-zwischen-schule-und-krieg\\\/#breadcrumb\",\"itemListElement\":[{\"@type\":\"ListItem\",\"position\":1,\"name\":\"Startseite\",\"item\":\"https:\\\/\\\/heimathub.de\\\/\"},{\"@type\":\"ListItem\",\"position\":2,\"name\":\"Journal\",\"item\":\"https:\\\/\\\/heimathub.de\\\/journal\\\/\"},{\"@type\":\"ListItem\",\"position\":3,\"name\":\"Kindheit in Aschaffenburg &#8211; Zwischen Schule und Krieg\"}]},{\"@type\":\"WebSite\",\"@id\":\"https:\\\/\\\/heimathub.de\\\/#website\",\"url\":\"https:\\\/\\\/heimathub.de\\\/\",\"name\":\"heimat:hub\",\"description\":\"\",\"potentialAction\":[{\"@type\":\"SearchAction\",\"target\":{\"@type\":\"EntryPoint\",\"urlTemplate\":\"https:\\\/\\\/heimathub.de\\\/?s={search_term_string}\"},\"query-input\":{\"@type\":\"PropertyValueSpecification\",\"valueRequired\":true,\"valueName\":\"search_term_string\"}}],\"inLanguage\":\"de\"},{\"@type\":\"Person\",\"@id\":\"https:\\\/\\\/heimathub.de\\\/#\\\/schema\\\/person\\\/d826aa09cb17988a4c9cce11f0f8087e\",\"name\":\"server\",\"image\":{\"@type\":\"ImageObject\",\"inLanguage\":\"de\",\"@id\":\"https:\\\/\\\/secure.gravatar.com\\\/avatar\\\/6de59cac448c3b1f248b962f14b78d2970fa5b1d2f1d07ab5891a5722757b424?s=96&d=https%3A%2F%2Fheimathub.de%2Fwp-content%2Fthemes%2Fheimathub%2Fassets%2Fimg%2Fuser.png&r=g\",\"url\":\"https:\\\/\\\/secure.gravatar.com\\\/avatar\\\/6de59cac448c3b1f248b962f14b78d2970fa5b1d2f1d07ab5891a5722757b424?s=96&d=https%3A%2F%2Fheimathub.de%2Fwp-content%2Fthemes%2Fheimathub%2Fassets%2Fimg%2Fuser.png&r=g\",\"contentUrl\":\"https:\\\/\\\/secure.gravatar.com\\\/avatar\\\/6de59cac448c3b1f248b962f14b78d2970fa5b1d2f1d07ab5891a5722757b424?s=96&d=https%3A%2F%2Fheimathub.de%2Fwp-content%2Fthemes%2Fheimathub%2Fassets%2Fimg%2Fuser.png&r=g\",\"caption\":\"server\"},\"url\":\"https:\\\/\\\/heimathub.de\\\/author\\\/server\\\/\"}]}<\/script>\n<!-- \/ Yoast SEO plugin. -->","yoast_head_json":{"title":"Kindheit in Aschaffenburg &#8211; Zwischen Schule und Krieg - heimat:hub","robots":{"index":"index","follow":"follow","max-snippet":"max-snippet:-1","max-image-preview":"max-image-preview:large","max-video-preview":"max-video-preview:-1"},"canonical":"https:\/\/heimathub.de\/kindheit-in-aschaffenburg-zwischen-schule-und-krieg\/","og_locale":"de_DE","og_type":"article","og_title":"Kindheit in Aschaffenburg &#8211; Zwischen Schule und Krieg - heimat:hub","og_description":"Kindheit in Aschaffenburg \u2013 was bedeutet das? Woran erinnern sich die Aschaffenburger*innen, wenn sie an ihre Kindertage zur\u00fcckdenken? Welche Orte, Personen und Ereignisse sind bis heute in der Erinnerung pr\u00e4sent? [&hellip;]","og_url":"https:\/\/heimathub.de\/kindheit-in-aschaffenburg-zwischen-schule-und-krieg\/","og_site_name":"heimat:hub","article_published_time":"2020-08-10T09:06:34+00:00","article_modified_time":"2024-04-04T13:23:48+00:00","author":"server","twitter_card":"summary_large_image","twitter_misc":{"Verfasst von":"server","Gesch\u00e4tzte Lesezeit":"3\u00a0Minuten"},"schema":{"@context":"https:\/\/schema.org","@graph":[{"@type":"Article","@id":"https:\/\/heimathub.de\/kindheit-in-aschaffenburg-zwischen-schule-und-krieg\/#article","isPartOf":{"@id":"https:\/\/heimathub.de\/kindheit-in-aschaffenburg-zwischen-schule-und-krieg\/"},"author":{"name":"server","@id":"https:\/\/heimathub.de\/#\/schema\/person\/d826aa09cb17988a4c9cce11f0f8087e"},"headline":"Kindheit in Aschaffenburg &#8211; Zwischen Schule und Krieg","datePublished":"2020-08-10T09:06:34+00:00","dateModified":"2024-04-04T13:23:48+00:00","mainEntityOfPage":{"@id":"https:\/\/heimathub.de\/kindheit-in-aschaffenburg-zwischen-schule-und-krieg\/"},"wordCount":551,"commentCount":0,"keywords":["Kommunion","Krieg","Erinnerung","Kindheit","Schule"],"articleSection":["Leben","Pers\u00f6nliches","Geschichte"],"inLanguage":"de","potentialAction":[{"@type":"CommentAction","name":"Comment","target":["https:\/\/heimathub.de\/kindheit-in-aschaffenburg-zwischen-schule-und-krieg\/#respond"]}]},{"@type":"WebPage","@id":"https:\/\/heimathub.de\/kindheit-in-aschaffenburg-zwischen-schule-und-krieg\/","url":"https:\/\/heimathub.de\/kindheit-in-aschaffenburg-zwischen-schule-und-krieg\/","name":"Kindheit in Aschaffenburg &#8211; Zwischen Schule und Krieg - heimat:hub","isPartOf":{"@id":"https:\/\/heimathub.de\/#website"},"datePublished":"2020-08-10T09:06:34+00:00","dateModified":"2024-04-04T13:23:48+00:00","author":{"@id":"https:\/\/heimathub.de\/#\/schema\/person\/d826aa09cb17988a4c9cce11f0f8087e"},"breadcrumb":{"@id":"https:\/\/heimathub.de\/kindheit-in-aschaffenburg-zwischen-schule-und-krieg\/#breadcrumb"},"inLanguage":"de","potentialAction":[{"@type":"ReadAction","target":["https:\/\/heimathub.de\/kindheit-in-aschaffenburg-zwischen-schule-und-krieg\/"]}]},{"@type":"BreadcrumbList","@id":"https:\/\/heimathub.de\/kindheit-in-aschaffenburg-zwischen-schule-und-krieg\/#breadcrumb","itemListElement":[{"@type":"ListItem","position":1,"name":"Startseite","item":"https:\/\/heimathub.de\/"},{"@type":"ListItem","position":2,"name":"Journal","item":"https:\/\/heimathub.de\/journal\/"},{"@type":"ListItem","position":3,"name":"Kindheit in Aschaffenburg &#8211; Zwischen Schule und Krieg"}]},{"@type":"WebSite","@id":"https:\/\/heimathub.de\/#website","url":"https:\/\/heimathub.de\/","name":"heimat:hub","description":"","potentialAction":[{"@type":"SearchAction","target":{"@type":"EntryPoint","urlTemplate":"https:\/\/heimathub.de\/?s={search_term_string}"},"query-input":{"@type":"PropertyValueSpecification","valueRequired":true,"valueName":"search_term_string"}}],"inLanguage":"de"},{"@type":"Person","@id":"https:\/\/heimathub.de\/#\/schema\/person\/d826aa09cb17988a4c9cce11f0f8087e","name":"server","image":{"@type":"ImageObject","inLanguage":"de","@id":"https:\/\/secure.gravatar.com\/avatar\/6de59cac448c3b1f248b962f14b78d2970fa5b1d2f1d07ab5891a5722757b424?s=96&d=https%3A%2F%2Fheimathub.de%2Fwp-content%2Fthemes%2Fheimathub%2Fassets%2Fimg%2Fuser.png&r=g","url":"https:\/\/secure.gravatar.com\/avatar\/6de59cac448c3b1f248b962f14b78d2970fa5b1d2f1d07ab5891a5722757b424?s=96&d=https%3A%2F%2Fheimathub.de%2Fwp-content%2Fthemes%2Fheimathub%2Fassets%2Fimg%2Fuser.png&r=g","contentUrl":"https:\/\/secure.gravatar.com\/avatar\/6de59cac448c3b1f248b962f14b78d2970fa5b1d2f1d07ab5891a5722757b424?s=96&d=https%3A%2F%2Fheimathub.de%2Fwp-content%2Fthemes%2Fheimathub%2Fassets%2Fimg%2Fuser.png&r=g","caption":"server"},"url":"https:\/\/heimathub.de\/author\/server\/"}]}},"_links":{"self":[{"href":"https:\/\/heimathub.de\/data\/wp\/v2\/posts\/13453","targetHints":{"allow":["GET"]}}],"collection":[{"href":"https:\/\/heimathub.de\/data\/wp\/v2\/posts"}],"about":[{"href":"https:\/\/heimathub.de\/data\/wp\/v2\/types\/post"}],"author":[{"embeddable":true,"href":"https:\/\/heimathub.de\/data\/wp\/v2\/users\/123"}],"replies":[{"embeddable":true,"href":"https:\/\/heimathub.de\/data\/wp\/v2\/comments?post=13453"}],"version-history":[{"count":1,"href":"https:\/\/heimathub.de\/data\/wp\/v2\/posts\/13453\/revisions"}],"predecessor-version":[{"id":13618,"href":"https:\/\/heimathub.de\/data\/wp\/v2\/posts\/13453\/revisions\/13618"}],"wp:attachment":[{"href":"https:\/\/heimathub.de\/data\/wp\/v2\/media?parent=13453"}],"wp:term":[{"taxonomy":"category","embeddable":true,"href":"https:\/\/heimathub.de\/data\/wp\/v2\/categories?post=13453"},{"taxonomy":"post_tag","embeddable":true,"href":"https:\/\/heimathub.de\/data\/wp\/v2\/tags?post=13453"},{"taxonomy":"format","embeddable":true,"href":"https:\/\/heimathub.de\/data\/wp\/v2\/post-format?post=13453"},{"taxonomy":"content","embeddable":true,"href":"https:\/\/heimathub.de\/data\/wp\/v2\/post-content?post=13453"}],"curies":[{"name":"wp","href":"https:\/\/api.w.org\/{rel}","templated":true}]}}