{"id":13431,"date":"2020-10-30T14:30:21","date_gmt":"2020-10-30T13:30:21","guid":{"rendered":"https:\/\/heimathub.de\/revolution-und-raeterepublik-in-aschaffenburg-1918-19-teil-2\/"},"modified":"2024-04-04T15:23:46","modified_gmt":"2024-04-04T13:23:46","slug":"revolution-und-raeterepublik-in-aschaffenburg-1918-19-teil-2","status":"publish","type":"post","link":"https:\/\/heimathub.de\/revolution-und-raeterepublik-in-aschaffenburg-1918-19-teil-2\/","title":{"rendered":"Revolution und R\u00e4terepublik in Aschaffenburg 1918\/19 (Teil 2)"},"content":{"rendered":"<p>Fortsetzung von: Revolution und R\u00e4terepublik in Aschaffenburg 1918\/19 Teil 1<\/p>\n<div class=\"brlbs-cmpnt-container brlbs-cmpnt-content-blocker brlbs-cmpnt-with-individual-styles\" data-borlabs-cookie-content-blocker-id=\"default\" data-borlabs-cookie-content=\"PGJsb2NrcXVvdGUgY2xhc3M9IndwLWVtYmVkZGVkLWNvbnRlbnQiIGRhdGEtc2VjcmV0PSJWVWJtTXhMdDFIIj48YSBocmVmPSJodHRwczovL2FzY2hhZmZlbmJ1cmd6d2VpbnVsbC5zdGFkdGFyY2hpdi1kaWdpdGFsLmRlL3Jldm9sdXRpb24tdW5kLXJhZXRlcmVwdWJsaWstaW4tYXNjaGFmZmVuYnVyZy0xOTE4LTE5LXRlaWwtMS8iPlJldm9sdXRpb24gdW5kIFLDpHRlcmVwdWJsaWsgaW4gQXNjaGFmZmVuYnVyZyAxOTE4LzE5IChUZWlsIDEpPC9hPjwvYmxvY2txdW90ZT48aWZyYW1lIGNsYXNzPSJ3cC1lbWJlZGRlZC1jb250ZW50IiBzYW5kYm94PSJhbGxvdy1zY3JpcHRzIiBzZWN1cml0eT0icmVzdHJpY3RlZCIgc3R5bGU9InBvc2l0aW9uOiBhYnNvbHV0ZTsgY2xpcDogcmVjdCgxcHgsIDFweCwgMXB4LCAxcHgpOyIgdGl0bGU9IiYjODIyMjtSZXZvbHV0aW9uIHVuZCBSw6R0ZXJlcHVibGlrIGluIEFzY2hhZmZlbmJ1cmcgMTkxOC8xOSAoVGVpbCAxKSYjODIyMDsgJiM4MjEyOyBBc2NoYWZmZW5idXJnIiBzcmM9Imh0dHBzOi8vYXNjaGFmZmVuYnVyZ3p3ZWludWxsLnN0YWR0YXJjaGl2LWRpZ2l0YWwuZGUvcmV2b2x1dGlvbi11bmQtcmFldGVyZXB1Ymxpay1pbi1hc2NoYWZmZW5idXJnLTE5MTgtMTktdGVpbC0xL2VtYmVkLyM\/c2VjcmV0PVZuSGJnckJQeGwjP3NlY3JldD1WVWJtTXhMdDFIIiBkYXRhLXNlY3JldD0iVlVibU14THQxSCIgd2lkdGg9IjYwMCIgaGVpZ2h0PSIzMzgiIGZyYW1lYm9yZGVyPSIwIiBtYXJnaW53aWR0aD0iMCIgbWFyZ2luaGVpZ2h0PSIwIiBzY3JvbGxpbmc9Im5vIj48L2lmcmFtZT4=\">\n<div class=\"brlbs-cmpnt-cb-preset-a\">\n<p class=\"brlbs-cmpnt-cb-description\">Sie sehen gerade einen Platzhalterinhalt von <strong>Standard<\/strong>. Um auf den eigentlichen Inhalt zuzugreifen, klicken Sie auf den Button unten. Bitte beachten Sie, dass dabei Daten an Drittanbieter weitergegeben werden.<\/p>\n<div class=\"brlbs-cmpnt-cb-buttons\"> <a class=\"brlbs-cmpnt-cb-btn\" href=\"#\" data-borlabs-cookie-unblock role=\"button\">Inhalt entsperren<\/a> <a class=\"brlbs-cmpnt-cb-btn\" href=\"#\" data-borlabs-cookie-accept-service role=\"button\" style=\"display: none\">Erforderlichen Service akzeptieren und Inhalte entsperren<\/a> <\/div>\n<p> <a class=\"brlbs-cmpnt-cb-provider-toggle\" href=\"#\" data-borlabs-cookie-show-provider-information role=\"button\">Weitere Informationen<\/a> <\/div>\n<\/div>\n<p class=\"p1\"><span class=\"s1\">Neben<\/span><span class=\"s2\"> der schwierigen Versorgungslage stellte die R\u00fcckkehr der Truppen in heimische Gefilde jedoch das gr\u00f6\u00dfte Problem dar. Es mangelte an Arbeit und damit an Verdienstm\u00f6glichkeiten, um sich die steigenden Lebensmittelpreise leisten zu k\u00f6nnen. Zudem waren viele Stellen w\u00e4hrend des Krieges von Frauen besetzt worden, die 1918 nicht bereit waren, still und leise von den neuen Positionen, die sie eingenommen hatten, zu weichen. Dar\u00fcber hinaus hatten die ersten Reformen der neuen Regierung Eisner nicht nur den Freistaat und den Achtstundentag, sondern ebenfalls das Frauenwahlrecht etabliert, so dass Frauen nun gleichfalls dazu in der Lage waren, ihren W\u00fcnschen und Sorgen politisch Nachdruck zu verleihen. Der Arbeiter- und Soldatenrat agierte im Bezug auf diese Problematik tats\u00e4chlich unbeholfen: \u201eA.-R. Lauer schlug vor, dahin zu wirken, da\u00df die weiblichen Hilfskr\u00e4fte in den kommunalen und privaten Betrieben entlassen werden m\u00fcssen, um dadurch den Kriegsbesch\u00e4digten und stellenlosen Kaufleuten Arbeitsgelegenheit zu verschaffen. A.-R. Stock warnte vor einer schablonenm\u00e4\u00dfigen Entlassung der weiblichen Hilfskr\u00e4fte, man soll erst pr\u00fcfen, ob die weibliche Hilfskraft nicht auch ein Mitern\u00e4hrer der Familie ist.\u201c [1] Die neugewonnene Emanzipation sollte demnach den Notwendigkeiten einer heimkehrenden Armee von M\u00e4nnern geopfert werden.<\/span><\/p>\n<p class=\"p2\"><span class=\"s2\">Hinzu kommt ein drittes schwerwiegendes Problem: das \u00f6ffentliche Bild der revolution\u00e4ren Regierung sowie die Furcht vor einer Radikalisierung der Revolution und einem Sozialismus russischen Typs. Die Verschleppung der Wahlen zur Nationalversammlung, entgegen der Idee, dass das R\u00e4tesystem lediglich provisorisch sei, erh\u00e4rteten also auch die Kritik an Eisner aus dem Aschaffenburger Raum. W\u00e4hrend \u201eeinzelne [\u2026] ma\u00dfgebende F\u00fchrer der Unabh\u00e4ngigen im Privatgespr\u00e4ch gar kein Hehl daraus [machen], da\u00df sie entschlossen sind, das russische Beispiel nachzuahmen und die Nationalversammlung mit Waffengewalt auseinander zu jagen, wenn sie ihnen nicht zu willen ist\u201c [2] und dadurch der Furcht vor russischen Zust\u00e4nden zunehmend Ausdruck verliehen, schien die Position des Ministerpr\u00e4sidenten verwirrend. Eisner, der bereits wegen seines Eingest\u00e4ndnisses der deutschen Kriegsschuld in die Kritik geraten war, wurde zunehmend unbeliebt und der Leser bayerischer Zeitungen konnte durchaus den Eindruck gewinnen, dass der Regierungschef mit unterschiedlichen Positionen des politischen Lagers rang. Die M\u00fcnchner Kommunisten um Lewin \u201ebat [er] fast flehentlich um Ruhe und Ordnung; denn eine Revolution, die nicht imstande sei, Ordnung zu halten und Arbeit zu leisten, sei verloren. [\u2026] Wenn das Proletariat die Nationalversammlung verhindere, so sei das der Bankerott des Proletariats.\u201c [3] F\u00fcr die <em>Aschaffenburger Zeitung<\/em> war diese Erkl\u00e4rung ein Gest\u00e4ndnis des Ministerpr\u00e4sidenten:<\/span><\/p>\n<p class=\"p3\"><em><span class=\"s2\">In diesem Bekenntnis liegt wohl der Schl\u00fcssel zur Erkl\u00e4rung von Eisners Wandlung. Von den zwei Seelen, die in Eisners Brust wohnen, mu\u00df zurzeit die eine schweigen; er f\u00fcrchtet die Geister, die er rief und hofft sich nun \u2013 Der Strohhalm, an den sich der Ertrinkende klammert! \u2013 die Rettung seiner unhaltbaren Stellung von der Nationalversammlung, f\u00fcr die er bisher so wenig Gegenliebe gehabt hat. Schienen ihm die Spartacusleute in Bayern stark genug, um die Neigungen seiner zweiten Seele durchzusetzen, dann w\u00e4re es ihm sicherlich lieber. <\/span><\/em><span class=\"s2\">[4]<\/span><\/p>\n<p class=\"p1\"><span class=\"s2\">Dieser Annahme der Redaktion der <em>Aschaffenburger Zeitung<\/em> kann jedoch nicht zugestimmt werden. Es kann konstatiert werden, dass Eisner nicht nach einer Radikalisierung der Revolution nach russischem Vorbild strebte, sondern vielmehr versuchte, divergierende politische Kr\u00e4fte zu vereinen, etwas, dass ihm schlie\u00dflich misslang. Je l\u00e4nger die Wahlen verschoben wurden, umso st\u00e4rker wurde allerdings die Kritik an Eisner, die sich bis zu Androhungen von Gewalt gegen seine Person steigerte.<\/span><\/p>\n<p class=\"p2\"><span class=\"s2\">Im Februar 1919 kursierte beispielsweise ein Flugblatt im Aschaffenburger Raum, das Studenten, die im Weltkrieg gedient hatten, dazu aufrief, Eisner bei einer Rede im Deutschen Theater offen \u2013 und vermutlich ggf. tatkr\u00e4ftig \u2013 mit Kritik zu konfrontieren. [5] W\u00e4hrenddessen erhielt Eisner zunehmend Briefe, in denen er nicht nur als j\u00fcdischer Verschw\u00f6rer und Berufsrevolution\u00e4r betitelt wurde, sondern immer \u00f6fter extrem beleidigt oder bedroht wurde. Ein anonymer Schm\u00e4hrief, adressiert an den \u201eSaujuden Koschinski\u201c fasst alle Vorw\u00fcrfe gegen die Person des ersten bayerischen Ministerpr\u00e4sidenten zusammen:<\/span><\/p>\n<p>&nbsp;<\/p>\n<p class=\"p4\"><em><span class=\"s2\">1. er ist in den Augen der Bayern ein Zuchth\u00e4usler, <\/span><\/em><\/p>\n<p class=\"p4\"><em><span class=\"s2\">2. ein schmieriger Drecksjud,<\/span><\/em><\/p>\n<p class=\"p4\"><em><span class=\"s2\">3. ein spinneter Hanswurst,<\/span><\/em><\/p>\n<p class=\"p4\"><em><span class=\"s2\">4. ein odrabter Spitzbube,<\/span><\/em><\/p>\n<p class=\"p4\"><em><span class=\"s2\">5. ein hundsgemeiner Franz\u00f6sling,<\/span><\/em><\/p>\n<p class=\"p4\"><em><span class=\"s2\">6. ein unbeschnittener Mistjude,<\/span><\/em><\/p>\n<p class=\"p4\"><em><span class=\"s2\">7. ein bestochener Hochstapler,<\/span><\/em><\/p>\n<p class=\"p4\"><em><span class=\"s2\">8. ein ungewaschener Sauhund und,<\/span><\/em><\/p>\n<p class=\"p4\"><em><span class=\"s2\">9. ein vom Glaubensgenossen Northcliffe bezahltes Schwein,<\/span><\/em><\/p>\n<p class=\"p4\"><em><span class=\"s2\">10. der Auswurf der Menschheit,<\/span><\/em><\/p>\n<p class=\"p4\"><em><span class=\"s2\">11. ein verseuchter Ehebrecher,<\/span><\/em><\/p>\n<p class=\"p4\"><em><span class=\"s2\">12. ein ganz gemeiner internationaler Desperado!<\/span><\/em><\/p>\n<p class=\"p3\"><em><span class=\"s2\">Das wagt Dir zu sagen: Ein Mann mit R\u00fcckgrat <\/span><\/em><span class=\"s2\">[6]<\/span><\/p>\n<p class=\"p5\"><span class=\"s2\">Eisner wurde zunehmend mit unverhohlener Aggression der Schreibenden konfrontiert, wie ein Auszug aus einem weiteren Brief belegt:<\/span><\/p>\n<p class=\"p3\"><em><span class=\"s2\">Wenn Sie nur ein stinkiger Jude w\u00e4ren, so m\u00f6chte es noch angehen. Sie sind aber auch ein dummer Jude, ein Hysteriker, den schon nach acht Tagen der unumschr\u00e4nkten Gewalt der Z\u00e4sarenwahnsinn gepackt hat. Ich bin durch den Krieg um mein erspartes [sic!] von Jahrzehnten gekommen, aber f\u00fcr eine Flasche Sekt an dem Tage, an welchem Sie Verbrecher an dem Kranze der Bavaria baumeln werden, reicht es noch. [\u2026] Verflucht Seien Sie und Ihr ganzes Geschlecht, verflucht die Eltern die Sie zeugten, verflucht Ihre Nachkommen, verflucht jeder, der Ihnen einen Trunk Wasser reicht, wenn Sie am Z\u00e4une krepiren [sic!], verflucht jeder Bissen, den Sie geniessen, verflucht die Luft, die Sie atmen, verflucht vor allem Sie selbst. Verfaulen sollen Sie bei lebendem Leibe, wie Herodes und Ihr Name soll gesch\u00e4ndet sein bis in alle Ewigkeit, Sie M\u00f6rder, Verr\u00e4ter und Schuft. <\/span><\/em><span class=\"s2\">[7]<\/span><\/p>\n<p class=\"p1\"><span class=\"s2\">Die Briefe waren dabei Vorboten des Attentates, das Eisners Leben am 21. Februar 1919 schlie\u00dflich beenden sollte. Zuvor enthoben die Landtagswahlen und die Wahl zur Nationalversammlung den Ministerpr\u00e4sidenten aber schlie\u00dflich der Gunst der Bev\u00f6lkerung, da die USPD in beiden Wahlen zu Beginn des Jahres 1919 gescheitert war. Mit dem Verlust der W\u00e4hlergunst war de facto das Schicksal der Arbeiter- und Soldatenr\u00e4te besiegelt. Eine neue Regierung h\u00e4tte die Regierungsgesch\u00e4fte \u00fcbernehmen k\u00f6nnen, um die weiteren Geschicke Bayerns zu bestimmen. In Aschaffenburg, wo die Zusammenarbeit zwischen Arbeiter- und Soldatenrat und den Instanzen der Gemeindeverwaltung bereits aufgrund der Wohnungsknappheit und unterschiedlicher Ansichten im Hinblick auf deren Bereitstellung schlechter geworden waren, litt das Ansehen des ersteren zudem zunehmend unter lokalen und \u00fcberregionalen Meldungen von R\u00e4ten, die ihre Stellung missbrauchten, um sich pers\u00f6nlich zu bereichern. In M\u00fcnchen war beispielsweise der Stadtkommandant seines Amtes enthoben worden, weil, so die Meldung des Bayerischen Courier, der 20-j\u00e4hrige Jude aus Friedrichshafen versucht hatte, zwei Banken um insgesamt mehr als 100.000 Mark zu berauben. [8] Doch auch an der bayerischen Peripherie selbst nutzen wohl einige die Autorit\u00e4t des Arbeiter- und Soldatenrates, um sich einen Vorteil zu verschaffen.<\/span><\/p>\n<p class=\"p2\"><span class=\"s2\">Eine offizielle Kundgebung vom 14. November 1918 nimmt bereits Stellung zu derartigen Ger\u00fcchten:<\/span><\/p>\n<p class=\"p3\"><em><span class=\"s2\">Die unsinnigsten Ger\u00fcchte, die jede Beweiskraft und Unterlage entbehren, laufen in der Stadt um. Bei Verdacht von bestehenden oder vorgekommenen Unregelm\u00e4\u00dfigkeiten wird der Arbeiter- und Soldatenrat Revisionen vornehmen, und dabei zu Tage getretene Veruntreuungen \u00f6ffentlich brandmarken. Von der Einsicht der Bev\u00f6lkerung wird erwartet, da\u00df sie die bew\u00e4hrten st\u00e4dtischen und sonstigen Beamten nicht ihre jetzige schwere Arbeit durch haltlose Verd\u00e4chtigungen verleitet. Die Ern\u00e4hrung der Bev\u00f6lkerung ist gesichert. <\/span><\/em><span class=\"s2\">[9]<\/span><\/p>\n<p class=\"p1\"><span class=\"s2\">Obwohl zuvor darauf hingewiesen worden war, dass \u201e[o]hne vollg\u00fcltigen Ausweis des Arbeiter- und Soldatenrates, der die eigenh\u00e4ndige Unterschrift des Vorsitzenden tr\u00e4gt, [\u2026] niemand das Recht [hat] im Namen oder Auftrag Verf\u00fcgungen oder Anordnungen zu treffen\u201c, blieben Betrugsf\u00e4lle wohl nicht aus.<\/span><\/p>\n<p>[1] <span class=\"s1\">Stadt und Kreis Aschaffenburg, 9. Januar 1919, in: Aschaffenburger Zeitung, Nr. 6, Donnerstag, 9. Januar 1919, S. 3.<\/span><\/p>\n<p>[2] <span class=\"s1\">Die Unabh\u00e4ngige Sozialdemokratie, in: Aschaffenburger Zeitung, Nr. 340, Mittwoch, 11. Dezember 1918, S. 1.<\/span><\/p>\n<p>[3] <span class=\"s1\">Was will er nun eigentlich?, in: Aschaffenburger Zeitung, Nr. 343, Samstag, 14. Dezember 1918, S. 1.<\/span><\/p>\n<p>[4] Ebd.<\/p>\n<p>[5] <span class=\"s1\">Flugblatt: Kommilitonen! SAAA, NL 8, 17.<\/span><\/p>\n<p>[6] <span class=\"s1\">Dem Saujuden Koschinski!, o.D., SAPMO BA, NY 4060\/64, Bl.333.<\/span><\/p>\n<p>[7] <span class=\"s1\">Brief an Kurt Eisner, o.O., o.D., SAPMO BA, NY 4060\/64, Bl.382.<\/span><\/p>\n<p>[8] <span class=\"s1\">Bilder aus der Republik: Der M\u00fcnchner Stadtkommandant, in: Beobachter am Main, Nr. 294, Dienstag, 19. November 1918, S. 1<\/span><\/p>\n<p>[9] <span class=\"s1\">Kundgebungen des Aschaffenburger Arbeiter- und Soldatenrates: Ger\u00fcchte, in: Beobachter am Main, Nr. 289, Donnerstag, 14. November 1918, S. 1.<\/span><\/p>\n<div class=\"cell large-8 entry-cell\">\n<div class=\"entry-content\">\n<p>Der folgende Textauszug stammt aus: Frank Jacob,\u00a0<em>Revolution und R\u00e4terepublik in Unterfranken<\/em>, W\u00fcrzburg 2019.<\/p>\n<\/div>\n<\/div>\n<footer class=\"entry-footer cell large-4\">\n<div class=\"entry-meta grid-x grid-margin-x small-up-2 medium-up-3 large-up-1\"><\/div>\n<\/footer>\n","protected":false},"excerpt":{"rendered":"<p>Fortsetzung von: Revolution und R\u00e4terepublik in Aschaffenburg 1918\/19 Teil 1 Neben der schwierigen Versorgungslage stellte die R\u00fcckkehr der Truppen in heimische Gefilde jedoch das gr\u00f6\u00dfte Problem dar. Es mangelte an [&hellip;]<\/p>\n","protected":false},"author":123,"featured_media":0,"comment_status":"open","ping_status":"open","sticky":false,"template":"","format":"standard","meta":{"_acf_changed":false,"_price":"","_stock":"","_tribe_ticket_header":"","_tribe_default_ticket_provider":"","_tribe_ticket_capacity":"0","_ticket_start_date":"","_ticket_end_date":"","_tribe_ticket_show_description":"","_tribe_ticket_show_not_going":false,"_tribe_ticket_use_global_stock":"","_tribe_ticket_global_stock_level":"","_global_stock_mode":"","_global_stock_cap":"","_tribe_rsvp_for_event":"","_tribe_ticket_going_count":"","_tribe_ticket_not_going_count":"","_tribe_tickets_list":"[]","_tribe_ticket_has_attendee_info_fields":false,"footnotes":""},"categories":[959],"tags":[1222,1223,42],"post-format":[],"post-content":[47],"class_list":["post-13431","post","type-post","status-publish","format-standard","hentry","category-geschichte","tag-revolution","tag-raeterepublik","tag-erster-weltkrieg","content-text"],"acf":[],"yoast_head":"<!-- This site is optimized with the Yoast SEO plugin v27.4 - https:\/\/yoast.com\/product\/yoast-seo-wordpress\/ -->\n<title>Revolution und R\u00e4terepublik in Aschaffenburg 1918\/19 (Teil 2) - heimat:hub<\/title>\n<meta name=\"robots\" content=\"index, follow, max-snippet:-1, max-image-preview:large, max-video-preview:-1\" \/>\n<link rel=\"canonical\" href=\"https:\/\/heimathub.de\/revolution-und-raeterepublik-in-aschaffenburg-1918-19-teil-2\/\" \/>\n<meta property=\"og:locale\" content=\"de_DE\" \/>\n<meta property=\"og:type\" content=\"article\" \/>\n<meta property=\"og:title\" content=\"Revolution und R\u00e4terepublik in Aschaffenburg 1918\/19 (Teil 2) - heimat:hub\" \/>\n<meta property=\"og:description\" content=\"Fortsetzung von: Revolution und R\u00e4terepublik in Aschaffenburg 1918\/19 Teil 1 Neben der schwierigen Versorgungslage stellte die R\u00fcckkehr der Truppen in heimische Gefilde jedoch das gr\u00f6\u00dfte Problem dar. Es mangelte an [&hellip;]\" \/>\n<meta property=\"og:url\" content=\"https:\/\/heimathub.de\/revolution-und-raeterepublik-in-aschaffenburg-1918-19-teil-2\/\" \/>\n<meta property=\"og:site_name\" content=\"heimat:hub\" \/>\n<meta property=\"article:published_time\" content=\"2020-10-30T13:30:21+00:00\" \/>\n<meta property=\"article:modified_time\" content=\"2024-04-04T13:23:46+00:00\" \/>\n<meta name=\"author\" content=\"server\" \/>\n<meta name=\"twitter:card\" content=\"summary_large_image\" \/>\n<meta name=\"twitter:label1\" content=\"Verfasst von\" \/>\n\t<meta name=\"twitter:data1\" content=\"server\" \/>\n\t<meta name=\"twitter:label2\" content=\"Gesch\u00e4tzte Lesezeit\" \/>\n\t<meta name=\"twitter:data2\" content=\"7\u00a0Minuten\" \/>\n<script type=\"application\/ld+json\" class=\"yoast-schema-graph\">{\"@context\":\"https:\\\/\\\/schema.org\",\"@graph\":[{\"@type\":\"Article\",\"@id\":\"https:\\\/\\\/heimathub.de\\\/revolution-und-raeterepublik-in-aschaffenburg-1918-19-teil-2\\\/#article\",\"isPartOf\":{\"@id\":\"https:\\\/\\\/heimathub.de\\\/revolution-und-raeterepublik-in-aschaffenburg-1918-19-teil-2\\\/\"},\"author\":{\"name\":\"server\",\"@id\":\"https:\\\/\\\/heimathub.de\\\/#\\\/schema\\\/person\\\/d826aa09cb17988a4c9cce11f0f8087e\"},\"headline\":\"Revolution und R\u00e4terepublik in Aschaffenburg 1918\\\/19 (Teil 2)\",\"datePublished\":\"2020-10-30T13:30:21+00:00\",\"dateModified\":\"2024-04-04T13:23:46+00:00\",\"mainEntityOfPage\":{\"@id\":\"https:\\\/\\\/heimathub.de\\\/revolution-und-raeterepublik-in-aschaffenburg-1918-19-teil-2\\\/\"},\"wordCount\":1337,\"commentCount\":0,\"keywords\":[\"Revolution\",\"R\u00e4terepublik\",\"erster Weltkrieg\"],\"articleSection\":[\"Geschichte\"],\"inLanguage\":\"de\",\"potentialAction\":[{\"@type\":\"CommentAction\",\"name\":\"Comment\",\"target\":[\"https:\\\/\\\/heimathub.de\\\/revolution-und-raeterepublik-in-aschaffenburg-1918-19-teil-2\\\/#respond\"]}]},{\"@type\":\"WebPage\",\"@id\":\"https:\\\/\\\/heimathub.de\\\/revolution-und-raeterepublik-in-aschaffenburg-1918-19-teil-2\\\/\",\"url\":\"https:\\\/\\\/heimathub.de\\\/revolution-und-raeterepublik-in-aschaffenburg-1918-19-teil-2\\\/\",\"name\":\"Revolution und R\u00e4terepublik in Aschaffenburg 1918\\\/19 (Teil 2) - heimat:hub\",\"isPartOf\":{\"@id\":\"https:\\\/\\\/heimathub.de\\\/#website\"},\"datePublished\":\"2020-10-30T13:30:21+00:00\",\"dateModified\":\"2024-04-04T13:23:46+00:00\",\"author\":{\"@id\":\"https:\\\/\\\/heimathub.de\\\/#\\\/schema\\\/person\\\/d826aa09cb17988a4c9cce11f0f8087e\"},\"breadcrumb\":{\"@id\":\"https:\\\/\\\/heimathub.de\\\/revolution-und-raeterepublik-in-aschaffenburg-1918-19-teil-2\\\/#breadcrumb\"},\"inLanguage\":\"de\",\"potentialAction\":[{\"@type\":\"ReadAction\",\"target\":[\"https:\\\/\\\/heimathub.de\\\/revolution-und-raeterepublik-in-aschaffenburg-1918-19-teil-2\\\/\"]}]},{\"@type\":\"BreadcrumbList\",\"@id\":\"https:\\\/\\\/heimathub.de\\\/revolution-und-raeterepublik-in-aschaffenburg-1918-19-teil-2\\\/#breadcrumb\",\"itemListElement\":[{\"@type\":\"ListItem\",\"position\":1,\"name\":\"Startseite\",\"item\":\"https:\\\/\\\/heimathub.de\\\/\"},{\"@type\":\"ListItem\",\"position\":2,\"name\":\"Journal\",\"item\":\"https:\\\/\\\/heimathub.de\\\/journal\\\/\"},{\"@type\":\"ListItem\",\"position\":3,\"name\":\"Revolution und R\u00e4terepublik in Aschaffenburg 1918\\\/19 (Teil 2)\"}]},{\"@type\":\"WebSite\",\"@id\":\"https:\\\/\\\/heimathub.de\\\/#website\",\"url\":\"https:\\\/\\\/heimathub.de\\\/\",\"name\":\"heimat:hub\",\"description\":\"\",\"potentialAction\":[{\"@type\":\"SearchAction\",\"target\":{\"@type\":\"EntryPoint\",\"urlTemplate\":\"https:\\\/\\\/heimathub.de\\\/?s={search_term_string}\"},\"query-input\":{\"@type\":\"PropertyValueSpecification\",\"valueRequired\":true,\"valueName\":\"search_term_string\"}}],\"inLanguage\":\"de\"},{\"@type\":\"Person\",\"@id\":\"https:\\\/\\\/heimathub.de\\\/#\\\/schema\\\/person\\\/d826aa09cb17988a4c9cce11f0f8087e\",\"name\":\"server\",\"image\":{\"@type\":\"ImageObject\",\"inLanguage\":\"de\",\"@id\":\"https:\\\/\\\/secure.gravatar.com\\\/avatar\\\/6de59cac448c3b1f248b962f14b78d2970fa5b1d2f1d07ab5891a5722757b424?s=96&d=https%3A%2F%2Fheimathub.de%2Fwp-content%2Fthemes%2Fheimathub%2Fassets%2Fimg%2Fuser.png&r=g\",\"url\":\"https:\\\/\\\/secure.gravatar.com\\\/avatar\\\/6de59cac448c3b1f248b962f14b78d2970fa5b1d2f1d07ab5891a5722757b424?s=96&d=https%3A%2F%2Fheimathub.de%2Fwp-content%2Fthemes%2Fheimathub%2Fassets%2Fimg%2Fuser.png&r=g\",\"contentUrl\":\"https:\\\/\\\/secure.gravatar.com\\\/avatar\\\/6de59cac448c3b1f248b962f14b78d2970fa5b1d2f1d07ab5891a5722757b424?s=96&d=https%3A%2F%2Fheimathub.de%2Fwp-content%2Fthemes%2Fheimathub%2Fassets%2Fimg%2Fuser.png&r=g\",\"caption\":\"server\"},\"url\":\"https:\\\/\\\/heimathub.de\\\/author\\\/server\\\/\"}]}<\/script>\n<!-- \/ Yoast SEO plugin. -->","yoast_head_json":{"title":"Revolution und R\u00e4terepublik in Aschaffenburg 1918\/19 (Teil 2) - heimat:hub","robots":{"index":"index","follow":"follow","max-snippet":"max-snippet:-1","max-image-preview":"max-image-preview:large","max-video-preview":"max-video-preview:-1"},"canonical":"https:\/\/heimathub.de\/revolution-und-raeterepublik-in-aschaffenburg-1918-19-teil-2\/","og_locale":"de_DE","og_type":"article","og_title":"Revolution und R\u00e4terepublik in Aschaffenburg 1918\/19 (Teil 2) - heimat:hub","og_description":"Fortsetzung von: Revolution und R\u00e4terepublik in Aschaffenburg 1918\/19 Teil 1 Neben der schwierigen Versorgungslage stellte die R\u00fcckkehr der Truppen in heimische Gefilde jedoch das gr\u00f6\u00dfte Problem dar. Es mangelte an [&hellip;]","og_url":"https:\/\/heimathub.de\/revolution-und-raeterepublik-in-aschaffenburg-1918-19-teil-2\/","og_site_name":"heimat:hub","article_published_time":"2020-10-30T13:30:21+00:00","article_modified_time":"2024-04-04T13:23:46+00:00","author":"server","twitter_card":"summary_large_image","twitter_misc":{"Verfasst von":"server","Gesch\u00e4tzte Lesezeit":"7\u00a0Minuten"},"schema":{"@context":"https:\/\/schema.org","@graph":[{"@type":"Article","@id":"https:\/\/heimathub.de\/revolution-und-raeterepublik-in-aschaffenburg-1918-19-teil-2\/#article","isPartOf":{"@id":"https:\/\/heimathub.de\/revolution-und-raeterepublik-in-aschaffenburg-1918-19-teil-2\/"},"author":{"name":"server","@id":"https:\/\/heimathub.de\/#\/schema\/person\/d826aa09cb17988a4c9cce11f0f8087e"},"headline":"Revolution und R\u00e4terepublik in Aschaffenburg 1918\/19 (Teil 2)","datePublished":"2020-10-30T13:30:21+00:00","dateModified":"2024-04-04T13:23:46+00:00","mainEntityOfPage":{"@id":"https:\/\/heimathub.de\/revolution-und-raeterepublik-in-aschaffenburg-1918-19-teil-2\/"},"wordCount":1337,"commentCount":0,"keywords":["Revolution","R\u00e4terepublik","erster Weltkrieg"],"articleSection":["Geschichte"],"inLanguage":"de","potentialAction":[{"@type":"CommentAction","name":"Comment","target":["https:\/\/heimathub.de\/revolution-und-raeterepublik-in-aschaffenburg-1918-19-teil-2\/#respond"]}]},{"@type":"WebPage","@id":"https:\/\/heimathub.de\/revolution-und-raeterepublik-in-aschaffenburg-1918-19-teil-2\/","url":"https:\/\/heimathub.de\/revolution-und-raeterepublik-in-aschaffenburg-1918-19-teil-2\/","name":"Revolution und R\u00e4terepublik in Aschaffenburg 1918\/19 (Teil 2) - heimat:hub","isPartOf":{"@id":"https:\/\/heimathub.de\/#website"},"datePublished":"2020-10-30T13:30:21+00:00","dateModified":"2024-04-04T13:23:46+00:00","author":{"@id":"https:\/\/heimathub.de\/#\/schema\/person\/d826aa09cb17988a4c9cce11f0f8087e"},"breadcrumb":{"@id":"https:\/\/heimathub.de\/revolution-und-raeterepublik-in-aschaffenburg-1918-19-teil-2\/#breadcrumb"},"inLanguage":"de","potentialAction":[{"@type":"ReadAction","target":["https:\/\/heimathub.de\/revolution-und-raeterepublik-in-aschaffenburg-1918-19-teil-2\/"]}]},{"@type":"BreadcrumbList","@id":"https:\/\/heimathub.de\/revolution-und-raeterepublik-in-aschaffenburg-1918-19-teil-2\/#breadcrumb","itemListElement":[{"@type":"ListItem","position":1,"name":"Startseite","item":"https:\/\/heimathub.de\/"},{"@type":"ListItem","position":2,"name":"Journal","item":"https:\/\/heimathub.de\/journal\/"},{"@type":"ListItem","position":3,"name":"Revolution und R\u00e4terepublik in Aschaffenburg 1918\/19 (Teil 2)"}]},{"@type":"WebSite","@id":"https:\/\/heimathub.de\/#website","url":"https:\/\/heimathub.de\/","name":"heimat:hub","description":"","potentialAction":[{"@type":"SearchAction","target":{"@type":"EntryPoint","urlTemplate":"https:\/\/heimathub.de\/?s={search_term_string}"},"query-input":{"@type":"PropertyValueSpecification","valueRequired":true,"valueName":"search_term_string"}}],"inLanguage":"de"},{"@type":"Person","@id":"https:\/\/heimathub.de\/#\/schema\/person\/d826aa09cb17988a4c9cce11f0f8087e","name":"server","image":{"@type":"ImageObject","inLanguage":"de","@id":"https:\/\/secure.gravatar.com\/avatar\/6de59cac448c3b1f248b962f14b78d2970fa5b1d2f1d07ab5891a5722757b424?s=96&d=https%3A%2F%2Fheimathub.de%2Fwp-content%2Fthemes%2Fheimathub%2Fassets%2Fimg%2Fuser.png&r=g","url":"https:\/\/secure.gravatar.com\/avatar\/6de59cac448c3b1f248b962f14b78d2970fa5b1d2f1d07ab5891a5722757b424?s=96&d=https%3A%2F%2Fheimathub.de%2Fwp-content%2Fthemes%2Fheimathub%2Fassets%2Fimg%2Fuser.png&r=g","contentUrl":"https:\/\/secure.gravatar.com\/avatar\/6de59cac448c3b1f248b962f14b78d2970fa5b1d2f1d07ab5891a5722757b424?s=96&d=https%3A%2F%2Fheimathub.de%2Fwp-content%2Fthemes%2Fheimathub%2Fassets%2Fimg%2Fuser.png&r=g","caption":"server"},"url":"https:\/\/heimathub.de\/author\/server\/"}]}},"_links":{"self":[{"href":"https:\/\/heimathub.de\/data\/wp\/v2\/posts\/13431","targetHints":{"allow":["GET"]}}],"collection":[{"href":"https:\/\/heimathub.de\/data\/wp\/v2\/posts"}],"about":[{"href":"https:\/\/heimathub.de\/data\/wp\/v2\/types\/post"}],"author":[{"embeddable":true,"href":"https:\/\/heimathub.de\/data\/wp\/v2\/users\/123"}],"replies":[{"embeddable":true,"href":"https:\/\/heimathub.de\/data\/wp\/v2\/comments?post=13431"}],"version-history":[{"count":1,"href":"https:\/\/heimathub.de\/data\/wp\/v2\/posts\/13431\/revisions"}],"predecessor-version":[{"id":13596,"href":"https:\/\/heimathub.de\/data\/wp\/v2\/posts\/13431\/revisions\/13596"}],"wp:attachment":[{"href":"https:\/\/heimathub.de\/data\/wp\/v2\/media?parent=13431"}],"wp:term":[{"taxonomy":"category","embeddable":true,"href":"https:\/\/heimathub.de\/data\/wp\/v2\/categories?post=13431"},{"taxonomy":"post_tag","embeddable":true,"href":"https:\/\/heimathub.de\/data\/wp\/v2\/tags?post=13431"},{"taxonomy":"format","embeddable":true,"href":"https:\/\/heimathub.de\/data\/wp\/v2\/post-format?post=13431"},{"taxonomy":"content","embeddable":true,"href":"https:\/\/heimathub.de\/data\/wp\/v2\/post-content?post=13431"}],"curies":[{"name":"wp","href":"https:\/\/api.w.org\/{rel}","templated":true}]}}