{"id":13417,"date":"2020-12-09T07:34:38","date_gmt":"2020-12-09T06:34:38","guid":{"rendered":"https:\/\/heimathub.de\/winter-1962-63-ein-jahrhundertwinter\/"},"modified":"2024-04-04T15:23:45","modified_gmt":"2024-04-04T13:23:45","slug":"winter-1962-63-ein-jahrhundertwinter","status":"publish","type":"post","link":"https:\/\/heimathub.de\/winter-1962-63-ein-jahrhundertwinter\/","title":{"rendered":"Winter 1962\/63 &#8211; ein Jahrhundertwinter"},"content":{"rendered":"<p>Der Winter von 1962\/63 gilt als einer der strengsten Winter des 20. Jahrhunderts in Mitteleuropa \u2013 ein Jahrhundertwinter. Die K\u00e4lteperiode begann Mitte Dezember und dauerte fast drei Monate bis Anfang M\u00e4rz. Aufgrund der langen Frostperiode mit bis zu -20 Grad froren fast alle Gew\u00e4sser zu, sogar Rhein und Bodensee.<\/p>\n<p>Auch in Aschaffenburg hatte der Main eine sehr dicke Eisdecke. Doch man machte aus der Not eine Tugend. Vor allem an den Wochenenden trafen sich die Aschaffenburger auf dem zugefrorenen Flo\u00dfhafen und vertrieben sich die Zeit mit Schlittschuhlaufen und Eisstockschie\u00dfen. Man zog Kinder im Schlitten \u00fcber das Eis oder ging einfach spazieren. Selbst die sonst nicht zug\u00e4ngliche Insel im Main konnte man erreichen.<\/p>\n<p>Dort stand man dann auf der anderen Seite direkt am ebenfalls zugefrorenen Fluss, dessen Fahrrinne noch eine Zeit lang durch Eisbrecher offengehalten worden war, schlie\u00dflich aber auch zufror. Die aufgebrochenen Eisschollen froren zusammen und bildeten eine malerische Schnee- und Eislandschaft.<\/p>\n<p>Anfang M\u00e4rz begann dann das Tauwetter und der Jahrhundertwinter war Geschichte.<\/p>\n","protected":false},"excerpt":{"rendered":"<p>Der Winter von 1962\/63 gilt als einer der strengsten Winter des 20. Jahrhunderts in Mitteleuropa \u2013 ein Jahrhundertwinter. Die K\u00e4lteperiode begann Mitte Dezember und dauerte fast drei Monate bis Anfang [&hellip;]<\/p>\n","protected":false},"author":123,"featured_media":0,"comment_status":"open","ping_status":"open","sticky":false,"template":"","format":"standard","meta":{"_acf_changed":false,"_price":"","_stock":"","_tribe_ticket_header":"","_tribe_default_ticket_provider":"","_tribe_ticket_capacity":"0","_ticket_start_date":"","_ticket_end_date":"","_tribe_ticket_show_description":"","_tribe_ticket_show_not_going":false,"_tribe_ticket_use_global_stock":"","_tribe_ticket_global_stock_level":"","_global_stock_mode":"","_global_stock_cap":"","_tribe_rsvp_for_event":"","_tribe_ticket_going_count":"","_tribe_ticket_not_going_count":"","_tribe_tickets_list":"[]","_tribe_ticket_has_attendee_info_fields":false,"footnotes":""},"categories":[960,1050],"tags":[198,1168,1210],"post-format":[],"post-content":[50,47],"class_list":["post-13417","post","type-post","status-publish","format-standard","hentry","category-leben","category-highlights","tag-main","tag-winter","tag-eis","content-image","content-text"],"acf":[],"yoast_head":"<!-- This site is optimized with the Yoast SEO plugin v27.5 - https:\/\/yoast.com\/product\/yoast-seo-wordpress\/ -->\n<title>Winter 1962\/63 &#8211; ein Jahrhundertwinter - heimat:hub<\/title>\n<meta name=\"robots\" content=\"index, follow, max-snippet:-1, max-image-preview:large, max-video-preview:-1\" \/>\n<link rel=\"canonical\" href=\"https:\/\/heimathub.de\/winter-1962-63-ein-jahrhundertwinter\/\" \/>\n<meta property=\"og:locale\" content=\"de_DE\" \/>\n<meta property=\"og:type\" content=\"article\" \/>\n<meta property=\"og:title\" content=\"Winter 1962\/63 &#8211; ein Jahrhundertwinter - heimat:hub\" \/>\n<meta property=\"og:description\" content=\"Der Winter von 1962\/63 gilt als einer der strengsten Winter des 20. Jahrhunderts in Mitteleuropa \u2013 ein Jahrhundertwinter. Die K\u00e4lteperiode begann Mitte Dezember und dauerte fast drei Monate bis Anfang [&hellip;]\" \/>\n<meta property=\"og:url\" content=\"https:\/\/heimathub.de\/winter-1962-63-ein-jahrhundertwinter\/\" \/>\n<meta property=\"og:site_name\" content=\"heimat:hub\" \/>\n<meta property=\"article:published_time\" content=\"2020-12-09T06:34:38+00:00\" \/>\n<meta property=\"article:modified_time\" content=\"2024-04-04T13:23:45+00:00\" \/>\n<meta name=\"author\" content=\"server\" \/>\n<meta name=\"twitter:card\" content=\"summary_large_image\" \/>\n<meta name=\"twitter:label1\" content=\"Verfasst von\" \/>\n\t<meta name=\"twitter:data1\" content=\"server\" \/>\n\t<meta name=\"twitter:label2\" content=\"Gesch\u00e4tzte Lesezeit\" \/>\n\t<meta name=\"twitter:data2\" content=\"1\u00a0Minute\" \/>\n<script type=\"application\/ld+json\" class=\"yoast-schema-graph\">{\"@context\":\"https:\\\/\\\/schema.org\",\"@graph\":[{\"@type\":\"Article\",\"@id\":\"https:\\\/\\\/heimathub.de\\\/winter-1962-63-ein-jahrhundertwinter\\\/#article\",\"isPartOf\":{\"@id\":\"https:\\\/\\\/heimathub.de\\\/winter-1962-63-ein-jahrhundertwinter\\\/\"},\"author\":{\"name\":\"server\",\"@id\":\"https:\\\/\\\/heimathub.de\\\/#\\\/schema\\\/person\\\/d826aa09cb17988a4c9cce11f0f8087e\"},\"headline\":\"Winter 1962\\\/63 &#8211; ein Jahrhundertwinter\",\"datePublished\":\"2020-12-09T06:34:38+00:00\",\"dateModified\":\"2024-04-04T13:23:45+00:00\",\"mainEntityOfPage\":{\"@id\":\"https:\\\/\\\/heimathub.de\\\/winter-1962-63-ein-jahrhundertwinter\\\/\"},\"wordCount\":171,\"commentCount\":0,\"keywords\":[\"Main\",\"Winter\",\"Eis\"],\"articleSection\":[\"Leben\",\"Highlights\"],\"inLanguage\":\"de\",\"potentialAction\":[{\"@type\":\"CommentAction\",\"name\":\"Comment\",\"target\":[\"https:\\\/\\\/heimathub.de\\\/winter-1962-63-ein-jahrhundertwinter\\\/#respond\"]}]},{\"@type\":\"WebPage\",\"@id\":\"https:\\\/\\\/heimathub.de\\\/winter-1962-63-ein-jahrhundertwinter\\\/\",\"url\":\"https:\\\/\\\/heimathub.de\\\/winter-1962-63-ein-jahrhundertwinter\\\/\",\"name\":\"Winter 1962\\\/63 &#8211; ein Jahrhundertwinter - heimat:hub\",\"isPartOf\":{\"@id\":\"https:\\\/\\\/heimathub.de\\\/#website\"},\"datePublished\":\"2020-12-09T06:34:38+00:00\",\"dateModified\":\"2024-04-04T13:23:45+00:00\",\"author\":{\"@id\":\"https:\\\/\\\/heimathub.de\\\/#\\\/schema\\\/person\\\/d826aa09cb17988a4c9cce11f0f8087e\"},\"breadcrumb\":{\"@id\":\"https:\\\/\\\/heimathub.de\\\/winter-1962-63-ein-jahrhundertwinter\\\/#breadcrumb\"},\"inLanguage\":\"de\",\"potentialAction\":[{\"@type\":\"ReadAction\",\"target\":[\"https:\\\/\\\/heimathub.de\\\/winter-1962-63-ein-jahrhundertwinter\\\/\"]}]},{\"@type\":\"BreadcrumbList\",\"@id\":\"https:\\\/\\\/heimathub.de\\\/winter-1962-63-ein-jahrhundertwinter\\\/#breadcrumb\",\"itemListElement\":[{\"@type\":\"ListItem\",\"position\":1,\"name\":\"Startseite\",\"item\":\"https:\\\/\\\/heimathub.de\\\/\"},{\"@type\":\"ListItem\",\"position\":2,\"name\":\"Journal\",\"item\":\"https:\\\/\\\/heimathub.de\\\/journal\\\/\"},{\"@type\":\"ListItem\",\"position\":3,\"name\":\"Winter 1962\\\/63 &#8211; ein Jahrhundertwinter\"}]},{\"@type\":\"WebSite\",\"@id\":\"https:\\\/\\\/heimathub.de\\\/#website\",\"url\":\"https:\\\/\\\/heimathub.de\\\/\",\"name\":\"heimat:hub\",\"description\":\"\",\"potentialAction\":[{\"@type\":\"SearchAction\",\"target\":{\"@type\":\"EntryPoint\",\"urlTemplate\":\"https:\\\/\\\/heimathub.de\\\/?s={search_term_string}\"},\"query-input\":{\"@type\":\"PropertyValueSpecification\",\"valueRequired\":true,\"valueName\":\"search_term_string\"}}],\"inLanguage\":\"de\"},{\"@type\":\"Person\",\"@id\":\"https:\\\/\\\/heimathub.de\\\/#\\\/schema\\\/person\\\/d826aa09cb17988a4c9cce11f0f8087e\",\"name\":\"server\",\"image\":{\"@type\":\"ImageObject\",\"inLanguage\":\"de\",\"@id\":\"https:\\\/\\\/secure.gravatar.com\\\/avatar\\\/6de59cac448c3b1f248b962f14b78d2970fa5b1d2f1d07ab5891a5722757b424?s=96&d=https%3A%2F%2Fheimathub.de%2Fwp-content%2Fthemes%2Fheimathub%2Fassets%2Fimg%2Fuser.png&r=g\",\"url\":\"https:\\\/\\\/secure.gravatar.com\\\/avatar\\\/6de59cac448c3b1f248b962f14b78d2970fa5b1d2f1d07ab5891a5722757b424?s=96&d=https%3A%2F%2Fheimathub.de%2Fwp-content%2Fthemes%2Fheimathub%2Fassets%2Fimg%2Fuser.png&r=g\",\"contentUrl\":\"https:\\\/\\\/secure.gravatar.com\\\/avatar\\\/6de59cac448c3b1f248b962f14b78d2970fa5b1d2f1d07ab5891a5722757b424?s=96&d=https%3A%2F%2Fheimathub.de%2Fwp-content%2Fthemes%2Fheimathub%2Fassets%2Fimg%2Fuser.png&r=g\",\"caption\":\"server\"},\"url\":\"https:\\\/\\\/heimathub.de\\\/author\\\/server\\\/\"}]}<\/script>\n<!-- \/ Yoast SEO plugin. -->","yoast_head_json":{"title":"Winter 1962\/63 &#8211; ein Jahrhundertwinter - heimat:hub","robots":{"index":"index","follow":"follow","max-snippet":"max-snippet:-1","max-image-preview":"max-image-preview:large","max-video-preview":"max-video-preview:-1"},"canonical":"https:\/\/heimathub.de\/winter-1962-63-ein-jahrhundertwinter\/","og_locale":"de_DE","og_type":"article","og_title":"Winter 1962\/63 &#8211; ein Jahrhundertwinter - heimat:hub","og_description":"Der Winter von 1962\/63 gilt als einer der strengsten Winter des 20. Jahrhunderts in Mitteleuropa \u2013 ein Jahrhundertwinter. Die K\u00e4lteperiode begann Mitte Dezember und dauerte fast drei Monate bis Anfang [&hellip;]","og_url":"https:\/\/heimathub.de\/winter-1962-63-ein-jahrhundertwinter\/","og_site_name":"heimat:hub","article_published_time":"2020-12-09T06:34:38+00:00","article_modified_time":"2024-04-04T13:23:45+00:00","author":"server","twitter_card":"summary_large_image","twitter_misc":{"Verfasst von":"server","Gesch\u00e4tzte Lesezeit":"1\u00a0Minute"},"schema":{"@context":"https:\/\/schema.org","@graph":[{"@type":"Article","@id":"https:\/\/heimathub.de\/winter-1962-63-ein-jahrhundertwinter\/#article","isPartOf":{"@id":"https:\/\/heimathub.de\/winter-1962-63-ein-jahrhundertwinter\/"},"author":{"name":"server","@id":"https:\/\/heimathub.de\/#\/schema\/person\/d826aa09cb17988a4c9cce11f0f8087e"},"headline":"Winter 1962\/63 &#8211; ein Jahrhundertwinter","datePublished":"2020-12-09T06:34:38+00:00","dateModified":"2024-04-04T13:23:45+00:00","mainEntityOfPage":{"@id":"https:\/\/heimathub.de\/winter-1962-63-ein-jahrhundertwinter\/"},"wordCount":171,"commentCount":0,"keywords":["Main","Winter","Eis"],"articleSection":["Leben","Highlights"],"inLanguage":"de","potentialAction":[{"@type":"CommentAction","name":"Comment","target":["https:\/\/heimathub.de\/winter-1962-63-ein-jahrhundertwinter\/#respond"]}]},{"@type":"WebPage","@id":"https:\/\/heimathub.de\/winter-1962-63-ein-jahrhundertwinter\/","url":"https:\/\/heimathub.de\/winter-1962-63-ein-jahrhundertwinter\/","name":"Winter 1962\/63 &#8211; ein Jahrhundertwinter - heimat:hub","isPartOf":{"@id":"https:\/\/heimathub.de\/#website"},"datePublished":"2020-12-09T06:34:38+00:00","dateModified":"2024-04-04T13:23:45+00:00","author":{"@id":"https:\/\/heimathub.de\/#\/schema\/person\/d826aa09cb17988a4c9cce11f0f8087e"},"breadcrumb":{"@id":"https:\/\/heimathub.de\/winter-1962-63-ein-jahrhundertwinter\/#breadcrumb"},"inLanguage":"de","potentialAction":[{"@type":"ReadAction","target":["https:\/\/heimathub.de\/winter-1962-63-ein-jahrhundertwinter\/"]}]},{"@type":"BreadcrumbList","@id":"https:\/\/heimathub.de\/winter-1962-63-ein-jahrhundertwinter\/#breadcrumb","itemListElement":[{"@type":"ListItem","position":1,"name":"Startseite","item":"https:\/\/heimathub.de\/"},{"@type":"ListItem","position":2,"name":"Journal","item":"https:\/\/heimathub.de\/journal\/"},{"@type":"ListItem","position":3,"name":"Winter 1962\/63 &#8211; ein Jahrhundertwinter"}]},{"@type":"WebSite","@id":"https:\/\/heimathub.de\/#website","url":"https:\/\/heimathub.de\/","name":"heimat:hub","description":"","potentialAction":[{"@type":"SearchAction","target":{"@type":"EntryPoint","urlTemplate":"https:\/\/heimathub.de\/?s={search_term_string}"},"query-input":{"@type":"PropertyValueSpecification","valueRequired":true,"valueName":"search_term_string"}}],"inLanguage":"de"},{"@type":"Person","@id":"https:\/\/heimathub.de\/#\/schema\/person\/d826aa09cb17988a4c9cce11f0f8087e","name":"server","image":{"@type":"ImageObject","inLanguage":"de","@id":"https:\/\/secure.gravatar.com\/avatar\/6de59cac448c3b1f248b962f14b78d2970fa5b1d2f1d07ab5891a5722757b424?s=96&d=https%3A%2F%2Fheimathub.de%2Fwp-content%2Fthemes%2Fheimathub%2Fassets%2Fimg%2Fuser.png&r=g","url":"https:\/\/secure.gravatar.com\/avatar\/6de59cac448c3b1f248b962f14b78d2970fa5b1d2f1d07ab5891a5722757b424?s=96&d=https%3A%2F%2Fheimathub.de%2Fwp-content%2Fthemes%2Fheimathub%2Fassets%2Fimg%2Fuser.png&r=g","contentUrl":"https:\/\/secure.gravatar.com\/avatar\/6de59cac448c3b1f248b962f14b78d2970fa5b1d2f1d07ab5891a5722757b424?s=96&d=https%3A%2F%2Fheimathub.de%2Fwp-content%2Fthemes%2Fheimathub%2Fassets%2Fimg%2Fuser.png&r=g","caption":"server"},"url":"https:\/\/heimathub.de\/author\/server\/"}]}},"_links":{"self":[{"href":"https:\/\/heimathub.de\/data\/wp\/v2\/posts\/13417","targetHints":{"allow":["GET"]}}],"collection":[{"href":"https:\/\/heimathub.de\/data\/wp\/v2\/posts"}],"about":[{"href":"https:\/\/heimathub.de\/data\/wp\/v2\/types\/post"}],"author":[{"embeddable":true,"href":"https:\/\/heimathub.de\/data\/wp\/v2\/users\/123"}],"replies":[{"embeddable":true,"href":"https:\/\/heimathub.de\/data\/wp\/v2\/comments?post=13417"}],"version-history":[{"count":1,"href":"https:\/\/heimathub.de\/data\/wp\/v2\/posts\/13417\/revisions"}],"predecessor-version":[{"id":13582,"href":"https:\/\/heimathub.de\/data\/wp\/v2\/posts\/13417\/revisions\/13582"}],"wp:attachment":[{"href":"https:\/\/heimathub.de\/data\/wp\/v2\/media?parent=13417"}],"wp:term":[{"taxonomy":"category","embeddable":true,"href":"https:\/\/heimathub.de\/data\/wp\/v2\/categories?post=13417"},{"taxonomy":"post_tag","embeddable":true,"href":"https:\/\/heimathub.de\/data\/wp\/v2\/tags?post=13417"},{"taxonomy":"format","embeddable":true,"href":"https:\/\/heimathub.de\/data\/wp\/v2\/post-format?post=13417"},{"taxonomy":"content","embeddable":true,"href":"https:\/\/heimathub.de\/data\/wp\/v2\/post-content?post=13417"}],"curies":[{"name":"wp","href":"https:\/\/api.w.org\/{rel}","templated":true}]}}