{"id":13390,"date":"2021-03-01T15:08:38","date_gmt":"2021-03-01T14:08:38","guid":{"rendered":"https:\/\/heimathub.de\/leiderer-wintervergnuegen-mitte-der-1950er-am-maeae-unn-uff-de-kipp\/"},"modified":"2024-04-04T15:23:42","modified_gmt":"2024-04-04T13:23:42","slug":"leiderer-wintervergnuegen-mitte-der-1950er-am-maeae-unn-uff-de-kipp","status":"publish","type":"post","link":"https:\/\/heimathub.de\/leiderer-wintervergnuegen-mitte-der-1950er-am-maeae-unn-uff-de-kipp\/","title":{"rendered":"Leiderer Wintervergn\u00fcgen Mitte der 1950er &#8211; \u201e\u00e5m  M\u00e4\u00e4 unn uff de Kipp\u201c"},"content":{"rendered":"<p>Liebe Leser*innen,<\/p>\n<p>ich m\u00f6chte Sie herzlich einladen zu einer kleinen Zeitreise. \u201eWinter\u201c nennt sich die Illustration aus dem B\u00fcchlein \u201eUnverw\u00fcstliches ABC und Bilderbuch f\u00fcr kleine Kinder\u201c, das 1819 in Leipzig erschienen ist. Die Geb\u00e4ude im Hintergrund, die dargestellten Personen, ihre Kleidung und auch ihre Sportger\u00e4te vermitteln uns Eindr\u00fccke von den Winterfreuden vor ca. 200 Jahren. [1]<br \/>\nRodeln und Schlittschuhlaufen waren auch Mitte der 1950er Jahre f\u00fcr die Kinder und Jugendlichen zwischen 5 und 15 Jahren aus dem Aschaffenburger Stadtteil Leider die beliebtesten Wintersportaktivit\u00e4ten. Wenn Schneefall und mehrere Tage mit Minustemperaturen die nat\u00fcrlichen Voraussetzungen geschaffen hatten Schlitten zu fahren oder auf dem Eis Kurven zu drehen, gab es f\u00fcr die Leiderer Jugend damals drei \u201eFavoriten\u201c, wo sie das am liebsten taten: \u201e\u00e5m M\u00e4\u00e4 unn uff de Kipp\u201c [2] und \u201eim Busch\u201c [3].<\/p>\n<p>Vor allem die beiden Erstgenannten waren zu allen Jahreszeiten die Orte, an denen wir nie lange alleine unterwegs waren, wo immer etwas los war, wo man keinen Eintritt zu bezahlen hatte, die Wegstrecken und -zeiten nahe null gingen und die notwendige Versorgung mit Essen und Trinken in der nahen elterlichen K\u00fcche meistens gesichert war. Das waren gewaltige Vorteile gegen\u00fcber den heutigen Freizeitparks. Nat\u00fcrlich waren Fr\u00fchjahr, Sommer und Herbst die Jahreszeiten, in denen wir am meisten drau\u00dfen \u201eunterwegs\u201c waren.<\/p>\n<p>Doch auch der Winter konnte \u201e\u00e5m M\u00e4\u00e4 unn uff de Kipp\u201c sehr kurzweilig sein, obwohl w\u00e4rmende, wasser- und winddichte Outdoorkleidung damals noch in ferner Zukunft liegen sollten. Leibundseelhosen [4] als Unterw\u00e4sche, dicke Wollsocken, selbst gestrickte Pullover, dar\u00fcber bei besonders eisigen Temperaturen vielleicht noch eine \u2013 meistens \u201evererbte\u201c \u2013 Jacke, dazu dicke Baumwolle- oder Wolle-Drillichhosen [5] , Wollm\u00fctzen, -handschuhe und lederne Schn\u00fcrstiefel: So ausger\u00fcstet \u00fcberstanden wir z. B. auch den Superwinter 1956. Viel Bewegung war trotzdem angesagt, um sich drau\u00dfen warmzuhalten.<\/p>\n<p>Wenn sich die erste geschlossene Schneedecke \u00fcbers Mainland gelegt hatte, schauten wir Leiderer immer mit ein bisschen Neid hin\u00fcber an den Hang oberhalb der M\u00f6rswiese oder dachten sehns\u00fcchtig an die herrlichen Rodelh\u00e4nge am Godels-, Wendel- oder Bischberg und am D\u00e4mmer Galgenbuckel. Was hatten wir? Schlitten hatten wir: Einsitzer, liebevoll \u201eMelkschemel\u201c genannt, Zwei- [6] und Dreisitzer. Nat\u00fcrlich befreiten wir \u2013 wie die D\u00e4mmer oder Schwoihier [7] Jugend \u2013 mit Schmirgelpapier die Schlittenkufen vom Rost der langen Rodelpause und rieben sie mit Speckschwarten ab:<br \/>\nFeintuning eben, anno 1956!<br \/>\nAber Rodelh\u00e4nge? Drei ortsnahe \u201eRodelh\u00e4nge\u201c, soweit man diese bei maximal 20 bis 30 Meter Gesamtl\u00e4nge einschlie\u00dflich einer ca. 5 m langen Gef\u00e4llstrecke mit vielleicht 20\u00b0 Neigung als solche bezeichnen konnte, standen uns zur Verf\u00fcgung [8] :<br \/>\n&#8211; \u201eUff de Kipp\u201c, am, dem Main zugewandten, Ende des Weges gelegen, der \u00f6stlich vom Kindergarten vom Sandrainweg abzweigte; heute Ende Karlsbader Stra\u00dfe,<br \/>\n&#8211; \u201e\u00e5m \u01fanker\u201c (Gasthaus \u201eZum goldenen Anker\u201c) und<br \/>\n\u2013 f\u00fcr uns Kinder aus der Ortsmitte eher die Ausnahme \u2013 eine Bahn an der \u201eThyssenbr\u00fccke\u201c [9] neben der Treppe von der Augasse zur Hafenbahnhofstra\u00dfe.<\/p>\n<p>Eindeutige Lieblingsstrecke dieser Zeit war die \u201e\u00e5m \u01fanker\u201c. Die hatte man aber bei entsprechender Schneelage nie lange f\u00fcr sich alleine. Get\u00fcmmel war zwar infolge des Platzmangels kaum m\u00f6glich, aber f\u00fcr spontane Wettbewerbe fanden sich immer ausreichend Teilnehmer. Wer im Sitzen rodelte, galt als Weichling. Deshalb wollten wir meistens \u201ebaucherts\u201c [10] die gr\u00f6\u00dftm\u00f6gliche Distanz zur\u00fccklegen \u2013 bei ca. 4 Meter Anlauf-, ca. 4 Meter Gef\u00e4ll- und vielleicht 15 bis 20 Metern Auslaufstrecke! Sieger wurde derjenige, der bis zum Stillstand die gr\u00f6\u00dfte Strecke zur\u00fcckgelegt hatte. Der Zaun zum Pfaff\u00b4schen H\u00fchnergehege verhinderte auch bei besten Rodelbedingungen und gr\u00f6\u00dften Anstrengungen der Beteiligten allj\u00e4hrlich neue Rekordweiten. Sehr zum Leidwesen der Familie Pfaff, denn der Zaun bekam durch die mehr oder weniger heftigen Schlittenkontakte zusehends mehr Schadstellen. Auch die Wirtin vom \u201e\u01fanker\u201c hatte nicht unbedingt ihre Freude am Rodelbetrieb direkt unterhalb der etwa 5 Meter hohen Mauer ihrer Gartenwirtschaft. Letztere war zwar im Winter nie besucht, trotzdem streute Irmgard F. des \u00d6fteren morgens Asche auf unsere Bahn und verg\u00e4llte uns so den Spa\u00df am Rodeln. Findige K\u00f6pfe versuchten die Asche mit Wasser wegzuschwemmen, was dann meistens zu einer Vereisung der Rodelbahn f\u00fchrte. Jetzt waren unsere Lenkk\u00fcnste besonders gefragt, vor allem wenn auch noch Rodelslalom angesagt war. Mit der \u201eAnker\u201c-Mauer auf der rechten und einem stets feuchten Entw\u00e4sserungsgraben auf der linken Seite endete der Wettkampf dann f\u00fcr so manchen Rodler mit ordentlichen Schrammen oder nasser Kleidung.<\/p>\n<p>Die beiden anderen Rodelbahnen hatten ebenfalls ihre Eigenheiten. Die auf der \u201eKipp\u201c war stark bewachsen und hatte nur eine sehr kurze Gef\u00e4llstrecke mit abruptem \u00dcbergang in die Waagrechte. Rodler, manchmal auch Rodlerinnen, landeten dort \u00f6fter unfreiwillig mit dem Kopf voraus im Gel\u00e4nde. Ein richtiges Rodelgef\u00fchl stellte sich da nicht so recht ein. Hier versuchten eher die ersten \u201ealpinen\u201c Skil\u00e4ufer ihr Gl\u00fcck auf gehobelten Fassdauben mit angeschraubten Lederriemen als Skibindungen. Ein Quantensprung: Der Leiderer Wagner Walter St\u00f6ckinger fertigte ab Mitte der 1950er sogar echte Holzskier nach Ma\u00df. Mangels Geld waren die dann aber eher die Ausnahme.<br \/>\nDie Bahn an der Hafenbr\u00fccke hatte von allen drei Rodelpisten die l\u00e4ngste Neigungsstrecke, aber praktisch keine Anlaufstrecke und nur einen sehr kurzen Auslauf, der zudem noch direkt auf die Hafenbahnhofstra\u00dfe m\u00fcndete.<br \/>\nDie trotz des langen Anmarschweges zweifellos attraktivste Rodelbahn f\u00fcr die \u201eGr\u00f6\u00dferen\u201c unter uns, war nat\u00fcrlich die Gef\u00e4llstrecke vom Aussichtsturm im Sch\u00f6nbusch hinunter, \u00fcber den Weg zwischen See und Irrgarten hinweg und am Gegenhang wieder hinauf. Diese Besonderheit des Auslaufs wurde noch \u00fcbertroffen von den quer \u00fcber die Abfahrt laufenden Wegstufen auf der Gef\u00e4llstrecke. Die erzeugten, je nach Schlittenlast und -tempo, bei Fahrer und Schlitten bei jedem Hopser beachtliches Ge\u00e4chze. Ein weiterer Reiz dieser Strecke lag nat\u00fcrlich auch in der Spannung, ob und wann der Parkaufseher auftauchen w\u00fcrde, der solch ein Treiben in \u201eseinem&#8220; Park keinesfalls dulden konnte.<\/p>\n<p>Der Sch\u00f6nbusch hatte au\u00dfer dieser \u201einoffiziellen\u201c Rodelbahn nat\u00fcrlich immer dann nicht nur auf uns Leiderer die gr\u00f6\u00dfte Anziehungskraft, wenn sich infolge einer l\u00e4ngeren Frostperiode auf dem See eine tragf\u00e4hige Eisschicht gebildet hatte. Spazierg\u00e4nge \u00fcbers Eis, Schlittschuhlaufen, ja sogar Eistanz, Eisstockschie\u00dfen f\u00fcr die \u00c4lteren, auch Eishockey \u2013 alle diese Aktivit\u00e4ten gab es auch schon in den 1950ern. Richtige Schlittschuhe, bei denen die Kufen mit den Schuhen fest verbunden waren, konnte man schon vereinzelt bestaunen. Das Gros der Schlittschuhl\u00e4ufer*innen musste sich damals noch der M\u00fche des Anschraubens der Kufen an die Stiefel unterziehen [11], um dann auf dem Eis mehr oder weniger gekonnt seine Bahnen zu ziehen.<\/p>\n<p>Besonders heikel war die Zeit der Eisbildung oder bei einsetzendem Tauwetter. So mancher Leiderer Bub, der vorzeitig auf das Eis wollte oder noch nicht genug vom winterlichen Vergn\u00fcgen hatte, brach in den nur etwa 80 bis 100 cm tiefen See ein, musste dann aber mit nassen Hosen die etwa 2 Kilometer ins Dorf laufen. \u201eEisb\u00e4der\u201c mit dramatischen Folgen sind mir nicht bekannt aus dieser Zeit.<br \/>\nGanz anders gestalteten sich die Eislaufm\u00f6glichkeiten auf dem Main. Der fror als Flie\u00dfgew\u00e4sser ohnehin erst nach mehrw\u00f6chigem strengem Frost so zu, dass man sich als Fu\u00dfg\u00e4nger bzw. Schlittschuhl\u00e4ufer*in darauf bewegen konnte. Unterhalb des Auslaufes des K\u00fchlwassers vom Bayernwerk in Leider blieb das linksmainische Ufer kilometerweit stromabw\u00e4rts best\u00e4ndig eisfrei. Auch stromaufw\u00e4rts konnte man selbst im strengen Winter 1956 nicht sicher sein, ob die Eisfl\u00e4che \u00fcber die gesamte Flussbreite tragf\u00e4hig war. Der Grund: Eisbrecher des Wasser- und Schifffahrtsamtes versuchten so lange als m\u00f6glich, durch das Aufbrechen der Eisdecke in der Mitte des Mains eine Fahrrinne freizuhalten.[12]<\/p>\n<p>Es muss in den Februarwochen 1956 gewesen sein, als der damals jugendliche G\u00fcnter G. aus Leider, von der Statur her ein Leichtgewicht, etwas Besonderes wagen wollte. Obwohl in der Strommitte die wieder zusammengefrorenen Schollen der wenige Tage zuvor freigebrochenen Fahrrinne auch vom Leiderer Ufer her deutlich zu sehen waren, wollte er den Main \u00fcberqueren. War es \u00dcbermut? Lag diesem Vorhaben eine gewaltige Untersch\u00e4tzung der Gefahrensituation zu Grunde? Ihm, der in der unteren Brunnengasse, also in direkter Nachbarschaft zum Main lebte, musste das Risiko eines solchen Vorhabens bewusst gewesen sein. \u201e\u00c4r wolld unns nu\u00e4 zeische, dass \u00e4r w\u00e5s k\u00e5nn, w\u00e5s em sou schn\u00e4ll k\u00e4nner n\u00e5chmeschd\u201c erinnert sich heute noch ein Nachbarsjunge von damals. Vom Leiderer Ufer etwa in H\u00f6he des Kilometer-85-Schildes aus verfolgten wir G\u00fcnter, der sich trotz Warnungen auch von unserer Seite aus in Richtung M\u00f6rswiese am jenseitigen Ufer aufmachte. Gebannt beobachteten wir ihn auf seinem Weg \u00fcber die schneebedeckte Eisfl\u00e4che. G\u00fcnter war noch etwa 5 \u2013 6 Meter vom rechten Uferrand entfernt, als er pl\u00f6tzlich ins Eis einbrach. Er schrie laut um Hilfe, die sich auch schnell aus Richtung der ehemaligen Tuchfabrik Weller n\u00e4herte. Wir konnten einen Mann erkennen, der mit einer langen Leiter in Richtung G\u00fcnter rannte, das Rettungsger\u00e4t auf das Eis legte, auf allen Vieren zum \u201eEinbrecher\u201c kroch und ihn aus dem Wasser ziehen konnte.<br \/>\nG\u00fcnter hatte mit seinem Unterfangen tats\u00e4chlich gleich Mehreres erreicht:<br \/>\n&#8211; Unserer Respekt vor einem Eisgang auf dem Main und den T\u00fccken auch scheinbar tragf\u00e4higer Eisfl\u00e4chen hatte sich noch einmal betr\u00e4chtlich erh\u00f6ht.<br \/>\n&#8211; G\u00fcnter war f\u00fcr die Leiderer schlechthin \u201edie Sensation des Winters\u201c.<br \/>\n&#8211; Was ihm bis in die Gegenwart geblieben ist: Wer Zeitgenossen von damals nach dem \u201eEisvochel\u201c fragt, lockt beim Befragten nach kurzem Nachdenken ein Schmunzeln hervor: \u201eWart emool. De Eisvochel? Ja, dess w\u00e5r de G\u00fcnter aus de Brunnegass.\u201c<br \/>\n&#8222;Wer den Schaden hat, braucht &#8230;\u201c<\/p>\n<p><strong>Fu\u00dfnoten:<\/strong><\/p>\n<p>[1] Siehe Abb. 1.<br \/>\n[2] Siehe Karte 1.<br \/>\n[3] Leiderer Kurzbezeichnung f\u00fcr den Park Sch\u00f6nbusch.<br \/>\n[4] Ein meistens von Buben getragenes einteiliges Unterw\u00e4schest\u00fcck, gleichzeitig Unterhemd und lange<br \/>\nUnterhose; letztere war hinten mit einer mit Druckkn\u00f6pfen zu schlie\u00dfenden Klappe und vorne mit einer<br \/>\nnormalen Schlitz\u00f6ffnung f\u00fcr die diversen \u201eGesch\u00e4ftsarten\u201c ausgestattet. Der Begriff \u201eLeibundseelhose\u201c<br \/>\nwurde 2004 \u00fcbrigens von den Machern der W\u00fcrzburger \u201eMain-Post\u201c zum sch\u00f6nsten W\u00fcrzburger Wort<br \/>\ngek\u00fcrt. Siehe: https:\/\/www.mainpost.de\/regional\/wuerzburg\/hundsverregger-in-leibundseelhose-art-<br \/>\n2731089! Im Duden, 28. Ausgabe von 2020, kennt dieses Wort dagegen nicht.<br \/>\n[5] H\u00e4ufig aus alten Uniformresten oder -stoffen hergestellt.<br \/>\n[6] Siehe Abb. 1.<br \/>\n[7] Dialektbezeichnung f\u00fcr \u201eSchweinheimer\u201c.<br \/>\n[8] Siehe Karte 1.<br \/>\n[9] Bezeichnung f\u00fcr die Hafenbr\u00fccke, auf welcher die Augasse die Hafenbahn zur B26 kreuzt.<br \/>\n[10]Hochdeutsch: \u201eIn Bauchlage\u201c oder \u201eb\u00e4uchlings\u201c.<br \/>\n[11] Siehe Abb. 3.<br \/>\n[12] Siehe Abb. 4.<\/p>\n<p>&nbsp;<\/p>\n<p>Hier geht es zu einem weiteren Beitrag zur Aschaffenburger Kindheit im Winter:<\/p>\n<p><a href=\"https:\/\/aschaffenburgzweinull.stadtarchiv-digital.de\/schlittenfahren-am-galgenbuckel\/\">https:\/\/aschaffenburgzweinull.stadtarchiv-digital.de\/schlittenfahren-am-galgenbuckel\/<\/a><\/p>\n<p>&nbsp;<\/p>\n<p>&nbsp;<\/p>\n","protected":false},"excerpt":{"rendered":"<p>Liebe Leser*innen, ich m\u00f6chte Sie herzlich einladen zu einer kleinen Zeitreise. \u201eWinter\u201c nennt sich die Illustration aus dem B\u00fcchlein \u201eUnverw\u00fcstliches ABC und Bilderbuch f\u00fcr kleine Kinder\u201c, das 1819 in Leipzig [&hellip;]<\/p>\n","protected":false},"author":123,"featured_media":0,"comment_status":"open","ping_status":"open","sticky":false,"template":"","format":"standard","meta":{"_acf_changed":false,"_price":"","_stock":"","_tribe_ticket_header":"","_tribe_default_ticket_provider":"","_tribe_ticket_capacity":"0","_ticket_start_date":"","_ticket_end_date":"","_tribe_ticket_show_description":"","_tribe_ticket_show_not_going":false,"_tribe_ticket_use_global_stock":"","_tribe_ticket_global_stock_level":"","_global_stock_mode":"","_global_stock_cap":"","_tribe_rsvp_for_event":"","_tribe_ticket_going_count":"","_tribe_ticket_not_going_count":"","_tribe_tickets_list":"[]","_tribe_ticket_has_attendee_info_fields":false,"footnotes":""},"categories":[960,987],"tags":[1032,1168,1169],"post-format":[],"post-content":[50,47],"class_list":["post-13390","post","type-post","status-publish","format-standard","hentry","category-leben","category-persoenliches","tag-kindheit","tag-winter","tag-schlittenfahren","content-image","content-text"],"acf":[],"yoast_head":"<!-- This site is optimized with the Yoast SEO plugin v27.5 - https:\/\/yoast.com\/product\/yoast-seo-wordpress\/ -->\n<title>Leiderer Wintervergn\u00fcgen Mitte der 1950er &#8211; \u201e\u00e5m M\u00e4\u00e4 unn uff de Kipp\u201c - heimat:hub<\/title>\n<meta name=\"robots\" content=\"index, follow, max-snippet:-1, max-image-preview:large, max-video-preview:-1\" \/>\n<link rel=\"canonical\" href=\"https:\/\/heimathub.de\/leiderer-wintervergnuegen-mitte-der-1950er-am-maeae-unn-uff-de-kipp\/\" \/>\n<meta property=\"og:locale\" content=\"de_DE\" \/>\n<meta property=\"og:type\" content=\"article\" \/>\n<meta property=\"og:title\" content=\"Leiderer Wintervergn\u00fcgen Mitte der 1950er &#8211; \u201e\u00e5m M\u00e4\u00e4 unn uff de Kipp\u201c - heimat:hub\" \/>\n<meta property=\"og:description\" content=\"Liebe Leser*innen, ich m\u00f6chte Sie herzlich einladen zu einer kleinen Zeitreise. \u201eWinter\u201c nennt sich die Illustration aus dem B\u00fcchlein \u201eUnverw\u00fcstliches ABC und Bilderbuch f\u00fcr kleine Kinder\u201c, das 1819 in Leipzig [&hellip;]\" \/>\n<meta property=\"og:url\" content=\"https:\/\/heimathub.de\/leiderer-wintervergnuegen-mitte-der-1950er-am-maeae-unn-uff-de-kipp\/\" \/>\n<meta property=\"og:site_name\" content=\"heimat:hub\" \/>\n<meta property=\"article:published_time\" content=\"2021-03-01T14:08:38+00:00\" \/>\n<meta property=\"article:modified_time\" content=\"2024-04-04T13:23:42+00:00\" \/>\n<meta name=\"author\" content=\"server\" \/>\n<meta name=\"twitter:card\" content=\"summary_large_image\" \/>\n<meta name=\"twitter:label1\" content=\"Verfasst von\" \/>\n\t<meta name=\"twitter:data1\" content=\"server\" \/>\n\t<meta name=\"twitter:label2\" content=\"Gesch\u00e4tzte Lesezeit\" \/>\n\t<meta name=\"twitter:data2\" content=\"9\u00a0Minuten\" \/>\n<script type=\"application\/ld+json\" class=\"yoast-schema-graph\">{\"@context\":\"https:\\\/\\\/schema.org\",\"@graph\":[{\"@type\":\"Article\",\"@id\":\"https:\\\/\\\/heimathub.de\\\/leiderer-wintervergnuegen-mitte-der-1950er-am-maeae-unn-uff-de-kipp\\\/#article\",\"isPartOf\":{\"@id\":\"https:\\\/\\\/heimathub.de\\\/leiderer-wintervergnuegen-mitte-der-1950er-am-maeae-unn-uff-de-kipp\\\/\"},\"author\":{\"name\":\"server\",\"@id\":\"https:\\\/\\\/heimathub.de\\\/#\\\/schema\\\/person\\\/d826aa09cb17988a4c9cce11f0f8087e\"},\"headline\":\"Leiderer Wintervergn\u00fcgen Mitte der 1950er &#8211; \u201e\u00e5m M\u00e4\u00e4 unn uff de Kipp\u201c\",\"datePublished\":\"2021-03-01T14:08:38+00:00\",\"dateModified\":\"2024-04-04T13:23:42+00:00\",\"mainEntityOfPage\":{\"@id\":\"https:\\\/\\\/heimathub.de\\\/leiderer-wintervergnuegen-mitte-der-1950er-am-maeae-unn-uff-de-kipp\\\/\"},\"wordCount\":1746,\"commentCount\":0,\"keywords\":[\"Kindheit\",\"Winter\",\"Schlittenfahren\"],\"articleSection\":[\"Leben\",\"Pers\u00f6nliches\"],\"inLanguage\":\"de\",\"potentialAction\":[{\"@type\":\"CommentAction\",\"name\":\"Comment\",\"target\":[\"https:\\\/\\\/heimathub.de\\\/leiderer-wintervergnuegen-mitte-der-1950er-am-maeae-unn-uff-de-kipp\\\/#respond\"]}]},{\"@type\":\"WebPage\",\"@id\":\"https:\\\/\\\/heimathub.de\\\/leiderer-wintervergnuegen-mitte-der-1950er-am-maeae-unn-uff-de-kipp\\\/\",\"url\":\"https:\\\/\\\/heimathub.de\\\/leiderer-wintervergnuegen-mitte-der-1950er-am-maeae-unn-uff-de-kipp\\\/\",\"name\":\"Leiderer Wintervergn\u00fcgen Mitte der 1950er &#8211; \u201e\u00e5m M\u00e4\u00e4 unn uff de Kipp\u201c - heimat:hub\",\"isPartOf\":{\"@id\":\"https:\\\/\\\/heimathub.de\\\/#website\"},\"datePublished\":\"2021-03-01T14:08:38+00:00\",\"dateModified\":\"2024-04-04T13:23:42+00:00\",\"author\":{\"@id\":\"https:\\\/\\\/heimathub.de\\\/#\\\/schema\\\/person\\\/d826aa09cb17988a4c9cce11f0f8087e\"},\"breadcrumb\":{\"@id\":\"https:\\\/\\\/heimathub.de\\\/leiderer-wintervergnuegen-mitte-der-1950er-am-maeae-unn-uff-de-kipp\\\/#breadcrumb\"},\"inLanguage\":\"de\",\"potentialAction\":[{\"@type\":\"ReadAction\",\"target\":[\"https:\\\/\\\/heimathub.de\\\/leiderer-wintervergnuegen-mitte-der-1950er-am-maeae-unn-uff-de-kipp\\\/\"]}]},{\"@type\":\"BreadcrumbList\",\"@id\":\"https:\\\/\\\/heimathub.de\\\/leiderer-wintervergnuegen-mitte-der-1950er-am-maeae-unn-uff-de-kipp\\\/#breadcrumb\",\"itemListElement\":[{\"@type\":\"ListItem\",\"position\":1,\"name\":\"Startseite\",\"item\":\"https:\\\/\\\/heimathub.de\\\/\"},{\"@type\":\"ListItem\",\"position\":2,\"name\":\"Journal\",\"item\":\"https:\\\/\\\/heimathub.de\\\/journal\\\/\"},{\"@type\":\"ListItem\",\"position\":3,\"name\":\"Leiderer Wintervergn\u00fcgen Mitte der 1950er &#8211; \u201e\u00e5m M\u00e4\u00e4 unn uff de Kipp\u201c\"}]},{\"@type\":\"WebSite\",\"@id\":\"https:\\\/\\\/heimathub.de\\\/#website\",\"url\":\"https:\\\/\\\/heimathub.de\\\/\",\"name\":\"heimat:hub\",\"description\":\"\",\"potentialAction\":[{\"@type\":\"SearchAction\",\"target\":{\"@type\":\"EntryPoint\",\"urlTemplate\":\"https:\\\/\\\/heimathub.de\\\/?s={search_term_string}\"},\"query-input\":{\"@type\":\"PropertyValueSpecification\",\"valueRequired\":true,\"valueName\":\"search_term_string\"}}],\"inLanguage\":\"de\"},{\"@type\":\"Person\",\"@id\":\"https:\\\/\\\/heimathub.de\\\/#\\\/schema\\\/person\\\/d826aa09cb17988a4c9cce11f0f8087e\",\"name\":\"server\",\"image\":{\"@type\":\"ImageObject\",\"inLanguage\":\"de\",\"@id\":\"https:\\\/\\\/secure.gravatar.com\\\/avatar\\\/6de59cac448c3b1f248b962f14b78d2970fa5b1d2f1d07ab5891a5722757b424?s=96&d=https%3A%2F%2Fheimathub.de%2Fwp-content%2Fthemes%2Fheimathub%2Fassets%2Fimg%2Fuser.png&r=g\",\"url\":\"https:\\\/\\\/secure.gravatar.com\\\/avatar\\\/6de59cac448c3b1f248b962f14b78d2970fa5b1d2f1d07ab5891a5722757b424?s=96&d=https%3A%2F%2Fheimathub.de%2Fwp-content%2Fthemes%2Fheimathub%2Fassets%2Fimg%2Fuser.png&r=g\",\"contentUrl\":\"https:\\\/\\\/secure.gravatar.com\\\/avatar\\\/6de59cac448c3b1f248b962f14b78d2970fa5b1d2f1d07ab5891a5722757b424?s=96&d=https%3A%2F%2Fheimathub.de%2Fwp-content%2Fthemes%2Fheimathub%2Fassets%2Fimg%2Fuser.png&r=g\",\"caption\":\"server\"},\"url\":\"https:\\\/\\\/heimathub.de\\\/author\\\/server\\\/\"}]}<\/script>\n<!-- \/ Yoast SEO plugin. -->","yoast_head_json":{"title":"Leiderer Wintervergn\u00fcgen Mitte der 1950er &#8211; \u201e\u00e5m M\u00e4\u00e4 unn uff de Kipp\u201c - heimat:hub","robots":{"index":"index","follow":"follow","max-snippet":"max-snippet:-1","max-image-preview":"max-image-preview:large","max-video-preview":"max-video-preview:-1"},"canonical":"https:\/\/heimathub.de\/leiderer-wintervergnuegen-mitte-der-1950er-am-maeae-unn-uff-de-kipp\/","og_locale":"de_DE","og_type":"article","og_title":"Leiderer Wintervergn\u00fcgen Mitte der 1950er &#8211; \u201e\u00e5m M\u00e4\u00e4 unn uff de Kipp\u201c - heimat:hub","og_description":"Liebe Leser*innen, ich m\u00f6chte Sie herzlich einladen zu einer kleinen Zeitreise. \u201eWinter\u201c nennt sich die Illustration aus dem B\u00fcchlein \u201eUnverw\u00fcstliches ABC und Bilderbuch f\u00fcr kleine Kinder\u201c, das 1819 in Leipzig [&hellip;]","og_url":"https:\/\/heimathub.de\/leiderer-wintervergnuegen-mitte-der-1950er-am-maeae-unn-uff-de-kipp\/","og_site_name":"heimat:hub","article_published_time":"2021-03-01T14:08:38+00:00","article_modified_time":"2024-04-04T13:23:42+00:00","author":"server","twitter_card":"summary_large_image","twitter_misc":{"Verfasst von":"server","Gesch\u00e4tzte Lesezeit":"9\u00a0Minuten"},"schema":{"@context":"https:\/\/schema.org","@graph":[{"@type":"Article","@id":"https:\/\/heimathub.de\/leiderer-wintervergnuegen-mitte-der-1950er-am-maeae-unn-uff-de-kipp\/#article","isPartOf":{"@id":"https:\/\/heimathub.de\/leiderer-wintervergnuegen-mitte-der-1950er-am-maeae-unn-uff-de-kipp\/"},"author":{"name":"server","@id":"https:\/\/heimathub.de\/#\/schema\/person\/d826aa09cb17988a4c9cce11f0f8087e"},"headline":"Leiderer Wintervergn\u00fcgen Mitte der 1950er &#8211; \u201e\u00e5m M\u00e4\u00e4 unn uff de Kipp\u201c","datePublished":"2021-03-01T14:08:38+00:00","dateModified":"2024-04-04T13:23:42+00:00","mainEntityOfPage":{"@id":"https:\/\/heimathub.de\/leiderer-wintervergnuegen-mitte-der-1950er-am-maeae-unn-uff-de-kipp\/"},"wordCount":1746,"commentCount":0,"keywords":["Kindheit","Winter","Schlittenfahren"],"articleSection":["Leben","Pers\u00f6nliches"],"inLanguage":"de","potentialAction":[{"@type":"CommentAction","name":"Comment","target":["https:\/\/heimathub.de\/leiderer-wintervergnuegen-mitte-der-1950er-am-maeae-unn-uff-de-kipp\/#respond"]}]},{"@type":"WebPage","@id":"https:\/\/heimathub.de\/leiderer-wintervergnuegen-mitte-der-1950er-am-maeae-unn-uff-de-kipp\/","url":"https:\/\/heimathub.de\/leiderer-wintervergnuegen-mitte-der-1950er-am-maeae-unn-uff-de-kipp\/","name":"Leiderer Wintervergn\u00fcgen Mitte der 1950er &#8211; \u201e\u00e5m M\u00e4\u00e4 unn uff de Kipp\u201c - heimat:hub","isPartOf":{"@id":"https:\/\/heimathub.de\/#website"},"datePublished":"2021-03-01T14:08:38+00:00","dateModified":"2024-04-04T13:23:42+00:00","author":{"@id":"https:\/\/heimathub.de\/#\/schema\/person\/d826aa09cb17988a4c9cce11f0f8087e"},"breadcrumb":{"@id":"https:\/\/heimathub.de\/leiderer-wintervergnuegen-mitte-der-1950er-am-maeae-unn-uff-de-kipp\/#breadcrumb"},"inLanguage":"de","potentialAction":[{"@type":"ReadAction","target":["https:\/\/heimathub.de\/leiderer-wintervergnuegen-mitte-der-1950er-am-maeae-unn-uff-de-kipp\/"]}]},{"@type":"BreadcrumbList","@id":"https:\/\/heimathub.de\/leiderer-wintervergnuegen-mitte-der-1950er-am-maeae-unn-uff-de-kipp\/#breadcrumb","itemListElement":[{"@type":"ListItem","position":1,"name":"Startseite","item":"https:\/\/heimathub.de\/"},{"@type":"ListItem","position":2,"name":"Journal","item":"https:\/\/heimathub.de\/journal\/"},{"@type":"ListItem","position":3,"name":"Leiderer Wintervergn\u00fcgen Mitte der 1950er &#8211; \u201e\u00e5m M\u00e4\u00e4 unn uff de Kipp\u201c"}]},{"@type":"WebSite","@id":"https:\/\/heimathub.de\/#website","url":"https:\/\/heimathub.de\/","name":"heimat:hub","description":"","potentialAction":[{"@type":"SearchAction","target":{"@type":"EntryPoint","urlTemplate":"https:\/\/heimathub.de\/?s={search_term_string}"},"query-input":{"@type":"PropertyValueSpecification","valueRequired":true,"valueName":"search_term_string"}}],"inLanguage":"de"},{"@type":"Person","@id":"https:\/\/heimathub.de\/#\/schema\/person\/d826aa09cb17988a4c9cce11f0f8087e","name":"server","image":{"@type":"ImageObject","inLanguage":"de","@id":"https:\/\/secure.gravatar.com\/avatar\/6de59cac448c3b1f248b962f14b78d2970fa5b1d2f1d07ab5891a5722757b424?s=96&d=https%3A%2F%2Fheimathub.de%2Fwp-content%2Fthemes%2Fheimathub%2Fassets%2Fimg%2Fuser.png&r=g","url":"https:\/\/secure.gravatar.com\/avatar\/6de59cac448c3b1f248b962f14b78d2970fa5b1d2f1d07ab5891a5722757b424?s=96&d=https%3A%2F%2Fheimathub.de%2Fwp-content%2Fthemes%2Fheimathub%2Fassets%2Fimg%2Fuser.png&r=g","contentUrl":"https:\/\/secure.gravatar.com\/avatar\/6de59cac448c3b1f248b962f14b78d2970fa5b1d2f1d07ab5891a5722757b424?s=96&d=https%3A%2F%2Fheimathub.de%2Fwp-content%2Fthemes%2Fheimathub%2Fassets%2Fimg%2Fuser.png&r=g","caption":"server"},"url":"https:\/\/heimathub.de\/author\/server\/"}]}},"_links":{"self":[{"href":"https:\/\/heimathub.de\/data\/wp\/v2\/posts\/13390","targetHints":{"allow":["GET"]}}],"collection":[{"href":"https:\/\/heimathub.de\/data\/wp\/v2\/posts"}],"about":[{"href":"https:\/\/heimathub.de\/data\/wp\/v2\/types\/post"}],"author":[{"embeddable":true,"href":"https:\/\/heimathub.de\/data\/wp\/v2\/users\/123"}],"replies":[{"embeddable":true,"href":"https:\/\/heimathub.de\/data\/wp\/v2\/comments?post=13390"}],"version-history":[{"count":1,"href":"https:\/\/heimathub.de\/data\/wp\/v2\/posts\/13390\/revisions"}],"predecessor-version":[{"id":13555,"href":"https:\/\/heimathub.de\/data\/wp\/v2\/posts\/13390\/revisions\/13555"}],"wp:attachment":[{"href":"https:\/\/heimathub.de\/data\/wp\/v2\/media?parent=13390"}],"wp:term":[{"taxonomy":"category","embeddable":true,"href":"https:\/\/heimathub.de\/data\/wp\/v2\/categories?post=13390"},{"taxonomy":"post_tag","embeddable":true,"href":"https:\/\/heimathub.de\/data\/wp\/v2\/tags?post=13390"},{"taxonomy":"format","embeddable":true,"href":"https:\/\/heimathub.de\/data\/wp\/v2\/post-format?post=13390"},{"taxonomy":"content","embeddable":true,"href":"https:\/\/heimathub.de\/data\/wp\/v2\/post-content?post=13390"}],"curies":[{"name":"wp","href":"https:\/\/api.w.org\/{rel}","templated":true}]}}