{"id":13329,"date":"2021-12-19T10:00:55","date_gmt":"2021-12-19T09:00:55","guid":{"rendered":"https:\/\/heimathub.de\/das-geschenk-an-das-ich-immer-noch-denke\/"},"modified":"2024-04-04T15:23:35","modified_gmt":"2024-04-04T13:23:35","slug":"das-geschenk-an-das-ich-immer-noch-denke","status":"publish","type":"post","link":"https:\/\/heimathub.de\/das-geschenk-an-das-ich-immer-noch-denke\/","title":{"rendered":"Das Geschenk, an das ich immer noch denke"},"content":{"rendered":"<p>Zur Weihnachtszeit wurde im Stadtlabor &#8222;Aschaffenburg 2.0&#8220; ein <a href=\"https:\/\/aschaffenburgzweinull.stadtarchiv-digital.de\/sammlungsaufruf-zur-weihnachtszeit\/\">Sammlungsaufruf zum Thema Weihnachten<\/a> gestartet. Einige der eingereichten Geschichten und Erinnerungen k\u00f6nnen hier und in weiteren Beitr\u00e4gen nun gelesen werden.<\/p>\n<p><strong>Das Schokoladenauto<\/strong><\/p>\n<p>von Hans D. Gerhard<\/p>\n<p>Advent 1944. Wenige Tage waren erst\u00a0seit jenem denkw\u00fcrdigen Abend vergangen, als alliierte Lancaster-Bomber unser Haus in der Alexandrastra\u00dfe in Schutt und Asche legten.<\/p>\n<p>Mit einem Schlag waren all die Dinge ausgel\u00f6scht, welche sich wie bunte Steinchen zum Kaleidoskop meiner heilen Kinderwelt zusammengesetzt hatten: Diese unverwechselbare fremde Welt der Ger\u00fcche aus der elterlichen\u00a0 Apotheke\u00a0 &#8211;\u00a0 ein Duft-Crescendo aus Benzin und Arnikatinktur, aus Baldrian und Salmiakgeist oder die f\u00fcr mich achtj\u00e4hrigen Unruhestifter zur Tabuzone erkl\u00e4rte Bibliothek meines gestrengen Opas, wo ich f\u00fcr meine ersten Leseabenteuer immer mal einen Karl May- oder Salgari-Band stibitzte und heimlich seinen schauderhaften Condurango-Wein probierte, unser mit dem in der Badewanne zerhackten Eis aus der Bavaria-Brauerei gef\u00fcllten Unget\u00fcm von Eismaschine, um welche die Kinder des ganzen Viertels uns beneideten; nicht zu vergessen unser G\u00e4rtchen mit dem Stall des Hasen Adalbert, mit dem von mir stets vorzeitig seiner Fr\u00fcchte beraubten Mirabellenbaum und dem\u00a0 Loch im Gartenzaun, das mir ohne Umwege den Besuch meiner Freundin Julitta im Nachbarhaus erm\u00f6glichte. Nicht zu vergessen, die vom benachbarten \u201eForstgarten\u201c her\u00fcberziehenden Bierschwaden. Als ich abends vom Schalter des Forstgartens mit einem Krug Bier zur\u00fcckkam, hielt sich mein schlechtes Gewissen in Grenzen, falls Vater wieder monierte, der Wirt habe schlecht eingeschenkt.<\/p>\n<p>Ich kann nicht umhin, zuzugeben, dass mich damals so verwerfliche Gedanken heimsuchten wie die \u00dcberlegung, warum der Liebe Gott statt meines tapfer in den Kellerresten unseres Hauses ausgeharrten Opas nicht eher die Kiste mit der M\u00e4rklin-Eisenbahn aus den Tr\u00fcmmern\u00a0 gerettet hatte. In einem hatte er allerdings ein Einsehen gehabt und auch eine Bombe auf die gegen\u00fcberliegende Oberrealschule abgezweigt, in der ich im Jahr zuvor \u00fcberfl\u00fcssigerweise eingeschult worden war.<\/p>\n<p>Die Evakuierung hatte unsere Familie nach Sailauf verschlagen, wo wir im \u201eGasthaus Wissel\u201c Unterschlupf fanden. Dort wurden wir aus der Ferne Zeugen des schaurigen Feuerwerks, das im Koordinatensystem der am Himmel aufgepflanzten \u201eChristb\u00e4ume\u201c \u00fcber Aschaffenburg herniederging. In dieser schlimmen Zeit dachten wir bei dem Wort Christbaum eher an jene heimt\u00fcckischen Markierungsbomben als an das Symbol des sch\u00f6nsten deutschen Festes.<\/p>\n<p>Meinen Vater, dem damals das neudeutsche Wort Logistik fremd war, bewunderte ich ob seines Organisationstalents. Als er eines Abends wieder m\u00fcde von seinem t\u00e4glichen 13-Kilometer-Fu\u00dfmarsch aus der Stadt zur\u00fcckkehrte und mir\u00a0 &#8211; bleibendes Wohlverhalten meinerseits vorausgesetzt\u00a0 &#8211; f\u00fcr den zweiten Advent ein \u00dcberraschungsmitbringsel ank\u00fcndigte, waren meine Erwartungen hochgeschraubt; kaum wollte die Zeit vergehen. Trotz seiner nicht leicht zu erf\u00fcllenden Bedingung war es zwei Tage sp\u00e4ter so weit. Aus einer zerknitterten T\u00fcte zog mein Vater ein in blaues Stanniol verpacktes Auto aus Schokolade. Schokolade! Was gab es im Krieg f\u00fcr uns Kinder Exotischeres? Nachdem ich dieses Auto &#8211; es immer wieder beschnuppernd &#8211; tagelang auf vielen Routen &#8211; brmm!, brmm! &#8211; \u00fcber den Fu\u00dfboden gesteuert hatte, fuhr es schlie\u00dflich auf dem blanken Chassis, weil auch das Stanniol total abgefahren war. Vor dem Zubettgehen verbarg ich das Rudiment vor meiner j\u00fcngeren Schwester, die von Autos sowieso nichts verstand, in st\u00e4ndig wechselnden Verstecken, bevor ich den Rest nach mehrt\u00e4giger Bedenkzeit aufa\u00df. Kein Wunder, das es mir so gar nicht schmecken wollte und mir mit jedem Bissen wehm\u00fctiger ums Herz wurde.<\/p>\n<p>Auch heute, nach 78 Jahren also, in Zeiten wo sich bereits im Oktober Myriaden von Schokoladen-Nikol\u00e4usen und \u2013Autos in den Supermarktregalen den Platz streitig machen und wo eben dort kurz nach Weihnachten riesige Populationen von Schoko-Osterhasen nach Luft ringen, habe ich jenes Geschenk vom Advent 1944 nicht vergessen: Das Schokoladenauto.<\/p>\n<p>&nbsp;<\/p>\n","protected":false},"excerpt":{"rendered":"<p>Zur Weihnachtszeit wurde im Stadtlabor &#8222;Aschaffenburg 2.0&#8220; ein Sammlungsaufruf zum Thema Weihnachten gestartet. Einige der eingereichten Geschichten und Erinnerungen k\u00f6nnen hier und in weiteren Beitr\u00e4gen nun gelesen werden. Das Schokoladenauto [&hellip;]<\/p>\n","protected":false},"author":123,"featured_media":0,"comment_status":"open","ping_status":"open","sticky":false,"template":"","format":"standard","meta":{"_acf_changed":false,"_price":"","_stock":"","_tribe_ticket_header":"","_tribe_default_ticket_provider":"","_tribe_ticket_capacity":"0","_ticket_start_date":"","_ticket_end_date":"","_tribe_ticket_show_description":"","_tribe_ticket_show_not_going":false,"_tribe_ticket_use_global_stock":"","_tribe_ticket_global_stock_level":"","_global_stock_mode":"","_global_stock_cap":"","_tribe_rsvp_for_event":"","_tribe_ticket_going_count":"","_tribe_ticket_not_going_count":"","_tribe_tickets_list":"[]","_tribe_ticket_has_attendee_info_fields":false,"footnotes":""},"categories":[959,960,987],"tags":[26,43,1032,1034],"post-format":[],"post-content":[50,47],"class_list":["post-13329","post","type-post","status-publish","format-standard","hentry","category-geschichte","category-leben","category-persoenliches","tag-weihnachten","tag-zweiter-weltkrieg","tag-kindheit","tag-geschenk","content-image","content-text"],"acf":[],"yoast_head":"<!-- This site is optimized with the Yoast SEO plugin v27.4 - https:\/\/yoast.com\/product\/yoast-seo-wordpress\/ -->\n<title>Das Geschenk, an das ich immer noch denke - heimat:hub<\/title>\n<meta name=\"robots\" content=\"index, follow, max-snippet:-1, max-image-preview:large, max-video-preview:-1\" \/>\n<link rel=\"canonical\" href=\"https:\/\/heimathub.de\/das-geschenk-an-das-ich-immer-noch-denke\/\" \/>\n<meta property=\"og:locale\" content=\"de_DE\" \/>\n<meta property=\"og:type\" content=\"article\" \/>\n<meta property=\"og:title\" content=\"Das Geschenk, an das ich immer noch denke - heimat:hub\" \/>\n<meta property=\"og:description\" content=\"Zur Weihnachtszeit wurde im Stadtlabor &#8222;Aschaffenburg 2.0&#8220; ein Sammlungsaufruf zum Thema Weihnachten gestartet. Einige der eingereichten Geschichten und Erinnerungen k\u00f6nnen hier und in weiteren Beitr\u00e4gen nun gelesen werden. Das Schokoladenauto [&hellip;]\" \/>\n<meta property=\"og:url\" content=\"https:\/\/heimathub.de\/das-geschenk-an-das-ich-immer-noch-denke\/\" \/>\n<meta property=\"og:site_name\" content=\"heimat:hub\" \/>\n<meta property=\"article:published_time\" content=\"2021-12-19T09:00:55+00:00\" \/>\n<meta property=\"article:modified_time\" content=\"2024-04-04T13:23:35+00:00\" \/>\n<meta name=\"author\" content=\"server\" \/>\n<meta name=\"twitter:card\" content=\"summary_large_image\" \/>\n<meta name=\"twitter:label1\" content=\"Verfasst von\" \/>\n\t<meta name=\"twitter:data1\" content=\"server\" \/>\n\t<meta name=\"twitter:label2\" content=\"Gesch\u00e4tzte Lesezeit\" \/>\n\t<meta name=\"twitter:data2\" content=\"3\u00a0Minuten\" \/>\n<script type=\"application\/ld+json\" class=\"yoast-schema-graph\">{\"@context\":\"https:\\\/\\\/schema.org\",\"@graph\":[{\"@type\":\"Article\",\"@id\":\"https:\\\/\\\/heimathub.de\\\/das-geschenk-an-das-ich-immer-noch-denke\\\/#article\",\"isPartOf\":{\"@id\":\"https:\\\/\\\/heimathub.de\\\/das-geschenk-an-das-ich-immer-noch-denke\\\/\"},\"author\":{\"name\":\"server\",\"@id\":\"https:\\\/\\\/heimathub.de\\\/#\\\/schema\\\/person\\\/d826aa09cb17988a4c9cce11f0f8087e\"},\"headline\":\"Das Geschenk, an das ich immer noch denke\",\"datePublished\":\"2021-12-19T09:00:55+00:00\",\"dateModified\":\"2024-04-04T13:23:35+00:00\",\"mainEntityOfPage\":{\"@id\":\"https:\\\/\\\/heimathub.de\\\/das-geschenk-an-das-ich-immer-noch-denke\\\/\"},\"wordCount\":631,\"commentCount\":0,\"keywords\":[\"Weihnachten\",\"zweiter Weltkrieg\",\"Kindheit\",\"Geschenk\"],\"articleSection\":[\"Geschichte\",\"Leben\",\"Pers\u00f6nliches\"],\"inLanguage\":\"de\",\"potentialAction\":[{\"@type\":\"CommentAction\",\"name\":\"Comment\",\"target\":[\"https:\\\/\\\/heimathub.de\\\/das-geschenk-an-das-ich-immer-noch-denke\\\/#respond\"]}]},{\"@type\":\"WebPage\",\"@id\":\"https:\\\/\\\/heimathub.de\\\/das-geschenk-an-das-ich-immer-noch-denke\\\/\",\"url\":\"https:\\\/\\\/heimathub.de\\\/das-geschenk-an-das-ich-immer-noch-denke\\\/\",\"name\":\"Das Geschenk, an das ich immer noch denke - heimat:hub\",\"isPartOf\":{\"@id\":\"https:\\\/\\\/heimathub.de\\\/#website\"},\"datePublished\":\"2021-12-19T09:00:55+00:00\",\"dateModified\":\"2024-04-04T13:23:35+00:00\",\"author\":{\"@id\":\"https:\\\/\\\/heimathub.de\\\/#\\\/schema\\\/person\\\/d826aa09cb17988a4c9cce11f0f8087e\"},\"breadcrumb\":{\"@id\":\"https:\\\/\\\/heimathub.de\\\/das-geschenk-an-das-ich-immer-noch-denke\\\/#breadcrumb\"},\"inLanguage\":\"de\",\"potentialAction\":[{\"@type\":\"ReadAction\",\"target\":[\"https:\\\/\\\/heimathub.de\\\/das-geschenk-an-das-ich-immer-noch-denke\\\/\"]}]},{\"@type\":\"BreadcrumbList\",\"@id\":\"https:\\\/\\\/heimathub.de\\\/das-geschenk-an-das-ich-immer-noch-denke\\\/#breadcrumb\",\"itemListElement\":[{\"@type\":\"ListItem\",\"position\":1,\"name\":\"Startseite\",\"item\":\"https:\\\/\\\/heimathub.de\\\/\"},{\"@type\":\"ListItem\",\"position\":2,\"name\":\"Journal\",\"item\":\"https:\\\/\\\/heimathub.de\\\/journal\\\/\"},{\"@type\":\"ListItem\",\"position\":3,\"name\":\"Das Geschenk, an das ich immer noch denke\"}]},{\"@type\":\"WebSite\",\"@id\":\"https:\\\/\\\/heimathub.de\\\/#website\",\"url\":\"https:\\\/\\\/heimathub.de\\\/\",\"name\":\"heimat:hub\",\"description\":\"\",\"potentialAction\":[{\"@type\":\"SearchAction\",\"target\":{\"@type\":\"EntryPoint\",\"urlTemplate\":\"https:\\\/\\\/heimathub.de\\\/?s={search_term_string}\"},\"query-input\":{\"@type\":\"PropertyValueSpecification\",\"valueRequired\":true,\"valueName\":\"search_term_string\"}}],\"inLanguage\":\"de\"},{\"@type\":\"Person\",\"@id\":\"https:\\\/\\\/heimathub.de\\\/#\\\/schema\\\/person\\\/d826aa09cb17988a4c9cce11f0f8087e\",\"name\":\"server\",\"image\":{\"@type\":\"ImageObject\",\"inLanguage\":\"de\",\"@id\":\"https:\\\/\\\/secure.gravatar.com\\\/avatar\\\/6de59cac448c3b1f248b962f14b78d2970fa5b1d2f1d07ab5891a5722757b424?s=96&d=https%3A%2F%2Fheimathub.de%2Fwp-content%2Fthemes%2Fheimathub%2Fassets%2Fimg%2Fuser.png&r=g\",\"url\":\"https:\\\/\\\/secure.gravatar.com\\\/avatar\\\/6de59cac448c3b1f248b962f14b78d2970fa5b1d2f1d07ab5891a5722757b424?s=96&d=https%3A%2F%2Fheimathub.de%2Fwp-content%2Fthemes%2Fheimathub%2Fassets%2Fimg%2Fuser.png&r=g\",\"contentUrl\":\"https:\\\/\\\/secure.gravatar.com\\\/avatar\\\/6de59cac448c3b1f248b962f14b78d2970fa5b1d2f1d07ab5891a5722757b424?s=96&d=https%3A%2F%2Fheimathub.de%2Fwp-content%2Fthemes%2Fheimathub%2Fassets%2Fimg%2Fuser.png&r=g\",\"caption\":\"server\"},\"url\":\"https:\\\/\\\/heimathub.de\\\/author\\\/server\\\/\"}]}<\/script>\n<!-- \/ Yoast SEO plugin. -->","yoast_head_json":{"title":"Das Geschenk, an das ich immer noch denke - heimat:hub","robots":{"index":"index","follow":"follow","max-snippet":"max-snippet:-1","max-image-preview":"max-image-preview:large","max-video-preview":"max-video-preview:-1"},"canonical":"https:\/\/heimathub.de\/das-geschenk-an-das-ich-immer-noch-denke\/","og_locale":"de_DE","og_type":"article","og_title":"Das Geschenk, an das ich immer noch denke - heimat:hub","og_description":"Zur Weihnachtszeit wurde im Stadtlabor &#8222;Aschaffenburg 2.0&#8220; ein Sammlungsaufruf zum Thema Weihnachten gestartet. Einige der eingereichten Geschichten und Erinnerungen k\u00f6nnen hier und in weiteren Beitr\u00e4gen nun gelesen werden. Das Schokoladenauto [&hellip;]","og_url":"https:\/\/heimathub.de\/das-geschenk-an-das-ich-immer-noch-denke\/","og_site_name":"heimat:hub","article_published_time":"2021-12-19T09:00:55+00:00","article_modified_time":"2024-04-04T13:23:35+00:00","author":"server","twitter_card":"summary_large_image","twitter_misc":{"Verfasst von":"server","Gesch\u00e4tzte Lesezeit":"3\u00a0Minuten"},"schema":{"@context":"https:\/\/schema.org","@graph":[{"@type":"Article","@id":"https:\/\/heimathub.de\/das-geschenk-an-das-ich-immer-noch-denke\/#article","isPartOf":{"@id":"https:\/\/heimathub.de\/das-geschenk-an-das-ich-immer-noch-denke\/"},"author":{"name":"server","@id":"https:\/\/heimathub.de\/#\/schema\/person\/d826aa09cb17988a4c9cce11f0f8087e"},"headline":"Das Geschenk, an das ich immer noch denke","datePublished":"2021-12-19T09:00:55+00:00","dateModified":"2024-04-04T13:23:35+00:00","mainEntityOfPage":{"@id":"https:\/\/heimathub.de\/das-geschenk-an-das-ich-immer-noch-denke\/"},"wordCount":631,"commentCount":0,"keywords":["Weihnachten","zweiter Weltkrieg","Kindheit","Geschenk"],"articleSection":["Geschichte","Leben","Pers\u00f6nliches"],"inLanguage":"de","potentialAction":[{"@type":"CommentAction","name":"Comment","target":["https:\/\/heimathub.de\/das-geschenk-an-das-ich-immer-noch-denke\/#respond"]}]},{"@type":"WebPage","@id":"https:\/\/heimathub.de\/das-geschenk-an-das-ich-immer-noch-denke\/","url":"https:\/\/heimathub.de\/das-geschenk-an-das-ich-immer-noch-denke\/","name":"Das Geschenk, an das ich immer noch denke - heimat:hub","isPartOf":{"@id":"https:\/\/heimathub.de\/#website"},"datePublished":"2021-12-19T09:00:55+00:00","dateModified":"2024-04-04T13:23:35+00:00","author":{"@id":"https:\/\/heimathub.de\/#\/schema\/person\/d826aa09cb17988a4c9cce11f0f8087e"},"breadcrumb":{"@id":"https:\/\/heimathub.de\/das-geschenk-an-das-ich-immer-noch-denke\/#breadcrumb"},"inLanguage":"de","potentialAction":[{"@type":"ReadAction","target":["https:\/\/heimathub.de\/das-geschenk-an-das-ich-immer-noch-denke\/"]}]},{"@type":"BreadcrumbList","@id":"https:\/\/heimathub.de\/das-geschenk-an-das-ich-immer-noch-denke\/#breadcrumb","itemListElement":[{"@type":"ListItem","position":1,"name":"Startseite","item":"https:\/\/heimathub.de\/"},{"@type":"ListItem","position":2,"name":"Journal","item":"https:\/\/heimathub.de\/journal\/"},{"@type":"ListItem","position":3,"name":"Das Geschenk, an das ich immer noch denke"}]},{"@type":"WebSite","@id":"https:\/\/heimathub.de\/#website","url":"https:\/\/heimathub.de\/","name":"heimat:hub","description":"","potentialAction":[{"@type":"SearchAction","target":{"@type":"EntryPoint","urlTemplate":"https:\/\/heimathub.de\/?s={search_term_string}"},"query-input":{"@type":"PropertyValueSpecification","valueRequired":true,"valueName":"search_term_string"}}],"inLanguage":"de"},{"@type":"Person","@id":"https:\/\/heimathub.de\/#\/schema\/person\/d826aa09cb17988a4c9cce11f0f8087e","name":"server","image":{"@type":"ImageObject","inLanguage":"de","@id":"https:\/\/secure.gravatar.com\/avatar\/6de59cac448c3b1f248b962f14b78d2970fa5b1d2f1d07ab5891a5722757b424?s=96&d=https%3A%2F%2Fheimathub.de%2Fwp-content%2Fthemes%2Fheimathub%2Fassets%2Fimg%2Fuser.png&r=g","url":"https:\/\/secure.gravatar.com\/avatar\/6de59cac448c3b1f248b962f14b78d2970fa5b1d2f1d07ab5891a5722757b424?s=96&d=https%3A%2F%2Fheimathub.de%2Fwp-content%2Fthemes%2Fheimathub%2Fassets%2Fimg%2Fuser.png&r=g","contentUrl":"https:\/\/secure.gravatar.com\/avatar\/6de59cac448c3b1f248b962f14b78d2970fa5b1d2f1d07ab5891a5722757b424?s=96&d=https%3A%2F%2Fheimathub.de%2Fwp-content%2Fthemes%2Fheimathub%2Fassets%2Fimg%2Fuser.png&r=g","caption":"server"},"url":"https:\/\/heimathub.de\/author\/server\/"}]}},"_links":{"self":[{"href":"https:\/\/heimathub.de\/data\/wp\/v2\/posts\/13329","targetHints":{"allow":["GET"]}}],"collection":[{"href":"https:\/\/heimathub.de\/data\/wp\/v2\/posts"}],"about":[{"href":"https:\/\/heimathub.de\/data\/wp\/v2\/types\/post"}],"author":[{"embeddable":true,"href":"https:\/\/heimathub.de\/data\/wp\/v2\/users\/123"}],"replies":[{"embeddable":true,"href":"https:\/\/heimathub.de\/data\/wp\/v2\/comments?post=13329"}],"version-history":[{"count":1,"href":"https:\/\/heimathub.de\/data\/wp\/v2\/posts\/13329\/revisions"}],"predecessor-version":[{"id":13494,"href":"https:\/\/heimathub.de\/data\/wp\/v2\/posts\/13329\/revisions\/13494"}],"wp:attachment":[{"href":"https:\/\/heimathub.de\/data\/wp\/v2\/media?parent=13329"}],"wp:term":[{"taxonomy":"category","embeddable":true,"href":"https:\/\/heimathub.de\/data\/wp\/v2\/categories?post=13329"},{"taxonomy":"post_tag","embeddable":true,"href":"https:\/\/heimathub.de\/data\/wp\/v2\/tags?post=13329"},{"taxonomy":"format","embeddable":true,"href":"https:\/\/heimathub.de\/data\/wp\/v2\/post-format?post=13329"},{"taxonomy":"content","embeddable":true,"href":"https:\/\/heimathub.de\/data\/wp\/v2\/post-content?post=13329"}],"curies":[{"name":"wp","href":"https:\/\/api.w.org\/{rel}","templated":true}]}}