{"id":13320,"date":"2022-03-07T11:46:57","date_gmt":"2022-03-07T10:46:57","guid":{"rendered":"https:\/\/heimathub.de\/erinnerungen-aus-der-kriegsgefangenschaft\/"},"modified":"2024-04-04T15:23:34","modified_gmt":"2024-04-04T13:23:34","slug":"erinnerungen-aus-der-kriegsgefangenschaft","status":"publish","type":"post","link":"https:\/\/heimathub.de\/erinnerungen-aus-der-kriegsgefangenschaft\/","title":{"rendered":"Erinnerungen aus der Kriegsgefangenschaft"},"content":{"rendered":"<p><span style=\"font-weight: 400;\">Im Zweiten Weltkrieg nahm Alfons Gr\u00f6hling als Soldat an den Kampfhandlungen auf den Schlachtfeldern in ganz Europa teil. Von 1945-1949 befand er sich anschlie\u00dfend in sowjetischer Gefangenschaft. Die Erinnerungen an diese bewegte und au\u00dfergew\u00f6hnliche Zeit hat Alfons Gr\u00f6hling in Schrift und Bild eindr\u00fccklich festgehalten.<\/span><\/p>\n<p><span style=\"font-weight: 400;\">Woher wir das wissen? Seine Tochter Edeltraud Ackermann kam in den Digitalladen im Ro\u00dfmarkt 11 und hat uns das Schrift- und Bildmaterial zur Begutachtung vorbeigebracht: Gut 100 handschriftlich verfasste Seiten Papier und f\u00fcnf prall gef\u00fcllte Fotoalben konnte sie uns pr\u00e4sentieren. Das Ergebnis zeigt, dass historische Sch\u00e4tze, die Aschaffenburger Geschichte erz\u00e4hlen, oft zu Hause bei den B\u00fcrgerinnen und B\u00fcrgern schlummern. Der Digitalladen bildet daf\u00fcr eine gute Anlaufstelle, um Material, egal ob Fotos, Briefe oder Dokumente, zu zeigen. Wom\u00f6glich k\u00f6nnen sie einen weiteren Teil der Stadtgeschichte f\u00fcllen.<\/span><\/p>\n<p><span style=\"font-weight: 400;\">Alfons Gr\u00f6hling wurde am 18. April 1921 in Dettelbach geboren. Von 1925-1930 lebte er mit seiner Familie in Kitzingen, wo er die Volksschule besuchte. 1930 erfolgte der Umzug nach Aschaffenburg. In der neuen Heimatstadt ging Alfons Gr\u00f6hling zur Luitpoldschule und besuchte anschlie\u00dfend die Oberrealschule. Im Sommer 1938 folgte der n\u00e4chste Umzug der Familie nach Lohr. Seit April 1939 war Alfons Gr\u00f6hling im Reichsarbeitsdienst in Rothenburg o.d.T. t\u00e4tig (1. April 1939-18. Oktober 1939), als am 1. September 1939 der Zweite Weltkrieg ausbrach. Er nahm in den folgenden Kriegsjahren als Soldat an den Feldz\u00fcgen in Europa teil, u.a. in Frankreich, Belgien, Griechenland und Russland. Die Bilder in den Fotoalben stammen zum gr\u00f6\u00dften Teil aus dieser Zeit.<\/span><\/p>\n<p>Nach der R\u00fcckkehr aus der Gefangenschaft lebte Alfons Gr\u00f6hling mit seiner Familie bis 1956 in Aschaffenburg.<\/p>\n<p><span style=\"font-weight: 400;\">Von 1945-1949 war Gr\u00f6hling in sowjetischer Gefangenschaft. In seinem Ruhestand schrieb er seine Erinnerungen an diese Zeit auf (1981-1992). Unter anderem erl\u00e4utert er darin, warum er diese Erinnerungen niedergeschrieben hat: <\/span><i><span style=\"font-weight: 400;\">Um meiner lieben Frau Lydia, meinen verheirateten T\u00f6chtern Edeltraud Ackermann und Gerlinde Heumann, unseren Enkelkindern, aber auch k\u00fcnftigen Generationen \u00fcber einen besonderen Abschnitt meines Lebens zu berichten, entschlo\u00df ich mich, diese einmal im Ruhestand aufzuzeichnen. Ich f\u00fchre damit in vierter Generation, eine Tradition fort, die mein Urgro\u00dfvater Heinrich Gr\u00f6hling, in einer 1848 niedergeschriebenen Biographie begann. [\u2026] Ich selbst zog jedoch, wie einleitend vermerkt, einen au\u00dfergew\u00f6hnlichen Abschnitt meines Lebens vor, einmalig in seiner Art, zusammenfassend zu beschreiben. Diesen Zeitraum erleben zu m\u00fcssen und \u00fcberlebt zu haben, ist in meinen Augen eine F\u00fcgung Gottes gewesen und veranla\u00dft und berechtigt mich, ihm zuerst zu danken&#8230;<\/span><\/i><\/p>\n<p>Wir freuen uns sehr \u00fcber diese Unterlagen, die unsere Sammlung bereichern!<\/p>\n<p><span style=\"font-weight: 400;\">\u00a0<\/span><\/p>\n<p>&nbsp;<\/p>\n","protected":false},"excerpt":{"rendered":"<p>Im Zweiten Weltkrieg nahm Alfons Gr\u00f6hling als Soldat an den Kampfhandlungen auf den Schlachtfeldern in ganz Europa teil. Von 1945-1949 befand er sich anschlie\u00dfend in sowjetischer Gefangenschaft. Die Erinnerungen an [&hellip;]<\/p>\n","protected":false},"author":123,"featured_media":0,"comment_status":"open","ping_status":"open","sticky":false,"template":"","format":"standard","meta":{"_acf_changed":false,"_price":"","_stock":"","_tribe_ticket_header":"","_tribe_default_ticket_provider":"","_tribe_ticket_capacity":"0","_ticket_start_date":"","_ticket_end_date":"","_tribe_ticket_show_description":"","_tribe_ticket_show_not_going":false,"_tribe_ticket_use_global_stock":"","_tribe_ticket_global_stock_level":"","_global_stock_mode":"","_global_stock_cap":"","_tribe_rsvp_for_event":"","_tribe_ticket_going_count":"","_tribe_ticket_not_going_count":"","_tribe_tickets_list":"[]","_tribe_ticket_has_attendee_info_fields":false,"footnotes":""},"categories":[959,965,968,987],"tags":[43,289,1008,1009],"post-format":[],"post-content":[50,47],"class_list":["post-13320","post","type-post","status-publish","format-standard","hentry","category-geschichte","category-kultur","category-bildung","category-persoenliches","tag-zweiter-weltkrieg","tag-erinnerung","tag-gefangenschaft","tag-sammlung","content-image","content-text"],"acf":[],"yoast_head":"<!-- This site is optimized with the Yoast SEO plugin v27.4 - https:\/\/yoast.com\/product\/yoast-seo-wordpress\/ -->\n<title>Erinnerungen aus der Kriegsgefangenschaft - heimat:hub<\/title>\n<meta name=\"robots\" content=\"index, follow, max-snippet:-1, max-image-preview:large, max-video-preview:-1\" \/>\n<link rel=\"canonical\" href=\"https:\/\/heimathub.de\/erinnerungen-aus-der-kriegsgefangenschaft\/\" \/>\n<meta property=\"og:locale\" content=\"de_DE\" \/>\n<meta property=\"og:type\" content=\"article\" \/>\n<meta property=\"og:title\" content=\"Erinnerungen aus der Kriegsgefangenschaft - heimat:hub\" \/>\n<meta property=\"og:description\" content=\"Im Zweiten Weltkrieg nahm Alfons Gr\u00f6hling als Soldat an den Kampfhandlungen auf den Schlachtfeldern in ganz Europa teil. Von 1945-1949 befand er sich anschlie\u00dfend in sowjetischer Gefangenschaft. Die Erinnerungen an [&hellip;]\" \/>\n<meta property=\"og:url\" content=\"https:\/\/heimathub.de\/erinnerungen-aus-der-kriegsgefangenschaft\/\" \/>\n<meta property=\"og:site_name\" content=\"heimat:hub\" \/>\n<meta property=\"article:published_time\" content=\"2022-03-07T10:46:57+00:00\" \/>\n<meta property=\"article:modified_time\" content=\"2024-04-04T13:23:34+00:00\" \/>\n<meta name=\"author\" content=\"server\" \/>\n<meta name=\"twitter:card\" content=\"summary_large_image\" \/>\n<meta name=\"twitter:label1\" content=\"Verfasst von\" \/>\n\t<meta name=\"twitter:data1\" content=\"server\" \/>\n\t<meta name=\"twitter:label2\" content=\"Gesch\u00e4tzte Lesezeit\" \/>\n\t<meta name=\"twitter:data2\" content=\"2\u00a0Minuten\" \/>\n<script type=\"application\/ld+json\" class=\"yoast-schema-graph\">{\"@context\":\"https:\\\/\\\/schema.org\",\"@graph\":[{\"@type\":\"Article\",\"@id\":\"https:\\\/\\\/heimathub.de\\\/erinnerungen-aus-der-kriegsgefangenschaft\\\/#article\",\"isPartOf\":{\"@id\":\"https:\\\/\\\/heimathub.de\\\/erinnerungen-aus-der-kriegsgefangenschaft\\\/\"},\"author\":{\"name\":\"server\",\"@id\":\"https:\\\/\\\/heimathub.de\\\/#\\\/schema\\\/person\\\/d826aa09cb17988a4c9cce11f0f8087e\"},\"headline\":\"Erinnerungen aus der Kriegsgefangenschaft\",\"datePublished\":\"2022-03-07T10:46:57+00:00\",\"dateModified\":\"2024-04-04T13:23:34+00:00\",\"mainEntityOfPage\":{\"@id\":\"https:\\\/\\\/heimathub.de\\\/erinnerungen-aus-der-kriegsgefangenschaft\\\/\"},\"wordCount\":436,\"commentCount\":0,\"keywords\":[\"zweiter Weltkrieg\",\"Erinnerung\",\"Gefangenschaft\",\"Sammlung\"],\"articleSection\":[\"Geschichte\",\"Kultur\",\"Bildung\",\"Pers\u00f6nliches\"],\"inLanguage\":\"de\",\"potentialAction\":[{\"@type\":\"CommentAction\",\"name\":\"Comment\",\"target\":[\"https:\\\/\\\/heimathub.de\\\/erinnerungen-aus-der-kriegsgefangenschaft\\\/#respond\"]}]},{\"@type\":\"WebPage\",\"@id\":\"https:\\\/\\\/heimathub.de\\\/erinnerungen-aus-der-kriegsgefangenschaft\\\/\",\"url\":\"https:\\\/\\\/heimathub.de\\\/erinnerungen-aus-der-kriegsgefangenschaft\\\/\",\"name\":\"Erinnerungen aus der Kriegsgefangenschaft - heimat:hub\",\"isPartOf\":{\"@id\":\"https:\\\/\\\/heimathub.de\\\/#website\"},\"datePublished\":\"2022-03-07T10:46:57+00:00\",\"dateModified\":\"2024-04-04T13:23:34+00:00\",\"author\":{\"@id\":\"https:\\\/\\\/heimathub.de\\\/#\\\/schema\\\/person\\\/d826aa09cb17988a4c9cce11f0f8087e\"},\"breadcrumb\":{\"@id\":\"https:\\\/\\\/heimathub.de\\\/erinnerungen-aus-der-kriegsgefangenschaft\\\/#breadcrumb\"},\"inLanguage\":\"de\",\"potentialAction\":[{\"@type\":\"ReadAction\",\"target\":[\"https:\\\/\\\/heimathub.de\\\/erinnerungen-aus-der-kriegsgefangenschaft\\\/\"]}]},{\"@type\":\"BreadcrumbList\",\"@id\":\"https:\\\/\\\/heimathub.de\\\/erinnerungen-aus-der-kriegsgefangenschaft\\\/#breadcrumb\",\"itemListElement\":[{\"@type\":\"ListItem\",\"position\":1,\"name\":\"Startseite\",\"item\":\"https:\\\/\\\/heimathub.de\\\/\"},{\"@type\":\"ListItem\",\"position\":2,\"name\":\"Journal\",\"item\":\"https:\\\/\\\/heimathub.de\\\/journal\\\/\"},{\"@type\":\"ListItem\",\"position\":3,\"name\":\"Erinnerungen aus der Kriegsgefangenschaft\"}]},{\"@type\":\"WebSite\",\"@id\":\"https:\\\/\\\/heimathub.de\\\/#website\",\"url\":\"https:\\\/\\\/heimathub.de\\\/\",\"name\":\"heimat:hub\",\"description\":\"\",\"potentialAction\":[{\"@type\":\"SearchAction\",\"target\":{\"@type\":\"EntryPoint\",\"urlTemplate\":\"https:\\\/\\\/heimathub.de\\\/?s={search_term_string}\"},\"query-input\":{\"@type\":\"PropertyValueSpecification\",\"valueRequired\":true,\"valueName\":\"search_term_string\"}}],\"inLanguage\":\"de\"},{\"@type\":\"Person\",\"@id\":\"https:\\\/\\\/heimathub.de\\\/#\\\/schema\\\/person\\\/d826aa09cb17988a4c9cce11f0f8087e\",\"name\":\"server\",\"image\":{\"@type\":\"ImageObject\",\"inLanguage\":\"de\",\"@id\":\"https:\\\/\\\/secure.gravatar.com\\\/avatar\\\/6de59cac448c3b1f248b962f14b78d2970fa5b1d2f1d07ab5891a5722757b424?s=96&d=https%3A%2F%2Fheimathub.de%2Fwp-content%2Fthemes%2Fheimathub%2Fassets%2Fimg%2Fuser.png&r=g\",\"url\":\"https:\\\/\\\/secure.gravatar.com\\\/avatar\\\/6de59cac448c3b1f248b962f14b78d2970fa5b1d2f1d07ab5891a5722757b424?s=96&d=https%3A%2F%2Fheimathub.de%2Fwp-content%2Fthemes%2Fheimathub%2Fassets%2Fimg%2Fuser.png&r=g\",\"contentUrl\":\"https:\\\/\\\/secure.gravatar.com\\\/avatar\\\/6de59cac448c3b1f248b962f14b78d2970fa5b1d2f1d07ab5891a5722757b424?s=96&d=https%3A%2F%2Fheimathub.de%2Fwp-content%2Fthemes%2Fheimathub%2Fassets%2Fimg%2Fuser.png&r=g\",\"caption\":\"server\"},\"url\":\"https:\\\/\\\/heimathub.de\\\/author\\\/server\\\/\"}]}<\/script>\n<!-- \/ Yoast SEO plugin. -->","yoast_head_json":{"title":"Erinnerungen aus der Kriegsgefangenschaft - heimat:hub","robots":{"index":"index","follow":"follow","max-snippet":"max-snippet:-1","max-image-preview":"max-image-preview:large","max-video-preview":"max-video-preview:-1"},"canonical":"https:\/\/heimathub.de\/erinnerungen-aus-der-kriegsgefangenschaft\/","og_locale":"de_DE","og_type":"article","og_title":"Erinnerungen aus der Kriegsgefangenschaft - heimat:hub","og_description":"Im Zweiten Weltkrieg nahm Alfons Gr\u00f6hling als Soldat an den Kampfhandlungen auf den Schlachtfeldern in ganz Europa teil. Von 1945-1949 befand er sich anschlie\u00dfend in sowjetischer Gefangenschaft. Die Erinnerungen an [&hellip;]","og_url":"https:\/\/heimathub.de\/erinnerungen-aus-der-kriegsgefangenschaft\/","og_site_name":"heimat:hub","article_published_time":"2022-03-07T10:46:57+00:00","article_modified_time":"2024-04-04T13:23:34+00:00","author":"server","twitter_card":"summary_large_image","twitter_misc":{"Verfasst von":"server","Gesch\u00e4tzte Lesezeit":"2\u00a0Minuten"},"schema":{"@context":"https:\/\/schema.org","@graph":[{"@type":"Article","@id":"https:\/\/heimathub.de\/erinnerungen-aus-der-kriegsgefangenschaft\/#article","isPartOf":{"@id":"https:\/\/heimathub.de\/erinnerungen-aus-der-kriegsgefangenschaft\/"},"author":{"name":"server","@id":"https:\/\/heimathub.de\/#\/schema\/person\/d826aa09cb17988a4c9cce11f0f8087e"},"headline":"Erinnerungen aus der Kriegsgefangenschaft","datePublished":"2022-03-07T10:46:57+00:00","dateModified":"2024-04-04T13:23:34+00:00","mainEntityOfPage":{"@id":"https:\/\/heimathub.de\/erinnerungen-aus-der-kriegsgefangenschaft\/"},"wordCount":436,"commentCount":0,"keywords":["zweiter Weltkrieg","Erinnerung","Gefangenschaft","Sammlung"],"articleSection":["Geschichte","Kultur","Bildung","Pers\u00f6nliches"],"inLanguage":"de","potentialAction":[{"@type":"CommentAction","name":"Comment","target":["https:\/\/heimathub.de\/erinnerungen-aus-der-kriegsgefangenschaft\/#respond"]}]},{"@type":"WebPage","@id":"https:\/\/heimathub.de\/erinnerungen-aus-der-kriegsgefangenschaft\/","url":"https:\/\/heimathub.de\/erinnerungen-aus-der-kriegsgefangenschaft\/","name":"Erinnerungen aus der Kriegsgefangenschaft - heimat:hub","isPartOf":{"@id":"https:\/\/heimathub.de\/#website"},"datePublished":"2022-03-07T10:46:57+00:00","dateModified":"2024-04-04T13:23:34+00:00","author":{"@id":"https:\/\/heimathub.de\/#\/schema\/person\/d826aa09cb17988a4c9cce11f0f8087e"},"breadcrumb":{"@id":"https:\/\/heimathub.de\/erinnerungen-aus-der-kriegsgefangenschaft\/#breadcrumb"},"inLanguage":"de","potentialAction":[{"@type":"ReadAction","target":["https:\/\/heimathub.de\/erinnerungen-aus-der-kriegsgefangenschaft\/"]}]},{"@type":"BreadcrumbList","@id":"https:\/\/heimathub.de\/erinnerungen-aus-der-kriegsgefangenschaft\/#breadcrumb","itemListElement":[{"@type":"ListItem","position":1,"name":"Startseite","item":"https:\/\/heimathub.de\/"},{"@type":"ListItem","position":2,"name":"Journal","item":"https:\/\/heimathub.de\/journal\/"},{"@type":"ListItem","position":3,"name":"Erinnerungen aus der Kriegsgefangenschaft"}]},{"@type":"WebSite","@id":"https:\/\/heimathub.de\/#website","url":"https:\/\/heimathub.de\/","name":"heimat:hub","description":"","potentialAction":[{"@type":"SearchAction","target":{"@type":"EntryPoint","urlTemplate":"https:\/\/heimathub.de\/?s={search_term_string}"},"query-input":{"@type":"PropertyValueSpecification","valueRequired":true,"valueName":"search_term_string"}}],"inLanguage":"de"},{"@type":"Person","@id":"https:\/\/heimathub.de\/#\/schema\/person\/d826aa09cb17988a4c9cce11f0f8087e","name":"server","image":{"@type":"ImageObject","inLanguage":"de","@id":"https:\/\/secure.gravatar.com\/avatar\/6de59cac448c3b1f248b962f14b78d2970fa5b1d2f1d07ab5891a5722757b424?s=96&d=https%3A%2F%2Fheimathub.de%2Fwp-content%2Fthemes%2Fheimathub%2Fassets%2Fimg%2Fuser.png&r=g","url":"https:\/\/secure.gravatar.com\/avatar\/6de59cac448c3b1f248b962f14b78d2970fa5b1d2f1d07ab5891a5722757b424?s=96&d=https%3A%2F%2Fheimathub.de%2Fwp-content%2Fthemes%2Fheimathub%2Fassets%2Fimg%2Fuser.png&r=g","contentUrl":"https:\/\/secure.gravatar.com\/avatar\/6de59cac448c3b1f248b962f14b78d2970fa5b1d2f1d07ab5891a5722757b424?s=96&d=https%3A%2F%2Fheimathub.de%2Fwp-content%2Fthemes%2Fheimathub%2Fassets%2Fimg%2Fuser.png&r=g","caption":"server"},"url":"https:\/\/heimathub.de\/author\/server\/"}]}},"_links":{"self":[{"href":"https:\/\/heimathub.de\/data\/wp\/v2\/posts\/13320","targetHints":{"allow":["GET"]}}],"collection":[{"href":"https:\/\/heimathub.de\/data\/wp\/v2\/posts"}],"about":[{"href":"https:\/\/heimathub.de\/data\/wp\/v2\/types\/post"}],"author":[{"embeddable":true,"href":"https:\/\/heimathub.de\/data\/wp\/v2\/users\/123"}],"replies":[{"embeddable":true,"href":"https:\/\/heimathub.de\/data\/wp\/v2\/comments?post=13320"}],"version-history":[{"count":1,"href":"https:\/\/heimathub.de\/data\/wp\/v2\/posts\/13320\/revisions"}],"predecessor-version":[{"id":13485,"href":"https:\/\/heimathub.de\/data\/wp\/v2\/posts\/13320\/revisions\/13485"}],"wp:attachment":[{"href":"https:\/\/heimathub.de\/data\/wp\/v2\/media?parent=13320"}],"wp:term":[{"taxonomy":"category","embeddable":true,"href":"https:\/\/heimathub.de\/data\/wp\/v2\/categories?post=13320"},{"taxonomy":"post_tag","embeddable":true,"href":"https:\/\/heimathub.de\/data\/wp\/v2\/tags?post=13320"},{"taxonomy":"format","embeddable":true,"href":"https:\/\/heimathub.de\/data\/wp\/v2\/post-format?post=13320"},{"taxonomy":"content","embeddable":true,"href":"https:\/\/heimathub.de\/data\/wp\/v2\/post-content?post=13320"}],"curies":[{"name":"wp","href":"https:\/\/api.w.org\/{rel}","templated":true}]}}