{"id":13317,"date":"2022-05-09T11:17:18","date_gmt":"2022-05-09T09:17:18","guid":{"rendered":"https:\/\/heimathub.de\/aschaffenburg-als-sitz-der-bundesanstalt-fuer-arbeit-ein-versuch\/"},"modified":"2024-04-04T15:23:34","modified_gmt":"2024-04-04T13:23:34","slug":"aschaffenburg-als-sitz-der-bundesanstalt-fuer-arbeit-ein-versuch","status":"publish","type":"post","link":"https:\/\/heimathub.de\/aschaffenburg-als-sitz-der-bundesanstalt-fuer-arbeit-ein-versuch\/","title":{"rendered":"Aschaffenburg als Sitz der Bundesanstalt f\u00fcr Arbeit \u2013 ein Versuch"},"content":{"rendered":"<p>Aschaffenburg hat es nie an Selbstbewusstsein gemangelt. Das zeigte sich auch in den ersten Nachkriegsjahren, als die Stadt sich 1951 als Sitz der Hauptstelle der Bundesanstalt f\u00fcr Arbeitsvermittlung und Arbeitslosenversicherung bewarb, zusammen mit St\u00e4dten wie Frankfurt am Main, Essen, K\u00f6ln, Kassel, Kiel, Koblenz, N\u00fcrnberg, Stuttgart und W\u00fcrzburg.<a href=\"#_ftn1\" name=\"_ftnref1\">[1]<\/a> Wie kam es dazu?<\/p>\n<p>Am 8. Mai 1945 war der Zweite Weltkrieg zu Ende. Nach der Kapitulation gab es von der untergegangenen Reichsanstalt f\u00fcr Arbeitsvermittlung und Arbeitslosenversicherung nur noch die Arbeits\u00e4mter, die ihre Aufgaben nun nach den Weisungen der Milit\u00e4rregierungen ausf\u00fchrten. F\u00fcr die Besatzungsm\u00e4chte z\u00e4hlten sie zu den wichtigsten Beh\u00f6rden im Nachkriegsdeutschland. Per Kontrollratsbefehl Nr. 3 vom 17. Januar 1946 wurden alle arbeitsf\u00e4higen Frauen (15 bis 50 Jahren) und M\u00e4nner (14 bis 65 Jahren) verpflichtet, sich beim Arbeitsamt registrieren zu lassen. Wer das nicht tat, erhielt keine Lebensmittelkarten. Auch die Lenkungsverordnung vom 1. September 1939 galt weiter: Arbeitskr\u00e4fte durften nur mit der vorherigen Zustimmung der Arbeits\u00e4mter eingestellt und entlassen werden. Zur Steuerung der Arbeitskr\u00e4fte benutzte man die in der NS -Zeit eingef\u00fchrten Arbeitsb\u00fccher und Karteien weiter.<a href=\"#_ftn1\" name=\"_ftnref1\">[2]<\/a><\/p>\n<p>Allgemein bestand \u00dcbereinstimmung, dass die Errichtung einer bundeseinheitlichen Organisation der Arbeitsverwaltung wichtig sei. Bereits 1948 lagen f\u00fcr die geplante Bundesanstalt Gesetzentw\u00fcrfe vor.<a href=\"#_ftn1\" name=\"_ftnref1\">[3]<\/a> Gewerkschaften und Arbeitgeber hatten sich im Januar 1950 auf einen gemeinsamen Standpunkt verst\u00e4ndigt. Sie wollten hinsichtlich der Selbstverwaltung vor allem zwei Punkte anders als im Gesetz von 1927 geregelt haben: Keine Vertretung der \u00f6ffentlichen K\u00f6rperschaften in den Organen, und die Leiter der Dienststellen sollten nicht einfach von oben ernannt, sondern von den Organen gew\u00e4hlt werden.<\/p>\n<p>Die Bundesregierung ignorierte jedoch in ihrem Kabinettsbeschluss vom 2. Februar 1951 diese Forderungen. Der Bundesrat forderte am 2. M\u00e4rz 1951 in mehreren Punkten eine Ab\u00e4nderung der Regierungsvorlage, zum Beispiel: die Vertretung der \u00f6ffentlichen K\u00f6rperschaften auch im Verwaltungsausschuss des Arbeitsamtes, die Wahl des Dienststellenleiters durch die Organe, die Festlegung des Sitzes der k\u00fcnftigen Hauptstelle durch den Verwaltungsrat. Von den Antr\u00e4gen \u00fcbernahm die Bundesregierung aber nur den Vorschlag der vollst\u00e4ndigen Drittelparit\u00e4t in allen Ebenen. Sie hatte zu diesem Zeitpunkt bereits einen Verteilungsplan von 44 Oberbeh\u00f6rden \u00fcber das gesamte Bundesgebiet beschlossen und im Entwurf zum Errichtungsgesetz Koblenz zum Sitz der k\u00fcnftigen Hauptstelle bestimmt.<\/p>\n<p>Der Bundesrat verlangte die Einschaltung des Vermittlungsausschusses.<a href=\"#_ftn2\" name=\"_ftnref2\">[4]<\/a> Darin wurden auch Kriterien f\u00fcr den zuk\u00fcnftigen Sitz genannt. Die Sozialpartner sollten pr\u00fcfen, welcher \u201eOrt im Hinblick auf seine Verkehrslage und die zur Verf\u00fcgung stehenden R\u00e4umlichkeiten sowie die finanziellen Auswirkungen f\u00fcr die Unterbringung der Bundesanstalt am besten geeignet ist\u201c.<\/p>\n<p>In der 156. Sitzung des Bundestages am 5. Juli 1951<a href=\"#_ftn3\" name=\"_ftnref3\">[5]<\/a> berichtete der Bundestagsabgeordnete Dr. Wellhausen (FDP) \u00fcber die Sitzungen des Ausschusses f\u00fcr Arbeit zum Entwurf eines Gesetzes \u00fcber die Errichtung einer Bundesanstalt f\u00fcr Arbeitsvermittlung und Arbeitslosenversicherung. Aufgrund der F\u00fclle der Vorschl\u00e4ge habe der Ausschuss f\u00fcr Arbeit zehn Mal getagt und zur Frage des Sitzes der Bundesanstalt in \u00a7 2 gar eine Unterkommission eingesetzt. Die Mehrheit des Ausschusses war der Meinung, dass der Sitz per Gesetz festgelegt werden m\u00fcsse. Die Regierung hatte in ihrem Entwurf Koblenz vorgeschlagen. Diesem Vorschlag hatte sich die Mehrheit des Ausschusses angeschlossen. Der Ausschuss war au\u00dferdem der Meinung, dass man sich nicht vom Interesse der St\u00e4dte leiten lassen solle, sondern vom Ziel \u201eschnell eine arbeitsf\u00e4hige Bundesanstalt zu schaffen\u201c. Koblenz habe bezugsf\u00e4hige Verwaltungsr\u00e4ume, liege in der N\u00e4he zum Regierungssitz Bonn und der Zentralen der Sozialpartner und sei als Sitz einer obersten Bundesbeh\u00f6rde vorgesehen.<a href=\"#_ftnref1\" name=\"_ftn1\"><\/a><\/p>\n<p>In den einzelnen Lesungen des Gesetzes kam es zu unterschiedlichen Mehrheiten: in der 2. Lesung war Kassel als Sitz gew\u00e4hlt, in der 3. Lesung wurde Koblenz als Sitz abgelehnt. Schlie\u00dflich trennte man das Errichtungsgesetz vom Sitzgesetz. Danach wurden N\u00fcrnberg, Koblenz und Kassel wieder auf die Tagesordnung gesetzt. Den Antrag f\u00fcr N\u00fcrnberg hatte die SPD-Fraktion und die Landesgruppe der CSU formuliert. Nach 10 Abstimmungen, davon 5 Hammelspr\u00fcnge, hatte sich N\u00fcrnberg durchgesetzt. Obwohl der Bundesrat gegen diese Entscheidung stimmte, unterzeichnete Bundespr\u00e4sident Theodor Heuss am 29. November 1951 das Sitzgesetz.<a href=\"#_ftn1\" name=\"_ftnref1\">[6]<\/a><\/p>\n<p>Am 2. Mai 1952 nahm die Hauptstelle der Bundesanstalt f\u00fcr Arbeitsvermittlung und Arbeitslosenversicherung in N\u00fcrnberg ihre Arbeit auf.<\/p>\n<p>Wer die Initiative zur Bewerbung Aschaffenburgs als Sitz der Hauptstelle der Bundesanstalt f\u00fcr Arbeitsvermittlung und Arbeitslosenversicherung gegeben hatte, welches Gremium dies bef\u00fcrwortet hat, wie die Bewerbungsmodalit\u00e4ten waren und wie die abschl\u00e4gige Entscheidung schlie\u00dflich aufgenommen wurde, blieb bei meinen Recherchen im Dunkeln.<\/p>\n<p>Ich habe versucht, mich von zwei Seiten den Grundlagen der Entscheidung zu n\u00e4hern: Von Seiten der Entscheider, quasi von oben. Deshalb habe ich in der Parlamentsdokumentation im Bundestagsarchiv recherchiert. Dort ist ausf\u00fchrlich das Gesetzgebungsverfahren dokumentiert. Auch Protokolle des Ausschusses f\u00fcr Arbeit in der 1. Wahlperiode liegen vor. Die Bewertung der Bewerbungen um den Sitz der Bundesanstalt wurden an einen Unterausschuss weitergeleitet, von dessen Sitzungen leider keine Quellen mehr zur Verf\u00fcgung stehen.<a href=\"#_ftn2\" name=\"_ftnref2\">[7]<\/a><\/p>\n<p>Von Seiten der Initiatoren, quasi von unten: Der Bundestagsabgeordnete Hugo Karpf (CSU) vertrat den Wahlkreis Aschaffenburg in der 1. Wahlperiode im Bundestag. Als ausgewiesener Sozialpolitiker (\u201eVater des Heimarbeitergesetzes\u201c) m\u00fcsste er \u00fcber die Verhandlungen um den Standort der Bundesanstalt eingebunden gewesen sein. Leider f\u00fchrte die Nachfrage beim Archiv der Konrad-Adenauer-Stiftung zu keinem Ergebnis.<a href=\"#_ftn3\" name=\"_ftnref3\">[8]<\/a><\/p>\n<p>Die Bundesagentur f\u00fcr Arbeit hat eine eigene Sammlung zur Entwicklung der Arbeitsverwaltung in Deutschland (SEAD). Die Recherche dort f\u00fchrte ebenfalls zu keinem Ergebnis.<a href=\"#_ftn4\" name=\"_ftnref4\">[9]<\/a><\/p>\n<p>Auch die Recherche im Stadt- und Stiftsarchiv blieb ohne Erfolg, ebenso wie im Archiv der regionalen Presse, der Zeitung &#8222;Main-Echo&#8220;.<a href=\"#_ftn5\" name=\"_ftnref5\">[10]<\/a> Die telefonische Auskunft bei einem ehemaligen Mitarbeiter des Arbeitsamts Aschaffenburg, der 1942 seinen Dienst in der Beh\u00f6rde anfing und sp\u00e4ter eine leitende Stellung innehatte, brachte kein Ergebnis.<\/p>\n<p>Vielleicht kann die Ver\u00f6ffentlichung dieser Recherche noch Licht in die Bewerbungsinitiative von Aschaffenburg bringen. Die Bundesagentur f\u00fcr Arbeit ist heute mit fast 100.000 Besch\u00e4ftigten die gr\u00f6\u00dfte Beh\u00f6rde des Bundes. Sie hat ihren Sitz in N\u00fcrnberg.<\/p>\n<p><strong>Anmerkungen<\/strong>:<\/p>\n<p><a href=\"#_ftnref1\" name=\"_ftn1\">[1]<\/a> Gesetz \u00fcber den Sitz der Bundesanstalt f\u00fcr Arbeitsvermittlung und Arbeitslosenversicherung, BGBl. Teil 1, 29.11.1951, S. 919.<\/p>\n<p><a href=\"#_ftnref1\" name=\"_ftn1\">[2]<\/a> Maier Dieter G., Anf\u00e4nge und Br\u00fcche der Arbeitsverwaltung bis 1952, Br\u00fchl 2004, S. 144ff.<\/p>\n<p><a href=\"#_ftnref1\" name=\"_ftn1\">[3]<\/a> Vgl. Antrag der SPD-Fraktion, BT-Drs. 1127, und der CDU\/CSU-Fraktion, BT-Drs. 1179.<\/p>\n<p><a href=\"#_ftnref2\" name=\"_ftn2\">[4]<\/a> Vgl. Schreiben des Pr\u00e4sidenten des Bundesrates vom 27.07.1951, BT-Drs. 2523.<\/p>\n<p><a href=\"#_ftnref3\" name=\"_ftn3\">[5]<\/a> Protokoll der 156. Sitzung des Deutschen Bundestags am 05.07.1951. Siehe auch Protokoll-Auszug.<\/p>\n<p><a href=\"#_ftnref1\" name=\"_ftn1\">[6]<\/a> Schmuhl Hans-Walter, Arbeitsmarktpolitik und Arbeitsverwaltung in Deutschland 1871-2002, N\u00fcrnberg 2003, S. 415f.<\/p>\n<p><a href=\"#_ftnref2\" name=\"_ftn2\">[7]<\/a> Mail vom 01.04.2022 vom Leiter der Gesetzesdokumentation ID2 im Parlamentsarchiv.<\/p>\n<p><a href=\"#_ftnref3\" name=\"_ftn3\">[8]<\/a> Mail vom 08.02.2022 vom Leiter Schriftgutarchiv der Hauptabteilung Wissenschaftliche Dienste\/Archiv f\u00fcr Christlich-Demokratische Politik (ACDP).<\/p>\n<p><a href=\"#_ftnref4\" name=\"_ftn4\">[9]<\/a> Mail vom 06.04.2022 von der Sammlung der BA zur Entwicklung der Arbeitsverwaltung in Deutschland (SEAD-BA).<\/p>\n<p><a href=\"#_ftnref5\" name=\"_ftn5\">[10]<\/a> Main-Echo vom 24.02.1951: Ein Hinweis auf Koblenz als Standort der Bundesanstalt, Aschaffenburg Fehlanzeige. Main-Echo vom 12.07.1951: Hinweis auf N\u00fcrnberg als endg\u00fcltigen Sitz der Bundesanstalt f\u00fcr Arbeitsvermittlung und Arbeitslosenversicherung.<\/p>\n<p>&nbsp;<\/p>\n","protected":false},"excerpt":{"rendered":"<p>Aschaffenburg hat es nie an Selbstbewusstsein gemangelt. Das zeigte sich auch in den ersten Nachkriegsjahren, als die Stadt sich 1951 als Sitz der Hauptstelle der Bundesanstalt f\u00fcr Arbeitsvermittlung und Arbeitslosenversicherung [&hellip;]<\/p>\n","protected":false},"author":123,"featured_media":0,"comment_status":"open","ping_status":"open","sticky":false,"template":"","format":"standard","meta":{"_acf_changed":false,"_price":"","_stock":"","_tribe_ticket_header":"","_tribe_default_ticket_provider":"","_tribe_ticket_capacity":"0","_ticket_start_date":"","_ticket_end_date":"","_tribe_ticket_show_description":"","_tribe_ticket_show_not_going":false,"_tribe_ticket_use_global_stock":"","_tribe_ticket_global_stock_level":"","_global_stock_mode":"","_global_stock_cap":"","_tribe_rsvp_for_event":"","_tribe_ticket_going_count":"","_tribe_ticket_not_going_count":"","_tribe_tickets_list":"[]","_tribe_ticket_has_attendee_info_fields":false,"footnotes":""},"categories":[959],"tags":[1002,1003,1004],"post-format":[],"post-content":[50,47],"class_list":["post-13317","post","type-post","status-publish","format-standard","hentry","category-geschichte","tag-arbeitsamt","tag-bundesagentur-der-arbeit","tag-bundesanstalt","content-image","content-text"],"acf":[],"yoast_head":"<!-- This site is optimized with the Yoast SEO plugin v27.5 - https:\/\/yoast.com\/product\/yoast-seo-wordpress\/ -->\n<title>Aschaffenburg als Sitz der Bundesanstalt f\u00fcr Arbeit \u2013 ein Versuch - heimat:hub<\/title>\n<meta name=\"robots\" content=\"index, follow, max-snippet:-1, max-image-preview:large, max-video-preview:-1\" \/>\n<link rel=\"canonical\" href=\"https:\/\/heimathub.de\/aschaffenburg-als-sitz-der-bundesanstalt-fuer-arbeit-ein-versuch\/\" \/>\n<meta property=\"og:locale\" content=\"de_DE\" \/>\n<meta property=\"og:type\" content=\"article\" \/>\n<meta property=\"og:title\" content=\"Aschaffenburg als Sitz der Bundesanstalt f\u00fcr Arbeit \u2013 ein Versuch - heimat:hub\" \/>\n<meta property=\"og:description\" content=\"Aschaffenburg hat es nie an Selbstbewusstsein gemangelt. Das zeigte sich auch in den ersten Nachkriegsjahren, als die Stadt sich 1951 als Sitz der Hauptstelle der Bundesanstalt f\u00fcr Arbeitsvermittlung und Arbeitslosenversicherung [&hellip;]\" \/>\n<meta property=\"og:url\" content=\"https:\/\/heimathub.de\/aschaffenburg-als-sitz-der-bundesanstalt-fuer-arbeit-ein-versuch\/\" \/>\n<meta property=\"og:site_name\" content=\"heimat:hub\" \/>\n<meta property=\"article:published_time\" content=\"2022-05-09T09:17:18+00:00\" \/>\n<meta property=\"article:modified_time\" content=\"2024-04-04T13:23:34+00:00\" \/>\n<meta name=\"author\" content=\"server\" \/>\n<meta name=\"twitter:card\" content=\"summary_large_image\" \/>\n<meta name=\"twitter:label1\" content=\"Verfasst von\" \/>\n\t<meta name=\"twitter:data1\" content=\"server\" \/>\n\t<meta name=\"twitter:label2\" content=\"Gesch\u00e4tzte Lesezeit\" \/>\n\t<meta name=\"twitter:data2\" content=\"6\u00a0Minuten\" \/>\n<script type=\"application\/ld+json\" class=\"yoast-schema-graph\">{\"@context\":\"https:\\\/\\\/schema.org\",\"@graph\":[{\"@type\":\"Article\",\"@id\":\"https:\\\/\\\/heimathub.de\\\/aschaffenburg-als-sitz-der-bundesanstalt-fuer-arbeit-ein-versuch\\\/#article\",\"isPartOf\":{\"@id\":\"https:\\\/\\\/heimathub.de\\\/aschaffenburg-als-sitz-der-bundesanstalt-fuer-arbeit-ein-versuch\\\/\"},\"author\":{\"name\":\"server\",\"@id\":\"https:\\\/\\\/heimathub.de\\\/#\\\/schema\\\/person\\\/d826aa09cb17988a4c9cce11f0f8087e\"},\"headline\":\"Aschaffenburg als Sitz der Bundesanstalt f\u00fcr Arbeit \u2013 ein Versuch\",\"datePublished\":\"2022-05-09T09:17:18+00:00\",\"dateModified\":\"2024-04-04T13:23:34+00:00\",\"mainEntityOfPage\":{\"@id\":\"https:\\\/\\\/heimathub.de\\\/aschaffenburg-als-sitz-der-bundesanstalt-fuer-arbeit-ein-versuch\\\/\"},\"wordCount\":1111,\"commentCount\":0,\"keywords\":[\"Arbeitsamt\",\"Bundesagentur der Arbeit\",\"Bundesanstalt\"],\"articleSection\":[\"Geschichte\"],\"inLanguage\":\"de\",\"potentialAction\":[{\"@type\":\"CommentAction\",\"name\":\"Comment\",\"target\":[\"https:\\\/\\\/heimathub.de\\\/aschaffenburg-als-sitz-der-bundesanstalt-fuer-arbeit-ein-versuch\\\/#respond\"]}]},{\"@type\":\"WebPage\",\"@id\":\"https:\\\/\\\/heimathub.de\\\/aschaffenburg-als-sitz-der-bundesanstalt-fuer-arbeit-ein-versuch\\\/\",\"url\":\"https:\\\/\\\/heimathub.de\\\/aschaffenburg-als-sitz-der-bundesanstalt-fuer-arbeit-ein-versuch\\\/\",\"name\":\"Aschaffenburg als Sitz der Bundesanstalt f\u00fcr Arbeit \u2013 ein Versuch - heimat:hub\",\"isPartOf\":{\"@id\":\"https:\\\/\\\/heimathub.de\\\/#website\"},\"datePublished\":\"2022-05-09T09:17:18+00:00\",\"dateModified\":\"2024-04-04T13:23:34+00:00\",\"author\":{\"@id\":\"https:\\\/\\\/heimathub.de\\\/#\\\/schema\\\/person\\\/d826aa09cb17988a4c9cce11f0f8087e\"},\"breadcrumb\":{\"@id\":\"https:\\\/\\\/heimathub.de\\\/aschaffenburg-als-sitz-der-bundesanstalt-fuer-arbeit-ein-versuch\\\/#breadcrumb\"},\"inLanguage\":\"de\",\"potentialAction\":[{\"@type\":\"ReadAction\",\"target\":[\"https:\\\/\\\/heimathub.de\\\/aschaffenburg-als-sitz-der-bundesanstalt-fuer-arbeit-ein-versuch\\\/\"]}]},{\"@type\":\"BreadcrumbList\",\"@id\":\"https:\\\/\\\/heimathub.de\\\/aschaffenburg-als-sitz-der-bundesanstalt-fuer-arbeit-ein-versuch\\\/#breadcrumb\",\"itemListElement\":[{\"@type\":\"ListItem\",\"position\":1,\"name\":\"Startseite\",\"item\":\"https:\\\/\\\/heimathub.de\\\/\"},{\"@type\":\"ListItem\",\"position\":2,\"name\":\"Journal\",\"item\":\"https:\\\/\\\/heimathub.de\\\/journal\\\/\"},{\"@type\":\"ListItem\",\"position\":3,\"name\":\"Aschaffenburg als Sitz der Bundesanstalt f\u00fcr Arbeit \u2013 ein Versuch\"}]},{\"@type\":\"WebSite\",\"@id\":\"https:\\\/\\\/heimathub.de\\\/#website\",\"url\":\"https:\\\/\\\/heimathub.de\\\/\",\"name\":\"heimat:hub\",\"description\":\"\",\"potentialAction\":[{\"@type\":\"SearchAction\",\"target\":{\"@type\":\"EntryPoint\",\"urlTemplate\":\"https:\\\/\\\/heimathub.de\\\/?s={search_term_string}\"},\"query-input\":{\"@type\":\"PropertyValueSpecification\",\"valueRequired\":true,\"valueName\":\"search_term_string\"}}],\"inLanguage\":\"de\"},{\"@type\":\"Person\",\"@id\":\"https:\\\/\\\/heimathub.de\\\/#\\\/schema\\\/person\\\/d826aa09cb17988a4c9cce11f0f8087e\",\"name\":\"server\",\"image\":{\"@type\":\"ImageObject\",\"inLanguage\":\"de\",\"@id\":\"https:\\\/\\\/secure.gravatar.com\\\/avatar\\\/6de59cac448c3b1f248b962f14b78d2970fa5b1d2f1d07ab5891a5722757b424?s=96&d=https%3A%2F%2Fheimathub.de%2Fwp-content%2Fthemes%2Fheimathub%2Fassets%2Fimg%2Fuser.png&r=g\",\"url\":\"https:\\\/\\\/secure.gravatar.com\\\/avatar\\\/6de59cac448c3b1f248b962f14b78d2970fa5b1d2f1d07ab5891a5722757b424?s=96&d=https%3A%2F%2Fheimathub.de%2Fwp-content%2Fthemes%2Fheimathub%2Fassets%2Fimg%2Fuser.png&r=g\",\"contentUrl\":\"https:\\\/\\\/secure.gravatar.com\\\/avatar\\\/6de59cac448c3b1f248b962f14b78d2970fa5b1d2f1d07ab5891a5722757b424?s=96&d=https%3A%2F%2Fheimathub.de%2Fwp-content%2Fthemes%2Fheimathub%2Fassets%2Fimg%2Fuser.png&r=g\",\"caption\":\"server\"},\"url\":\"https:\\\/\\\/heimathub.de\\\/author\\\/server\\\/\"}]}<\/script>\n<!-- \/ Yoast SEO plugin. -->","yoast_head_json":{"title":"Aschaffenburg als Sitz der Bundesanstalt f\u00fcr Arbeit \u2013 ein Versuch - heimat:hub","robots":{"index":"index","follow":"follow","max-snippet":"max-snippet:-1","max-image-preview":"max-image-preview:large","max-video-preview":"max-video-preview:-1"},"canonical":"https:\/\/heimathub.de\/aschaffenburg-als-sitz-der-bundesanstalt-fuer-arbeit-ein-versuch\/","og_locale":"de_DE","og_type":"article","og_title":"Aschaffenburg als Sitz der Bundesanstalt f\u00fcr Arbeit \u2013 ein Versuch - heimat:hub","og_description":"Aschaffenburg hat es nie an Selbstbewusstsein gemangelt. Das zeigte sich auch in den ersten Nachkriegsjahren, als die Stadt sich 1951 als Sitz der Hauptstelle der Bundesanstalt f\u00fcr Arbeitsvermittlung und Arbeitslosenversicherung [&hellip;]","og_url":"https:\/\/heimathub.de\/aschaffenburg-als-sitz-der-bundesanstalt-fuer-arbeit-ein-versuch\/","og_site_name":"heimat:hub","article_published_time":"2022-05-09T09:17:18+00:00","article_modified_time":"2024-04-04T13:23:34+00:00","author":"server","twitter_card":"summary_large_image","twitter_misc":{"Verfasst von":"server","Gesch\u00e4tzte Lesezeit":"6\u00a0Minuten"},"schema":{"@context":"https:\/\/schema.org","@graph":[{"@type":"Article","@id":"https:\/\/heimathub.de\/aschaffenburg-als-sitz-der-bundesanstalt-fuer-arbeit-ein-versuch\/#article","isPartOf":{"@id":"https:\/\/heimathub.de\/aschaffenburg-als-sitz-der-bundesanstalt-fuer-arbeit-ein-versuch\/"},"author":{"name":"server","@id":"https:\/\/heimathub.de\/#\/schema\/person\/d826aa09cb17988a4c9cce11f0f8087e"},"headline":"Aschaffenburg als Sitz der Bundesanstalt f\u00fcr Arbeit \u2013 ein Versuch","datePublished":"2022-05-09T09:17:18+00:00","dateModified":"2024-04-04T13:23:34+00:00","mainEntityOfPage":{"@id":"https:\/\/heimathub.de\/aschaffenburg-als-sitz-der-bundesanstalt-fuer-arbeit-ein-versuch\/"},"wordCount":1111,"commentCount":0,"keywords":["Arbeitsamt","Bundesagentur der Arbeit","Bundesanstalt"],"articleSection":["Geschichte"],"inLanguage":"de","potentialAction":[{"@type":"CommentAction","name":"Comment","target":["https:\/\/heimathub.de\/aschaffenburg-als-sitz-der-bundesanstalt-fuer-arbeit-ein-versuch\/#respond"]}]},{"@type":"WebPage","@id":"https:\/\/heimathub.de\/aschaffenburg-als-sitz-der-bundesanstalt-fuer-arbeit-ein-versuch\/","url":"https:\/\/heimathub.de\/aschaffenburg-als-sitz-der-bundesanstalt-fuer-arbeit-ein-versuch\/","name":"Aschaffenburg als Sitz der Bundesanstalt f\u00fcr Arbeit \u2013 ein Versuch - heimat:hub","isPartOf":{"@id":"https:\/\/heimathub.de\/#website"},"datePublished":"2022-05-09T09:17:18+00:00","dateModified":"2024-04-04T13:23:34+00:00","author":{"@id":"https:\/\/heimathub.de\/#\/schema\/person\/d826aa09cb17988a4c9cce11f0f8087e"},"breadcrumb":{"@id":"https:\/\/heimathub.de\/aschaffenburg-als-sitz-der-bundesanstalt-fuer-arbeit-ein-versuch\/#breadcrumb"},"inLanguage":"de","potentialAction":[{"@type":"ReadAction","target":["https:\/\/heimathub.de\/aschaffenburg-als-sitz-der-bundesanstalt-fuer-arbeit-ein-versuch\/"]}]},{"@type":"BreadcrumbList","@id":"https:\/\/heimathub.de\/aschaffenburg-als-sitz-der-bundesanstalt-fuer-arbeit-ein-versuch\/#breadcrumb","itemListElement":[{"@type":"ListItem","position":1,"name":"Startseite","item":"https:\/\/heimathub.de\/"},{"@type":"ListItem","position":2,"name":"Journal","item":"https:\/\/heimathub.de\/journal\/"},{"@type":"ListItem","position":3,"name":"Aschaffenburg als Sitz der Bundesanstalt f\u00fcr Arbeit \u2013 ein Versuch"}]},{"@type":"WebSite","@id":"https:\/\/heimathub.de\/#website","url":"https:\/\/heimathub.de\/","name":"heimat:hub","description":"","potentialAction":[{"@type":"SearchAction","target":{"@type":"EntryPoint","urlTemplate":"https:\/\/heimathub.de\/?s={search_term_string}"},"query-input":{"@type":"PropertyValueSpecification","valueRequired":true,"valueName":"search_term_string"}}],"inLanguage":"de"},{"@type":"Person","@id":"https:\/\/heimathub.de\/#\/schema\/person\/d826aa09cb17988a4c9cce11f0f8087e","name":"server","image":{"@type":"ImageObject","inLanguage":"de","@id":"https:\/\/secure.gravatar.com\/avatar\/6de59cac448c3b1f248b962f14b78d2970fa5b1d2f1d07ab5891a5722757b424?s=96&d=https%3A%2F%2Fheimathub.de%2Fwp-content%2Fthemes%2Fheimathub%2Fassets%2Fimg%2Fuser.png&r=g","url":"https:\/\/secure.gravatar.com\/avatar\/6de59cac448c3b1f248b962f14b78d2970fa5b1d2f1d07ab5891a5722757b424?s=96&d=https%3A%2F%2Fheimathub.de%2Fwp-content%2Fthemes%2Fheimathub%2Fassets%2Fimg%2Fuser.png&r=g","contentUrl":"https:\/\/secure.gravatar.com\/avatar\/6de59cac448c3b1f248b962f14b78d2970fa5b1d2f1d07ab5891a5722757b424?s=96&d=https%3A%2F%2Fheimathub.de%2Fwp-content%2Fthemes%2Fheimathub%2Fassets%2Fimg%2Fuser.png&r=g","caption":"server"},"url":"https:\/\/heimathub.de\/author\/server\/"}]}},"_links":{"self":[{"href":"https:\/\/heimathub.de\/data\/wp\/v2\/posts\/13317","targetHints":{"allow":["GET"]}}],"collection":[{"href":"https:\/\/heimathub.de\/data\/wp\/v2\/posts"}],"about":[{"href":"https:\/\/heimathub.de\/data\/wp\/v2\/types\/post"}],"author":[{"embeddable":true,"href":"https:\/\/heimathub.de\/data\/wp\/v2\/users\/123"}],"replies":[{"embeddable":true,"href":"https:\/\/heimathub.de\/data\/wp\/v2\/comments?post=13317"}],"version-history":[{"count":1,"href":"https:\/\/heimathub.de\/data\/wp\/v2\/posts\/13317\/revisions"}],"predecessor-version":[{"id":13483,"href":"https:\/\/heimathub.de\/data\/wp\/v2\/posts\/13317\/revisions\/13483"}],"wp:attachment":[{"href":"https:\/\/heimathub.de\/data\/wp\/v2\/media?parent=13317"}],"wp:term":[{"taxonomy":"category","embeddable":true,"href":"https:\/\/heimathub.de\/data\/wp\/v2\/categories?post=13317"},{"taxonomy":"post_tag","embeddable":true,"href":"https:\/\/heimathub.de\/data\/wp\/v2\/tags?post=13317"},{"taxonomy":"format","embeddable":true,"href":"https:\/\/heimathub.de\/data\/wp\/v2\/post-format?post=13317"},{"taxonomy":"content","embeddable":true,"href":"https:\/\/heimathub.de\/data\/wp\/v2\/post-content?post=13317"}],"curies":[{"name":"wp","href":"https:\/\/api.w.org\/{rel}","templated":true}]}}