{"id":13074,"date":"2024-03-25T09:56:23","date_gmt":"2024-03-25T08:56:23","guid":{"rendered":"https:\/\/heimathub.de\/?p=13074"},"modified":"2024-04-17T10:18:25","modified_gmt":"2024-04-17T08:18:25","slug":"vor-25-jahren-wurde-der-brunnen-auf-dem-geschwister-scholl-platz-eingeweiht","status":"publish","type":"post","link":"https:\/\/heimathub.de\/vor-25-jahren-wurde-der-brunnen-auf-dem-geschwister-scholl-platz-eingeweiht\/","title":{"rendered":"Vor 25 Jahren wurde der Brunnen auf dem Geschwister-Scholl-Platz eingeweiht"},"content":{"rendered":"<p>Vor 25 Jahren, am Ostersamstag am 3. April 1999, wurde der Brunnen auf dem Geschwister-Scholl-Platz in Aschaffenburg-Nilkheim im Rahmen einer Feier der \u00d6ffentlichkeit \u00fcbergeben. Der Brunnen erinnert an die Mitglieder der &#8222;Wei\u00dfen Rose&#8220;. Deren Einsatz f\u00fcr Frieden, Freiheit und Gerechtigkeit ist auch heute von uneingeschr\u00e4nkter Aktualit\u00e4t.<\/p>\n<p>Die Wei\u00dfe Rose ist ein Freundeskreis um die Studenten Hans Scholl und Alexander Schmorell. Ab Sommer 1942 rufen sie in M\u00fcnchen mit Flugbl\u00e4ttern gegen die NS-Diktatur und zur Beendigung des Krieges auf. Sie appellierten an die Verantwortung jedes Einzelnen f\u00fcr Freiheit und Gerechtigkeit. Am 18. Februar 1943 legen Hans und Sophie Scholl Flugbl\u00e4tter vor den H\u00f6rs\u00e4len der Universit\u00e4t\u00a0 aus, restliche Bl\u00e4tter lassen sie in den Lichthof fallen. Dabei werden sie beobachtet, festgehalten und von der Gestapo verhaftet. Am 22. Februar 1943 werden Christoph Probst und die Geschwister Sophie und Hans Scholl von den Nazis ermordet.<\/p>\n<p>Der Aschaffenburger Oberb\u00fcrgermeister Dr. Willi Reiland erinnerte in seiner Ansprache zur \u00dcbergabe daran, dass der freiheitlich demokratische Rechtsstaat keine Selbstverst\u00e4ndlichkeit sei: &#8222;Er muss immer wieder mit aller Entschiedenheit verteidigt werden.&#8220; Zentral sei die Frage, wie mutiges Eintreten f\u00fcr Freiheit und Demokratie, f\u00fcr die Rechte der Schw\u00e4cheren und gegen politische Rattenf\u00e4nger gerade der jungen Generation als verpflichtende und menschlich gewinnbringende Haltung vermittelt werden k\u00f6nne.\u00a0 Das galt vor 25 Jahren, das gilt heute.<\/p>\n<p>&nbsp;<\/p>\n","protected":false},"excerpt":{"rendered":"<p>Vor 25 Jahren, am Ostersamstag am 3. April 1999, wurde der Brunnen auf dem Geschwister-Scholl-Platz in Aschaffenburg-Nilkheim im Rahmen einer Feier der \u00d6ffentlichkeit \u00fcbergeben. Der Brunnen erinnert an die Mitglieder [&hellip;]<\/p>\n","protected":false},"author":24,"featured_media":0,"comment_status":"open","ping_status":"open","sticky":false,"template":"","format":"standard","meta":{"_acf_changed":false,"_price":"","_stock":"","_tribe_ticket_header":"","_tribe_default_ticket_provider":"","_tribe_ticket_capacity":"0","_ticket_start_date":"","_ticket_end_date":"","_tribe_ticket_show_description":"","_tribe_ticket_show_not_going":false,"_tribe_ticket_use_global_stock":"","_tribe_ticket_global_stock_level":"","_global_stock_mode":"","_global_stock_cap":"","_tribe_rsvp_for_event":"","_tribe_ticket_going_count":"","_tribe_ticket_not_going_count":"","_tribe_tickets_list":"[]","_tribe_ticket_has_attendee_info_fields":false,"footnotes":""},"categories":[871,9,10,17,18],"tags":[901,902,903,904,905,186,197,289,899,900],"post-format":[],"post-content":[50,47],"class_list":["post-13074","post","type-post","status-publish","format-standard","hentry","category-fest-und-feiertage","category-architektur","category-denkmal","category-kunst-und-kultur","category-politik","tag-einweihung","tag-dr-willi-reiland","tag-frieden","tag-widerstand","tag-freiheit","tag-feier","tag-nilkheim","tag-erinnerung","tag-geschwister-scholl-platz","tag-brunnen","content-image","content-text"],"acf":[],"yoast_head":"<!-- This site is optimized with the Yoast SEO plugin v27.4 - https:\/\/yoast.com\/product\/yoast-seo-wordpress\/ -->\n<title>Vor 25 Jahren wurde der Brunnen auf dem Geschwister-Scholl-Platz eingeweiht - heimat:hub<\/title>\n<meta name=\"robots\" content=\"index, follow, max-snippet:-1, max-image-preview:large, max-video-preview:-1\" \/>\n<link rel=\"canonical\" href=\"https:\/\/heimathub.de\/vor-25-jahren-wurde-der-brunnen-auf-dem-geschwister-scholl-platz-eingeweiht\/\" \/>\n<meta property=\"og:locale\" content=\"de_DE\" \/>\n<meta property=\"og:type\" content=\"article\" \/>\n<meta property=\"og:title\" content=\"Vor 25 Jahren wurde der Brunnen auf dem Geschwister-Scholl-Platz eingeweiht - heimat:hub\" \/>\n<meta property=\"og:description\" content=\"Vor 25 Jahren, am Ostersamstag am 3. April 1999, wurde der Brunnen auf dem Geschwister-Scholl-Platz in Aschaffenburg-Nilkheim im Rahmen einer Feier der \u00d6ffentlichkeit \u00fcbergeben. Der Brunnen erinnert an die Mitglieder [&hellip;]\" \/>\n<meta property=\"og:url\" content=\"https:\/\/heimathub.de\/vor-25-jahren-wurde-der-brunnen-auf-dem-geschwister-scholl-platz-eingeweiht\/\" \/>\n<meta property=\"og:site_name\" content=\"heimat:hub\" \/>\n<meta property=\"article:published_time\" content=\"2024-03-25T08:56:23+00:00\" \/>\n<meta property=\"article:modified_time\" content=\"2024-04-17T08:18:25+00:00\" \/>\n<meta name=\"author\" content=\"Wolfgang Giegerich\" \/>\n<meta name=\"twitter:card\" content=\"summary_large_image\" \/>\n<meta name=\"twitter:label1\" content=\"Verfasst von\" \/>\n\t<meta name=\"twitter:data1\" content=\"Wolfgang Giegerich\" \/>\n\t<meta name=\"twitter:label2\" content=\"Gesch\u00e4tzte Lesezeit\" \/>\n\t<meta name=\"twitter:data2\" content=\"2\u00a0Minuten\" \/>\n<script type=\"application\/ld+json\" class=\"yoast-schema-graph\">{\"@context\":\"https:\\\/\\\/schema.org\",\"@graph\":[{\"@type\":\"Article\",\"@id\":\"https:\\\/\\\/heimathub.de\\\/vor-25-jahren-wurde-der-brunnen-auf-dem-geschwister-scholl-platz-eingeweiht\\\/#article\",\"isPartOf\":{\"@id\":\"https:\\\/\\\/heimathub.de\\\/vor-25-jahren-wurde-der-brunnen-auf-dem-geschwister-scholl-platz-eingeweiht\\\/\"},\"author\":{\"name\":\"Wolfgang Giegerich\",\"@id\":\"https:\\\/\\\/heimathub.de\\\/#\\\/schema\\\/person\\\/51bdf2bac07cd347c83871ed59db3cff\"},\"headline\":\"Vor 25 Jahren wurde der Brunnen auf dem Geschwister-Scholl-Platz eingeweiht\",\"datePublished\":\"2024-03-25T08:56:23+00:00\",\"dateModified\":\"2024-04-17T08:18:25+00:00\",\"mainEntityOfPage\":{\"@id\":\"https:\\\/\\\/heimathub.de\\\/vor-25-jahren-wurde-der-brunnen-auf-dem-geschwister-scholl-platz-eingeweiht\\\/\"},\"wordCount\":233,\"commentCount\":0,\"keywords\":[\"Einweihung\",\"Dr. Willi Reiland\",\"Frieden\",\"Widerstand\",\"Freiheit\",\"Feier\",\"Nilkheim\",\"Erinnerung\",\"Geschwister-Scholl-Platz\",\"Brunnen\"],\"articleSection\":[\"Fest- und Feiertage\",\"Architektur\",\"Denkmal\",\"Kunst und Kultur\",\"Politik\"],\"inLanguage\":\"de\",\"potentialAction\":[{\"@type\":\"CommentAction\",\"name\":\"Comment\",\"target\":[\"https:\\\/\\\/heimathub.de\\\/vor-25-jahren-wurde-der-brunnen-auf-dem-geschwister-scholl-platz-eingeweiht\\\/#respond\"]}]},{\"@type\":\"WebPage\",\"@id\":\"https:\\\/\\\/heimathub.de\\\/vor-25-jahren-wurde-der-brunnen-auf-dem-geschwister-scholl-platz-eingeweiht\\\/\",\"url\":\"https:\\\/\\\/heimathub.de\\\/vor-25-jahren-wurde-der-brunnen-auf-dem-geschwister-scholl-platz-eingeweiht\\\/\",\"name\":\"Vor 25 Jahren wurde der Brunnen auf dem Geschwister-Scholl-Platz eingeweiht - heimat:hub\",\"isPartOf\":{\"@id\":\"https:\\\/\\\/heimathub.de\\\/#website\"},\"datePublished\":\"2024-03-25T08:56:23+00:00\",\"dateModified\":\"2024-04-17T08:18:25+00:00\",\"author\":{\"@id\":\"https:\\\/\\\/heimathub.de\\\/#\\\/schema\\\/person\\\/51bdf2bac07cd347c83871ed59db3cff\"},\"breadcrumb\":{\"@id\":\"https:\\\/\\\/heimathub.de\\\/vor-25-jahren-wurde-der-brunnen-auf-dem-geschwister-scholl-platz-eingeweiht\\\/#breadcrumb\"},\"inLanguage\":\"de\",\"potentialAction\":[{\"@type\":\"ReadAction\",\"target\":[\"https:\\\/\\\/heimathub.de\\\/vor-25-jahren-wurde-der-brunnen-auf-dem-geschwister-scholl-platz-eingeweiht\\\/\"]}]},{\"@type\":\"BreadcrumbList\",\"@id\":\"https:\\\/\\\/heimathub.de\\\/vor-25-jahren-wurde-der-brunnen-auf-dem-geschwister-scholl-platz-eingeweiht\\\/#breadcrumb\",\"itemListElement\":[{\"@type\":\"ListItem\",\"position\":1,\"name\":\"Startseite\",\"item\":\"https:\\\/\\\/heimathub.de\\\/\"},{\"@type\":\"ListItem\",\"position\":2,\"name\":\"Journal\",\"item\":\"https:\\\/\\\/heimathub.de\\\/journal\\\/\"},{\"@type\":\"ListItem\",\"position\":3,\"name\":\"Vor 25 Jahren wurde der Brunnen auf dem Geschwister-Scholl-Platz eingeweiht\"}]},{\"@type\":\"WebSite\",\"@id\":\"https:\\\/\\\/heimathub.de\\\/#website\",\"url\":\"https:\\\/\\\/heimathub.de\\\/\",\"name\":\"heimat:hub\",\"description\":\"\",\"potentialAction\":[{\"@type\":\"SearchAction\",\"target\":{\"@type\":\"EntryPoint\",\"urlTemplate\":\"https:\\\/\\\/heimathub.de\\\/?s={search_term_string}\"},\"query-input\":{\"@type\":\"PropertyValueSpecification\",\"valueRequired\":true,\"valueName\":\"search_term_string\"}}],\"inLanguage\":\"de\"},{\"@type\":\"Person\",\"@id\":\"https:\\\/\\\/heimathub.de\\\/#\\\/schema\\\/person\\\/51bdf2bac07cd347c83871ed59db3cff\",\"name\":\"Wolfgang Giegerich\",\"image\":{\"@type\":\"ImageObject\",\"inLanguage\":\"de\",\"@id\":\"https:\\\/\\\/heimathub.de\\\/wp-content\\\/uploads\\\/tml-avatars\\\/05-2.jpg\",\"url\":\"https:\\\/\\\/heimathub.de\\\/wp-content\\\/uploads\\\/tml-avatars\\\/05-2.jpg\",\"contentUrl\":\"https:\\\/\\\/heimathub.de\\\/wp-content\\\/uploads\\\/tml-avatars\\\/05-2.jpg\",\"caption\":\"Wolfgang Giegerich\"},\"url\":\"https:\\\/\\\/heimathub.de\\\/author\\\/wolfgang-giegerich\\\/\"}]}<\/script>\n<!-- \/ Yoast SEO plugin. -->","yoast_head_json":{"title":"Vor 25 Jahren wurde der Brunnen auf dem Geschwister-Scholl-Platz eingeweiht - heimat:hub","robots":{"index":"index","follow":"follow","max-snippet":"max-snippet:-1","max-image-preview":"max-image-preview:large","max-video-preview":"max-video-preview:-1"},"canonical":"https:\/\/heimathub.de\/vor-25-jahren-wurde-der-brunnen-auf-dem-geschwister-scholl-platz-eingeweiht\/","og_locale":"de_DE","og_type":"article","og_title":"Vor 25 Jahren wurde der Brunnen auf dem Geschwister-Scholl-Platz eingeweiht - heimat:hub","og_description":"Vor 25 Jahren, am Ostersamstag am 3. April 1999, wurde der Brunnen auf dem Geschwister-Scholl-Platz in Aschaffenburg-Nilkheim im Rahmen einer Feier der \u00d6ffentlichkeit \u00fcbergeben. Der Brunnen erinnert an die Mitglieder [&hellip;]","og_url":"https:\/\/heimathub.de\/vor-25-jahren-wurde-der-brunnen-auf-dem-geschwister-scholl-platz-eingeweiht\/","og_site_name":"heimat:hub","article_published_time":"2024-03-25T08:56:23+00:00","article_modified_time":"2024-04-17T08:18:25+00:00","author":"Wolfgang Giegerich","twitter_card":"summary_large_image","twitter_misc":{"Verfasst von":"Wolfgang Giegerich","Gesch\u00e4tzte Lesezeit":"2\u00a0Minuten"},"schema":{"@context":"https:\/\/schema.org","@graph":[{"@type":"Article","@id":"https:\/\/heimathub.de\/vor-25-jahren-wurde-der-brunnen-auf-dem-geschwister-scholl-platz-eingeweiht\/#article","isPartOf":{"@id":"https:\/\/heimathub.de\/vor-25-jahren-wurde-der-brunnen-auf-dem-geschwister-scholl-platz-eingeweiht\/"},"author":{"name":"Wolfgang Giegerich","@id":"https:\/\/heimathub.de\/#\/schema\/person\/51bdf2bac07cd347c83871ed59db3cff"},"headline":"Vor 25 Jahren wurde der Brunnen auf dem Geschwister-Scholl-Platz eingeweiht","datePublished":"2024-03-25T08:56:23+00:00","dateModified":"2024-04-17T08:18:25+00:00","mainEntityOfPage":{"@id":"https:\/\/heimathub.de\/vor-25-jahren-wurde-der-brunnen-auf-dem-geschwister-scholl-platz-eingeweiht\/"},"wordCount":233,"commentCount":0,"keywords":["Einweihung","Dr. Willi Reiland","Frieden","Widerstand","Freiheit","Feier","Nilkheim","Erinnerung","Geschwister-Scholl-Platz","Brunnen"],"articleSection":["Fest- und Feiertage","Architektur","Denkmal","Kunst und Kultur","Politik"],"inLanguage":"de","potentialAction":[{"@type":"CommentAction","name":"Comment","target":["https:\/\/heimathub.de\/vor-25-jahren-wurde-der-brunnen-auf-dem-geschwister-scholl-platz-eingeweiht\/#respond"]}]},{"@type":"WebPage","@id":"https:\/\/heimathub.de\/vor-25-jahren-wurde-der-brunnen-auf-dem-geschwister-scholl-platz-eingeweiht\/","url":"https:\/\/heimathub.de\/vor-25-jahren-wurde-der-brunnen-auf-dem-geschwister-scholl-platz-eingeweiht\/","name":"Vor 25 Jahren wurde der Brunnen auf dem Geschwister-Scholl-Platz eingeweiht - heimat:hub","isPartOf":{"@id":"https:\/\/heimathub.de\/#website"},"datePublished":"2024-03-25T08:56:23+00:00","dateModified":"2024-04-17T08:18:25+00:00","author":{"@id":"https:\/\/heimathub.de\/#\/schema\/person\/51bdf2bac07cd347c83871ed59db3cff"},"breadcrumb":{"@id":"https:\/\/heimathub.de\/vor-25-jahren-wurde-der-brunnen-auf-dem-geschwister-scholl-platz-eingeweiht\/#breadcrumb"},"inLanguage":"de","potentialAction":[{"@type":"ReadAction","target":["https:\/\/heimathub.de\/vor-25-jahren-wurde-der-brunnen-auf-dem-geschwister-scholl-platz-eingeweiht\/"]}]},{"@type":"BreadcrumbList","@id":"https:\/\/heimathub.de\/vor-25-jahren-wurde-der-brunnen-auf-dem-geschwister-scholl-platz-eingeweiht\/#breadcrumb","itemListElement":[{"@type":"ListItem","position":1,"name":"Startseite","item":"https:\/\/heimathub.de\/"},{"@type":"ListItem","position":2,"name":"Journal","item":"https:\/\/heimathub.de\/journal\/"},{"@type":"ListItem","position":3,"name":"Vor 25 Jahren wurde der Brunnen auf dem Geschwister-Scholl-Platz eingeweiht"}]},{"@type":"WebSite","@id":"https:\/\/heimathub.de\/#website","url":"https:\/\/heimathub.de\/","name":"heimat:hub","description":"","potentialAction":[{"@type":"SearchAction","target":{"@type":"EntryPoint","urlTemplate":"https:\/\/heimathub.de\/?s={search_term_string}"},"query-input":{"@type":"PropertyValueSpecification","valueRequired":true,"valueName":"search_term_string"}}],"inLanguage":"de"},{"@type":"Person","@id":"https:\/\/heimathub.de\/#\/schema\/person\/51bdf2bac07cd347c83871ed59db3cff","name":"Wolfgang Giegerich","image":{"@type":"ImageObject","inLanguage":"de","@id":"https:\/\/heimathub.de\/wp-content\/uploads\/tml-avatars\/05-2.jpg","url":"https:\/\/heimathub.de\/wp-content\/uploads\/tml-avatars\/05-2.jpg","contentUrl":"https:\/\/heimathub.de\/wp-content\/uploads\/tml-avatars\/05-2.jpg","caption":"Wolfgang Giegerich"},"url":"https:\/\/heimathub.de\/author\/wolfgang-giegerich\/"}]}},"_links":{"self":[{"href":"https:\/\/heimathub.de\/data\/wp\/v2\/posts\/13074","targetHints":{"allow":["GET"]}}],"collection":[{"href":"https:\/\/heimathub.de\/data\/wp\/v2\/posts"}],"about":[{"href":"https:\/\/heimathub.de\/data\/wp\/v2\/types\/post"}],"author":[{"embeddable":true,"href":"https:\/\/heimathub.de\/data\/wp\/v2\/users\/24"}],"replies":[{"embeddable":true,"href":"https:\/\/heimathub.de\/data\/wp\/v2\/comments?post=13074"}],"version-history":[{"count":5,"href":"https:\/\/heimathub.de\/data\/wp\/v2\/posts\/13074\/revisions"}],"predecessor-version":[{"id":13082,"href":"https:\/\/heimathub.de\/data\/wp\/v2\/posts\/13074\/revisions\/13082"}],"wp:attachment":[{"href":"https:\/\/heimathub.de\/data\/wp\/v2\/media?parent=13074"}],"wp:term":[{"taxonomy":"category","embeddable":true,"href":"https:\/\/heimathub.de\/data\/wp\/v2\/categories?post=13074"},{"taxonomy":"post_tag","embeddable":true,"href":"https:\/\/heimathub.de\/data\/wp\/v2\/tags?post=13074"},{"taxonomy":"format","embeddable":true,"href":"https:\/\/heimathub.de\/data\/wp\/v2\/post-format?post=13074"},{"taxonomy":"content","embeddable":true,"href":"https:\/\/heimathub.de\/data\/wp\/v2\/post-content?post=13074"}],"curies":[{"name":"wp","href":"https:\/\/api.w.org\/{rel}","templated":true}]}}