{"id":17713,"global_id":"heimathub.de?id=17713","global_id_lineage":["heimathub.de?id=17713"],"author":"125","status":"publish","date":"2025-02-27 14:43:48","date_utc":"2025-02-27 13:43:48","modified":"2025-03-10 10:41:45","modified_utc":"2025-03-10 09:41:45","url":"https:\/\/heimathub.de\/event\/enthuellung-der-anna-lenich-ehrenplakette\/","rest_url":"https:\/\/heimathub.de\/data\/tribe\/events\/v1\/events\/17713","title":"Enth\u00fcllung der Anna Lenich Ehrenplakette","description":"<p>&nbsp;<\/p>\n<p>Auftakt um 14:00 Uhr im Foyer des Sitzungssaal-Geb\u00e4udes, Dalberstra\u00dfe 52, Aschaffenburg<\/p>\n<p><strong>Programm:<\/strong><\/p>\n<ul>\n<li>Begr\u00fc\u00dfung und Vorstellung der Initiative FrauenMachenGeschichte (Dr. Anika Magath)<\/li>\n<li>Ansprache zu Anna Lenich als Gr\u00fcndungspr\u00e4sidentin des &#8222;Vereins f\u00fcr Fraueninteressen&#8220; in Aschaffenburg (Anne Hundhausen)<\/li>\n<\/ul>\n<p><strong>Ortswechsel:<\/strong><\/p>\n<ul>\n<li>Enth\u00fcllung der Plakette in der Dalbergstra\u00dfe 39, ehemaliges Vereinsheim des &#8222;Vereins f\u00fcr Fraueninteressen&#8220;<\/li>\n<li>Sektausschank und musikalische Begleitung mit dem Chor InTakt<\/li>\n<\/ul>\n<p><strong>Anna Lenich:<\/strong><br \/>\nAnna Lenich (1862-1920) w\u00e4chst in einer hochangesehenen Aschaffenburger Unternehmerfamilie auf. \u00dcber ihre Schwester lernt sie in M\u00fcnchen die dortige Frauenbewegung kennen, deren Idee sie in ihrer Heimat verwirklicht. 1903 gr\u00fcndet sie mit Gleichgesinnten in der Dalbergstra\u00dfe 39 den &#8222;Verein f\u00fcr Fraueninteressen&#8220; und wird deren Pr\u00e4sidentin.<\/p>\n<p>Ziel des Vereins ist die rechtliche und gesellschaftliche Gleichstellung von Frauen und M\u00e4nnern. Der konfessions\u00fcbergreifende Verein mischt mit in der M\u00e4dchenschulpolitik und gewinnt lokalpolitischen Einfluss &#8211; nach der Macht\u00fcbernahme der Nationalsozialisten 1933 l\u00f6st sich der Verein auf.<\/p>\n<p><strong>FrauenMachenGeschichte:<\/strong><br \/>\nDenkmalprojekt f\u00fcr die Sichtbarkeit historischer Frauen im Stadtbild von Aschaffenburg. Initiative von Anne Hundhausen, Dr. Anika Magath, Johanna M\u00fcller, Rosi Ruf und Mitgr\u00fcnderin Dr. Monika Schmittner (\u2020 2024).<\/p>\n<p><strong>Bisherige Ehrenplaketten:<\/strong><br \/>\n2024 Elisabeth Dering, Malerin- Karlstra\u00dfe 1a<br \/>\n2023 Grete Pierenk\u00e4mper, Ballettmeisterin &#8211; Stadttheater\/Karlsplatz<br \/>\n2022 Auguste Haarl\u00e4nder, Dichterin &#8211; W\u00fcrzburger Stra\u00dfe 18<\/p>","excerpt":"","slug":"enthuellung-der-anna-lenich-ehrenplakette","image":{"url":"https:\/\/heimathub.de\/wp-content\/uploads\/2025\/02\/Anna-Lenich_quadrat.jpg","id":17857,"extension":"jpg","width":394,"height":394,"filesize":47511,"sizes":{"thumbnail":{"width":320,"height":320,"mime-type":"image\/jpeg","filesize":20176,"url":"https:\/\/heimathub.de\/wp-content\/uploads\/2025\/02\/Anna-Lenich_quadrat-320x320.jpg"},"page-teaser-small":{"width":394,"height":338,"mime-type":"image\/jpeg","filesize":30407,"url":"https:\/\/heimathub.de\/wp-content\/uploads\/2025\/02\/Anna-Lenich_quadrat-394x338.jpg"}}},"all_day":false,"start_date":"2025-03-16 14:00:00","start_date_details":{"year":"2025","month":"03","day":"16","hour":"14","minutes":"00","seconds":"00"},"end_date":"2025-03-16 16:00:00","end_date_details":{"year":"2025","month":"03","day":"16","hour":"16","minutes":"00","seconds":"00"},"utc_start_date":"2025-03-16 13:00:00","utc_start_date_details":{"year":"2025","month":"03","day":"16","hour":"13","minutes":"00","seconds":"00"},"utc_end_date":"2025-03-16 15:00:00","utc_end_date_details":{"year":"2025","month":"03","day":"16","hour":"15","minutes":"00","seconds":"00"},"timezone":"Europe\/Berlin","timezone_abbr":"CET","cost":"","cost_details":{"currency_symbol":"","currency_code":"","currency_position":"","values":[]},"website":"","show_map":true,"show_map_link":true,"hide_from_listings":false,"sticky":false,"featured":false,"categories":[{"name":"Gedenkveranstaltung","slug":"gedenkveranstaltung","term_group":0,"term_taxonomy_id":181,"taxonomy":"tribe_events_cat","description":"","parent":0,"count":4,"filter":"raw","term_order":"2","id":181,"urls":{"self":"https:\/\/heimathub.de\/data\/tribe\/events\/v1\/categories\/181","collection":"https:\/\/heimathub.de\/data\/tribe\/events\/v1\/categories"}}],"tags":[{"name":"Aschaffenburg","slug":"aschaffenburg","term_group":0,"term_taxonomy_id":86,"taxonomy":"post_tag","description":"","parent":0,"count":33,"filter":"raw","term_order":"0","id":86,"urls":{"self":"https:\/\/heimathub.de\/data\/tribe\/events\/v1\/tags\/86","collection":"https:\/\/heimathub.de\/data\/tribe\/events\/v1\/tags"}},{"name":"Frauen","slug":"frauen","term_group":0,"term_taxonomy_id":847,"taxonomy":"post_tag","description":"","parent":0,"count":2,"filter":"raw","term_order":"0","id":847,"urls":{"self":"https:\/\/heimathub.de\/data\/tribe\/events\/v1\/tags\/847","collection":"https:\/\/heimathub.de\/data\/tribe\/events\/v1\/tags"}},{"name":"Frauengeschichte","slug":"frauengeschichte","term_group":0,"term_taxonomy_id":974,"taxonomy":"post_tag","description":"","parent":0,"count":3,"filter":"raw","term_order":"0","id":974,"urls":{"self":"https:\/\/heimathub.de\/data\/tribe\/events\/v1\/tags\/974","collection":"https:\/\/heimathub.de\/data\/tribe\/events\/v1\/tags"}}],"venue":{"id":17719,"author":"125","status":"publish","date":"2025-02-27 13:56:29","date_utc":"0000-00-00 00:00:00","modified":"2025-02-27 13:56:29","modified_utc":"0000-00-00 00:00:00","url":"https:\/\/heimathub.de\/veranstaltungsort\/foyer-des-sitzungssaal-gebaeudes\/","venue":"Foyer des Sitzungssaal-Geb\u00e4udes","slug":"foyer-des-sitzungssaal-gebaeudes","address":"Dalberstra\u00dfe 52","city":"Aschaffenburg","country":"Germany","province":"Bayern","zip":"63743","stateprovince":"Bayern","json_ld":{"@type":"Place","name":"Foyer des Sitzungssaal-Geb\u00e4udes","description":"","url":"","address":{"@type":"PostalAddress","streetAddress":"Dalberstra\u00dfe 52","addressLocality":"Aschaffenburg","addressRegion":"Bayern","postalCode":"63743","addressCountry":"Germany"},"telephone":"","sameAs":""},"show_map":true,"show_map_link":true,"global_id":"heimathub.de?id=17719","global_id_lineage":["heimathub.de?id=17719"]},"organizer":[{"id":12514,"author":"22","status":"publish","date":"2024-02-27 12:11:26","date_utc":"2024-02-27 11:11:26","modified":"2024-02-27 12:11:26","modified_utc":"2024-02-27 11:11:26","url":"https:\/\/heimathub.de\/veranstalter\/frauenmachengeschichte\/","organizer":"FrauenMachenGeschichte","slug":"frauenmachengeschichte","email":"magath@spessartprojekt.de","json_ld":{"@type":"Person","name":"FrauenMachenGeschichte","description":"","url":"","telephone":"","email":"maga&#116;&#104;&#64;s&#112;ess&#97;&#114;&#116;p&#114;&#111;j&#101;&#107;t&#46;de","sameAs":""},"global_id":"heimathub.de?id=12514","global_id_lineage":["heimathub.de?id=12514"]}],"custom_fields":[],"json_ld":{"@context":"http:\/\/schema.org","@type":"Event","name":"Enth\u00fcllung der Anna Lenich Ehrenplakette","description":"&lt;p&gt;&nbsp; Auftakt um 14:00 Uhr im Foyer des Sitzungssaal-Geb\u00e4udes, Dalberstra\u00dfe 52, Aschaffenburg Programm: Begr\u00fc\u00dfung und Vorstellung der Initiative FrauenMachenGeschichte (Dr. Anika Magath) Ansprache zu Anna Lenich als Gr\u00fcndungspr\u00e4sidentin des &quot;Vereins [&hellip;]&lt;\/p&gt;\\n","image":"https:\/\/heimathub.de\/wp-content\/uploads\/2025\/02\/Anna-Lenich_quadrat.jpg","url":"https:\/\/heimathub.de\/event\/enthuellung-der-anna-lenich-ehrenplakette\/","eventAttendanceMode":"https:\/\/schema.org\/OfflineEventAttendanceMode","eventStatus":"https:\/\/schema.org\/EventScheduled","startDate":"2025-03-16T14:00:00+01:00","endDate":"2025-03-16T16:00:00+01:00","location":{"@type":"Place","name":"Foyer des Sitzungssaal-Geb\u00e4udes","description":"","url":"","address":{"@type":"PostalAddress","streetAddress":"Dalberstra\u00dfe 52","addressLocality":"Aschaffenburg","addressRegion":"Bayern","postalCode":"63743","addressCountry":"Germany"},"telephone":"","sameAs":""},"organizer":{"@type":"Person","name":"FrauenMachenGeschichte","description":"","url":"","telephone":"","email":"m&#97;ga&#116;h&#64;&#115;pe&#115;sa&#114;&#116;proje&#107;t.de","sameAs":""},"performer":"Organization"},"ticketed":false}